{"id":36977,"date":"2025-08-18T19:30:03","date_gmt":"2025-08-18T17:30:03","guid":{"rendered":"https:\/\/www.czechcyclingfederation.com\/?p=36977"},"modified":"2025-08-18T19:30:06","modified_gmt":"2025-08-18T17:30:06","slug":"juniory-ceka-drahove-ms-medaile-visi-vysoko","status":"publish","type":"post","link":"https:\/\/www.czechcyclingfederation.com\/en\/juniory-ceka-drahove-ms-medaile-visi-vysoko\/","title":{"rendered":"Juniory \u010dek\u00e1 dr\u00e1hov\u00e9 MS, medaile vis\u00ed vysoko"},"content":{"rendered":"\n<p>P\u0159ed rokem trio \u010desk\u00fdch sprinter\u016f Kry\u0161tof Friedel, Jan Po\u0159\u00edzek a David Peterka vyhr\u00e1lo na sv\u011btov\u00e9m \u0161ampion\u00e1tu zlato v&nbsp;t\u00fdmov\u00e9m sprintu. Letos maj\u00ed \u010de\u0161t\u00ed dr\u00e1ha\u0159i o n\u011bco skromn\u011bj\u0161\u00ed ambice, na nadch\u00e1zej\u00edc\u00edm mistrovstv\u00ed sv\u011bta v&nbsp;nizozemsk\u00e9m Apeldoornu budou tren\u00e9\u0159i spokojeni s&nbsp;jak\u00fdmkoli um\u00edst\u011bn\u00edm v&nbsp;elitn\u00ed des\u00edtce pota\u017emo v&nbsp;top 5.<\/p>\n\n\n\n<p>Na tamn\u00ed dr\u00e1ze se p\u0159edstav\u00ed od st\u0159edy do ned\u011ble jeden\u00e1ct \u010desk\u00fdch nad\u011bj\u00ed, ale t\u0159eba sprinte\u0159i mezi nimi nejsou, pojedou v\u0161ak t\u0159i sprinterky. \u201e<em>Jsou mezi juniorkami prvn\u00edm rokem, tak\u017ee nic velk\u00e9ho asi nem\u016f\u017eeme o\u010dek\u00e1vat. Super by byla jak\u00e1koliv fin\u00e1lov\u00e1 \u00fa\u010dast,\u201c<\/em> \u0159\u00edk\u00e1 tren\u00e9r sprintu <strong>Zden\u011bk Nosek<\/strong>, kter\u00fd se z\u00e1vodnicemi ladil minul\u00fd t\u00fdden formu na dr\u00e1ze v\u00a0belgick\u00e9m Zolderu. A poukazuje na velmi \u00fazkou z\u00e1kladnu. <em>\u201eLo\u0148\u0161t\u00ed medailist\u00e9 jsou o kategorii v\u00fd\u0161e a nyn\u00ed m\u00e1me v\u00a0t\u00fdmu jen jednoho sprintera. Hled\u00e1me, ale nikdo se nehl\u00e1s\u00ed,\u201c<\/em> dodal Nosek.<\/p>\n\n\n\n<p><em>\u201eV\u017edycky se chceme pokusit o n\u011bjakou medaili. Ale p\u0159ihl\u00e1\u0161eni jsou dr\u00e1ha\u0159i ze 47 zem\u00ed, \u0161ampion\u00e1t je letos pln\u011b obsazen. To znamen\u00e1, \u017ee bude v\u00fdrazn\u011b t\u011b\u017e\u0161\u00ed kl\u00ed\u010d v\u016fbec k postupu do hlavn\u00edho z\u00e1vodu. Jak\u00fdkoliv v\u00fdsledek do top 5 by byl skv\u011bl\u00fd,\u201c<\/em> \u0159ekl mana\u017eer t\u00fdmu Luk\u00e1\u0161 Thun.<\/p>\n\n\n\n<p><em>\u201eMistrovstv\u00ed Evropy n\u00e1m n\u011bco uk\u00e1zalo, nyn\u00ed jsme t\u00fdm roz\u0161\u00ed\u0159ili o dva z\u00e1vodn\u00edky. Proto nikdo nepojede hodn\u011b discipl\u00edn, m\u016f\u017eeme proto\u010dit cel\u00fd vyrovnan\u00fd t\u00fdm a ka\u017ed\u00fd pojede maxim\u00e1ln\u011b dv\u011b discipl\u00edny,\u201c <\/em>podotkl k\u00a0vytrvalc\u016fm Thun a pouk\u00e1zal na skute\u010dnost, \u017ee Kub\u011bna, N\u011bmcov\u00e1 a Kr\u00e1tk\u00e1 jsou v\u00a0t\u00e9to kategorii prvn\u00edm rokem.<\/p>\n\n\n\n<p class=\"has-medium-font-size\"><strong>Nominace reprezentace \u010cR<\/strong><\/p>\n\n\n\n<p><strong>Junio\u0159i:<\/strong> Filip Richter (vylu\u010dovac\u00ed z\u00e1vod, scratch), Albert Rauschert (st\u00edhac\u00ed z\u00e1vod, madison), Tom\u00e1\u0161 Vr\u00e1na (madison, omnium), Daniel Kub\u011bna (bodovac\u00ed z\u00e1vod).<\/p>\n\n\n\n<p><strong>Juniorky:<\/strong> Be\u00e1ta Hermanov\u00e1 (vylu\u010dovac\u00ed z\u00e1vod, madison), Nat\u00e1lie N\u011bmcov\u00e1 (st\u00edhac\u00ed z\u00e1vod, bodovac\u00ed z\u00e1vod), Vendula Strakat\u00e1 (madison, omnium), Zuzana Kr\u00e1tk\u00e1 (scratch), Krist\u00fdna K\u0159upalov\u00e1 (keirin, sprint, t\u00fdmov\u00fd sprint, 1 km s pevn\u00fdm startem), Kate\u0159ina Fojt\u016f (sprint, t\u00fdmov\u00fd sprint, 1 km s pevn\u00fdm startem), Ema Bene\u0161ov\u00e1 (sprint, t\u00fdmov\u00fd sprint).<\/p>\n\n\n\n<p>Foto: Luk\u00e1\u0161 Thun<\/p>\n\n\n\n<p><\/p>\n","protected":false},"excerpt":{"rendered":"<p>P\u0159ed rokem trio \u010desk\u00fdch sprinter\u016f Kry\u0161tof Friedel, Jan Po\u0159\u00edzek a David Peterka vyhr\u00e1lo na sv\u011btov\u00e9m \u0161ampion\u00e1tu zlato v&nbsp;t\u00fdmov\u00e9m sprintu. Letos maj\u00ed \u010de\u0161t\u00ed dr\u00e1ha\u0159i o n\u011bco skromn\u011bj\u0161\u00ed ambice, na nadch\u00e1zej\u00edc\u00edm mistrovstv\u00ed sv\u011bta v&nbsp;nizozemsk\u00e9m Apeldoornu budou tren\u00e9\u0159i spokojeni s&nbsp;jak\u00fdmkoli um\u00edst\u011bn\u00edm v&nbsp;elitn\u00ed des\u00edtce pota\u017emo v&nbsp;top 5. Na tamn\u00ed dr\u00e1ze se p\u0159edstav\u00ed od st\u0159edy do ned\u011ble jeden\u00e1ct \u010desk\u00fdch nad\u011bj\u00ed, [&hellip;]<\/p>\n","protected":false},"author":8,"featured_media":36978,"comment_status":"closed","ping_status":"open","sticky":false,"template":"","format":"standard","meta":{"footnotes":""},"categories":[54,2],"tags":[9],"class_list":["post-36977","post","type-post","status-publish","format-standard","has-post-thumbnail","hentry","category-draha","category-novinky","tag-draha"],"_links":{"self":[{"href":"https:\/\/www.czechcyclingfederation.com\/en\/wp-json\/wp\/v2\/posts\/36977","targetHints":{"allow":["GET"]}}],"collection":[{"href":"https:\/\/www.czechcyclingfederation.com\/en\/wp-json\/wp\/v2\/posts"}],"about":[{"href":"https:\/\/www.czechcyclingfederation.com\/en\/wp-json\/wp\/v2\/types\/post"}],"author":[{"embeddable":true,"href":"https:\/\/www.czechcyclingfederation.com\/en\/wp-json\/wp\/v2\/users\/8"}],"replies":[{"embeddable":true,"href":"https:\/\/www.czechcyclingfederation.com\/en\/wp-json\/wp\/v2\/comments?post=36977"}],"version-history":[{"count":1,"href":"https:\/\/www.czechcyclingfederation.com\/en\/wp-json\/wp\/v2\/posts\/36977\/revisions"}],"predecessor-version":[{"id":36980,"href":"https:\/\/www.czechcyclingfederation.com\/en\/wp-json\/wp\/v2\/posts\/36977\/revisions\/36980"}],"wp:featuredmedia":[{"embeddable":true,"href":"https:\/\/www.czechcyclingfederation.com\/en\/wp-json\/wp\/v2\/media\/36978"}],"wp:attachment":[{"href":"https:\/\/www.czechcyclingfederation.com\/en\/wp-json\/wp\/v2\/media?parent=36977"}],"wp:term":[{"taxonomy":"category","embeddable":true,"href":"https:\/\/www.czechcyclingfederation.com\/en\/wp-json\/wp\/v2\/categories?post=36977"},{"taxonomy":"post_tag","embeddable":true,"href":"https:\/\/www.czechcyclingfederation.com\/en\/wp-json\/wp\/v2\/tags?post=36977"}],"curies":[{"name":"wp","href":"https:\/\/api.w.org\/{rel}","templated":true}]}}