{"id":36958,"date":"2025-08-17T21:04:52","date_gmt":"2025-08-17T19:04:52","guid":{"rendered":"https:\/\/www.czechcyclingfederation.com\/?p=36958"},"modified":"2025-08-17T21:04:55","modified_gmt":"2025-08-17T19:04:55","slug":"belgican-lecerf-vitezem-czech-tour-pridal-na-pustevnach-ctvrty","status":"publish","type":"post","link":"https:\/\/www.czechcyclingfederation.com\/en\/belgican-lecerf-vitezem-czech-tour-pridal-na-pustevnach-ctvrty\/","title":{"rendered":"Belgi\u010dan Lecerf v\u00edt\u011bzem Czech Tour, P\u0159idal na Pustevn\u00e1ch \u010dtvrt\u00fd"},"content":{"rendered":"\n<p>Belgi\u010dan <strong>Junior Lecerf <\/strong>je v\u00edt\u011bzem Czech Tour 2025. Dvaadvacetilet\u00fd z\u00e1vodn\u00edk formace Soudal Quick-Step ve strhuj\u00edc\u00edm fini\u0161i \u010dtvrt\u00e9 etapy sedmn\u00e1ct\u00e9ho ro\u010dn\u00edku smazal manko na nejv\u011bt\u0161\u00edho rivala <strong>Ciana Uijtdebroekse<\/strong> z\u00a0Visma Lease a\u00a0Bike a\u00a0o sedm sekund ovl\u00e1dl celkovou klasifikaci.<\/p>\n\n\n\n<figure class=\"wp-block-image size-large\"><img loading=\"lazy\" decoding=\"async\" width=\"1024\" height=\"682\" src=\"https:\/\/www.czechcyclingfederation.com\/wp-content\/uploads\/2025\/08\/belgicky-vitez-1024x682.jpg\" alt=\"\" class=\"wp-image-36963\" srcset=\"https:\/\/www.czechcyclingfederation.com\/wp-content\/uploads\/2025\/08\/belgicky-vitez-1024x682.jpg 1024w, https:\/\/www.czechcyclingfederation.com\/wp-content\/uploads\/2025\/08\/belgicky-vitez-300x200.jpg 300w, https:\/\/www.czechcyclingfederation.com\/wp-content\/uploads\/2025\/08\/belgicky-vitez-768x512.jpg 768w, https:\/\/www.czechcyclingfederation.com\/wp-content\/uploads\/2025\/08\/belgicky-vitez-1536x1023.jpg 1536w, https:\/\/www.czechcyclingfederation.com\/wp-content\/uploads\/2025\/08\/belgicky-vitez-1320x879.jpg 1320w, https:\/\/www.czechcyclingfederation.com\/wp-content\/uploads\/2025\/08\/belgicky-vitez.jpg 2048w\" sizes=\"auto, (max-width: 1024px) 100vw, 1024px\" \/><\/figure>\n\n\n\n<p>V\u00a0kr\u00e1lovsk\u00e9 etap\u011b s\u00a0c\u00edlem na Pustevn\u00e1ch prok\u00e1zal sv\u00e9 vrcha\u0159sk\u00e9 p\u0159ednosti <strong>Tom\u00e1\u0161 P\u0159idal<\/strong> z\u00a0Elkov Kasper, kter\u00fd skon\u010dil \u010dtvrt\u00fd ve stejn\u00e9m \u010dase jako v\u00edt\u011bz. P\u0159idal byl i nejlep\u0161\u00edm \u010cechem celkov\u00e9ho po\u0159ad\u00ed, kdy\u017e nakonec obsadil 16. m\u00edsto.<\/p>\n\n\n\n<figure class=\"wp-block-image size-large\"><img loading=\"lazy\" decoding=\"async\" width=\"1024\" height=\"682\" src=\"https:\/\/www.czechcyclingfederation.com\/wp-content\/uploads\/2025\/08\/pridal-1024x682.jpg\" alt=\"\" class=\"wp-image-36965\" srcset=\"https:\/\/www.czechcyclingfederation.com\/wp-content\/uploads\/2025\/08\/pridal-1024x682.jpg 1024w, https:\/\/www.czechcyclingfederation.com\/wp-content\/uploads\/2025\/08\/pridal-300x200.jpg 300w, https:\/\/www.czechcyclingfederation.com\/wp-content\/uploads\/2025\/08\/pridal-768x512.jpg 768w, https:\/\/www.czechcyclingfederation.com\/wp-content\/uploads\/2025\/08\/pridal-1536x1023.jpg 1536w, https:\/\/www.czechcyclingfederation.com\/wp-content\/uploads\/2025\/08\/pridal-1320x879.jpg 1320w, https:\/\/www.czechcyclingfederation.com\/wp-content\/uploads\/2025\/08\/pridal.jpg 2048w\" sizes=\"auto, (max-width: 1024px) 100vw, 1024px\" \/><\/figure>\n\n\n\n<p><em>\u201eJsem \u0161\u0165astn\u00fd. Z\u00e1v\u011br byl d\u011bsiv\u011b t\u011b\u017ek\u00fd. Musel jsem si vystoupit z tempa, kter\u00e9 nasadil Cian, proto\u017ee bych vybouchl. Ale nakonec jsme se dok\u00e1zali vr\u00e1tit a na konci jsem hr\u00e1l jako v pokeru all in,\u201c<\/em> sm\u00e1l se belgick\u00fd v\u00edt\u011bz.<\/p>\n\n\n\n<figure class=\"wp-block-image size-large\"><img loading=\"lazy\" decoding=\"async\" width=\"1024\" height=\"682\" src=\"https:\/\/www.czechcyclingfederation.com\/wp-content\/uploads\/2025\/08\/visma-1024x682.jpg\" alt=\"\" class=\"wp-image-36967\" srcset=\"https:\/\/www.czechcyclingfederation.com\/wp-content\/uploads\/2025\/08\/visma-1024x682.jpg 1024w, https:\/\/www.czechcyclingfederation.com\/wp-content\/uploads\/2025\/08\/visma-300x200.jpg 300w, https:\/\/www.czechcyclingfederation.com\/wp-content\/uploads\/2025\/08\/visma-768x512.jpg 768w, https:\/\/www.czechcyclingfederation.com\/wp-content\/uploads\/2025\/08\/visma-1536x1023.jpg 1536w, https:\/\/www.czechcyclingfederation.com\/wp-content\/uploads\/2025\/08\/visma-1320x879.jpg 1320w, https:\/\/www.czechcyclingfederation.com\/wp-content\/uploads\/2025\/08\/visma.jpg 2048w\" sizes=\"auto, (max-width: 1024px) 100vw, 1024px\" \/><\/figure>\n\n\n\n<p>Kl\u00ed\u010d k v\u00edt\u011bzstv\u00ed polo\u017eil triumfem v druh\u00e9 etap\u011b, kdy p\u0159i v\u00fdstupu na Dlouh\u00e9 str\u00e1n\u011b t\u011b\u017eil ze zku\u0161enosti z\u00edskan\u00e9 p\u0159i dvou startech v Z\u00e1vodu m\u00edru a \u00fatokem p\u0159ed posledn\u00ed zat\u00e1\u010dkou rozhodl o d\u00edl\u010d\u00edm triumfu. Do z\u00e1v\u011bre\u010dn\u00e9ho dne vstupoval s n\u00e1skokem \u010dty\u0159 sekund na Alessandra Fancella z japonsk\u00e9 formace Ukyo a favorizovan\u00e9ho krajana Ciana Uijtdebroekse z Visma Lease a Bike, kter\u00fd ztr\u00e1cel dev\u011bt sekund.<\/p>\n\n\n\n<p>Etapa startuj\u00edc\u00ed z Krom\u011b\u0159\u00ed\u017ee m\u011b\u0159ila 179 kilometr\u016f a p\u0159ev\u00fd\u0161en\u00ed 2975 v\u00fd\u0161kov\u00fdch metr\u016f zajistil hlavn\u011b z\u00e1v\u011bre\u010dn\u00fd dvoj\u00ed v\u00fdstup na Pustevny, kter\u00e9 byly v oble\u017een\u00ed stovek fanou\u0161k\u016f.<\/p>\n\n\n\n<figure class=\"wp-block-image size-large\"><img loading=\"lazy\" decoding=\"async\" width=\"1024\" height=\"682\" src=\"https:\/\/www.czechcyclingfederation.com\/wp-content\/uploads\/2025\/08\/czech-2-1024x682.jpg\" alt=\"\" class=\"wp-image-36969\" srcset=\"https:\/\/www.czechcyclingfederation.com\/wp-content\/uploads\/2025\/08\/czech-2-1024x682.jpg 1024w, https:\/\/www.czechcyclingfederation.com\/wp-content\/uploads\/2025\/08\/czech-2-300x200.jpg 300w, https:\/\/www.czechcyclingfederation.com\/wp-content\/uploads\/2025\/08\/czech-2-768x512.jpg 768w, https:\/\/www.czechcyclingfederation.com\/wp-content\/uploads\/2025\/08\/czech-2-1536x1023.jpg 1536w, https:\/\/www.czechcyclingfederation.com\/wp-content\/uploads\/2025\/08\/czech-2-1320x879.jpg 1320w, https:\/\/www.czechcyclingfederation.com\/wp-content\/uploads\/2025\/08\/czech-2.jpg 2048w\" sizes=\"auto, (max-width: 1024px) 100vw, 1024px\" \/><\/figure>\n\n\n\n<p>P\u0159i fin\u00e1ln\u00edm v\u00fdstupu Visma Lease a Bike stup\u0148ovala tempo pro sv\u00e9ho l\u00eddra, jemu\u017e se na zadn\u00edm kole dr\u017eel jako p\u0159ilepen\u00fd Junior Lecerf. Je\u0161t\u011b p\u0159ed polovinou \u0161est kilometr\u016f dlouh\u00e9ho stoup\u00e1n\u00ed Cian Uijtdebroeks za\u00fato\u010dil a soupe\u0159e set\u0159\u00e1sl. Vytvo\u0159il si n\u00e1skok, kter\u00fd mu garantoval v sou\u010dtu s bonifikac\u00ed \u017elut\u00fd dres pro celkov\u00e9ho v\u00edt\u011bze z\u00e1vodu.<\/p>\n\n\n\n<p>Jen\u017ee v z\u00e1v\u011bre\u010dn\u00fdch stovk\u00e1ch metr\u016f pron\u00e1sleduj\u00edc\u00ed Lecerf s Fancellem uk\u00e1zkovou prac\u00ed z\u00edskali s l\u00eddrem etapy vizu\u00e1ln\u00ed kontakt. A zat\u00edmco Uijtdebroeks s p\u0159\u00edjezdem na c\u00edlovou \u010d\u00e1ru vadnul, za n\u00edm se zrychlovalo. Etapov\u00fd triumf nakonec slavil N\u011bmec Jannis Peter z t\u00fdmu Vorarlberg a v bitv\u011b belgick\u00fdch mlad\u00edk\u016f sice Uijtdebroeks uh\u00e1jil druh\u00e9 m\u00edsto v etap\u011b, celkov\u00fd triumf v\u0161ak shr\u00e1bl jeho krajan Junior Lecerf.<\/p>\n\n\n\n<figure class=\"wp-block-image size-large\"><img loading=\"lazy\" decoding=\"async\" width=\"1024\" height=\"682\" src=\"https:\/\/www.czechcyclingfederation.com\/wp-content\/uploads\/2025\/08\/czech-4-1024x682.jpg\" alt=\"\" class=\"wp-image-36971\" srcset=\"https:\/\/www.czechcyclingfederation.com\/wp-content\/uploads\/2025\/08\/czech-4-1024x682.jpg 1024w, https:\/\/www.czechcyclingfederation.com\/wp-content\/uploads\/2025\/08\/czech-4-300x200.jpg 300w, https:\/\/www.czechcyclingfederation.com\/wp-content\/uploads\/2025\/08\/czech-4-768x512.jpg 768w, https:\/\/www.czechcyclingfederation.com\/wp-content\/uploads\/2025\/08\/czech-4-1536x1023.jpg 1536w, https:\/\/www.czechcyclingfederation.com\/wp-content\/uploads\/2025\/08\/czech-4-1320x879.jpg 1320w, https:\/\/www.czechcyclingfederation.com\/wp-content\/uploads\/2025\/08\/czech-4.jpg 2048w\" sizes=\"auto, (max-width: 1024px) 100vw, 1024px\" \/><\/figure>\n\n\n\n<p><em>\u201eUd\u011blal jsem v\u0161echno podle pl\u00e1nu. Jako t\u00fdm jsme odvedli perfektn\u00ed pr\u00e1ci. Asi bych pot\u0159eboval del\u0161\u00ed kopec, abych najel pot\u0159ebn\u00fd \u010das. Ka\u017edop\u00e1dn\u011b jsem cht\u011bl jet ofenzivn\u011b, co\u017e jsem naplnil. A mus\u00edm vyzdvihnout i soupe\u0159e,\u201c<\/em> \u0159ekl Uijtdebroeks.<\/p>\n\n\n\n<p><em>\u201eI kdy\u017e jsem musel zvolnit, po\u0159\u00e1d jsem se sna\u017eil, aby odstup p\u0159\u00edli\u0161 nenarostl. Kdy\u017e jsem Ciana uvid\u011bl, dal jsem do toho v\u0161echno a za\u010dal spurtovat, abych eliminoval ztr\u00e1tu. Je to n\u00e1dhera,&#8221;<\/em> rozpl\u00fdval se z\u00e1vodn\u00edk formace Soudal Quick Step, kter\u00fd z\u00edskal i zelen\u00fd trikot pro v\u00edt\u011bze bodovac\u00ed sout\u011b\u017ee.<\/p>\n\n\n\n<figure class=\"wp-block-image size-large\"><img loading=\"lazy\" decoding=\"async\" width=\"1024\" height=\"682\" src=\"https:\/\/www.czechcyclingfederation.com\/wp-content\/uploads\/2025\/08\/tri-nej-1024x682.jpg\" alt=\"\" class=\"wp-image-36973\" srcset=\"https:\/\/www.czechcyclingfederation.com\/wp-content\/uploads\/2025\/08\/tri-nej-1024x682.jpg 1024w, https:\/\/www.czechcyclingfederation.com\/wp-content\/uploads\/2025\/08\/tri-nej-300x200.jpg 300w, https:\/\/www.czechcyclingfederation.com\/wp-content\/uploads\/2025\/08\/tri-nej-768x512.jpg 768w, https:\/\/www.czechcyclingfederation.com\/wp-content\/uploads\/2025\/08\/tri-nej-1536x1023.jpg 1536w, https:\/\/www.czechcyclingfederation.com\/wp-content\/uploads\/2025\/08\/tri-nej-1320x879.jpg 1320w, https:\/\/www.czechcyclingfederation.com\/wp-content\/uploads\/2025\/08\/tri-nej.jpg 2048w\" sizes=\"auto, (max-width: 1024px) 100vw, 1024px\" \/><\/figure>\n\n\n\n<p>V\u00edt\u011bzem vrcha\u0159sk\u00e9 sout\u011b\u017ee je Ital Nicolo Garibbo z japonsk\u00e9 sestavy Ukyo a nejlep\u0161\u00edm t\u00fdmem Red Bull &#8211; BORA &#8211; hansgrohe Rookies.<\/p>\n\n\n\n<p><strong>Kone\u010dn\u00e9 po\u0159ad\u00ed:<\/strong>&nbsp;1. Lecerf (Belg.\/Soudal Quick-Step) 15:55:41, 2. Uijtdebroeks (Belg.\/Visma Lease a Bike) +7, 3. Fancellu (It.\/UKYO) +8, 4. Peter (N\u011bm.\/Vorlarlberg) +26, 5. Umba (Kol.\/XDS Astana Development Team), 6. Quartucci (It.\/Solution Tech-Vini Fantini) oba +36,<strong><em>&nbsp;&#8230; <\/em>16. P\u0159idal <\/strong>(Elkov Kasper) +1:41,<strong> 24. B\u00e1rta <\/strong>(ATT Investments) +3:33,<strong> 30. Schlegel <\/strong>(Elkov Kasper) +6:17, <strong>31. Kukrle <\/strong>+6:43, <strong>37. Neuman<\/strong> (oba ATT Investments) +8:52.<\/p>\n\n\n\n<p>Foto: Mark\u00e9ta Navr\u00e1tilov\u00e1, Jan Brychta<\/p>\n","protected":false},"excerpt":{"rendered":"<p>Belgi\u010dan Junior Lecerf je v\u00edt\u011bzem Czech Tour 2025. Dvaadvacetilet\u00fd z\u00e1vodn\u00edk formace Soudal Quick-Step ve strhuj\u00edc\u00edm fini\u0161i \u010dtvrt\u00e9 etapy sedmn\u00e1ct\u00e9ho ro\u010dn\u00edku smazal manko na nejv\u011bt\u0161\u00edho rivala Ciana Uijtdebroekse z\u00a0Visma Lease a\u00a0Bike a\u00a0o sedm sekund ovl\u00e1dl celkovou klasifikaci. V\u00a0kr\u00e1lovsk\u00e9 etap\u011b s\u00a0c\u00edlem na Pustevn\u00e1ch prok\u00e1zal sv\u00e9 vrcha\u0159sk\u00e9 p\u0159ednosti Tom\u00e1\u0161 P\u0159idal z\u00a0Elkov Kasper, kter\u00fd skon\u010dil \u010dtvrt\u00fd ve stejn\u00e9m \u010dase [&hellip;]<\/p>\n","protected":false},"author":15,"featured_media":36959,"comment_status":"closed","ping_status":"open","sticky":false,"template":"","format":"standard","meta":{"footnotes":""},"categories":[2,18],"tags":[11],"class_list":["post-36958","post","type-post","status-publish","format-standard","has-post-thumbnail","hentry","category-novinky","category-silnice","tag-silnice"],"_links":{"self":[{"href":"https:\/\/www.czechcyclingfederation.com\/en\/wp-json\/wp\/v2\/posts\/36958","targetHints":{"allow":["GET"]}}],"collection":[{"href":"https:\/\/www.czechcyclingfederation.com\/en\/wp-json\/wp\/v2\/posts"}],"about":[{"href":"https:\/\/www.czechcyclingfederation.com\/en\/wp-json\/wp\/v2\/types\/post"}],"author":[{"embeddable":true,"href":"https:\/\/www.czechcyclingfederation.com\/en\/wp-json\/wp\/v2\/users\/15"}],"replies":[{"embeddable":true,"href":"https:\/\/www.czechcyclingfederation.com\/en\/wp-json\/wp\/v2\/comments?post=36958"}],"version-history":[{"count":4,"href":"https:\/\/www.czechcyclingfederation.com\/en\/wp-json\/wp\/v2\/posts\/36958\/revisions"}],"predecessor-version":[{"id":36976,"href":"https:\/\/www.czechcyclingfederation.com\/en\/wp-json\/wp\/v2\/posts\/36958\/revisions\/36976"}],"wp:featuredmedia":[{"embeddable":true,"href":"https:\/\/www.czechcyclingfederation.com\/en\/wp-json\/wp\/v2\/media\/36959"}],"wp:attachment":[{"href":"https:\/\/www.czechcyclingfederation.com\/en\/wp-json\/wp\/v2\/media?parent=36958"}],"wp:term":[{"taxonomy":"category","embeddable":true,"href":"https:\/\/www.czechcyclingfederation.com\/en\/wp-json\/wp\/v2\/categories?post=36958"},{"taxonomy":"post_tag","embeddable":true,"href":"https:\/\/www.czechcyclingfederation.com\/en\/wp-json\/wp\/v2\/tags?post=36958"}],"curies":[{"name":"wp","href":"https:\/\/api.w.org\/{rel}","templated":true}]}}