{"id":36944,"date":"2025-08-16T18:47:02","date_gmt":"2025-08-16T16:47:02","guid":{"rendered":"https:\/\/www.czechcyclingfederation.com\/?p=36944"},"modified":"2025-08-16T18:49:17","modified_gmt":"2025-08-16T16:49:17","slug":"australan-v-ostrave-sokoval-favority","status":"publish","type":"post","link":"https:\/\/www.czechcyclingfederation.com\/en\/australan-v-ostrave-sokoval-favority\/","title":{"rendered":"Australan v Ostrav\u011b \u0161okoval favority"},"content":{"rendered":"\n<p><strong>\u0160ok za\u017eila Czech Tour 2025 p\u0159i dojezdu sobotn\u00ed t\u0159et\u00ed etapy. P\u0159i hromadn\u00e9m spurtu v\u00a0Ostrav\u011b poko\u0159il v\u0161echny favority Liam Walsh, \u010dty\u0159iadvacetilet\u00fd australsk\u00fd mlad\u00edk formace Ccache x Bodywrap. V\u00a0\u010dele pr\u016fb\u011b\u017en\u00e9ho po\u0159ad\u00ed p\u0159ed posledn\u00ed ned\u011bln\u00ed etapou s\u00a0dojezdem na Pustevny z\u016fst\u00e1v\u00e1 Junior Lecerf z\u00a0formace Soudal Quick Step.<\/strong><\/p>\n\n\n\n<p>&#8220;Jsem velmi hrd\u00fd na cel\u00fd t\u00fdm, proto\u017ee pro n\u00e1s jde teprve o\u00a0druh\u00fd start na Czech Tour v\u00a0historii. Jsme mlad\u00fd t\u00fdm. A\u00a0tohle je z\u00a0na\u0161eho pohledu hodn\u011b presti\u017en\u00ed z\u00e1vod, skv\u011ble obsazen\u00fd. Jsem neskute\u010dn\u011b \u0161\u0165astn\u00fd,&#8221; \u0159\u00edkal v\u00a0c\u00edli Liam Walsh.<\/p>\n\n\n\n<p>V&nbsp;\u00favodu etapy z&nbsp;Prost\u011bjova do Ostravy dlouh\u00e9 148 kilometr\u016f s&nbsp;p\u0159ev\u00fd\u0161en\u00edm 1208 metr\u016f se svedla velk\u00e1 bitva o&nbsp;\u00fanik, do n\u011bho\u017e se nepoda\u0159ilo nasko\u010dit z\u00e1stupci \u017e\u00e1dn\u00e9mu z&nbsp;\u010desk\u00fdch t\u00fdm\u016f. Kl\u00ed\u010dovou postavou skupiny p\u011bti jezdc\u016f bojuj\u00edc\u00edch p\u0159ed pelotonem byl Nicolo Garibbo z&nbsp;japonsk\u00e9 formace Ukyo, kter\u00fd prahnul po bodech do vrcha\u0159sk\u00e9 sout\u011b\u017ee. Vrcha\u0159skou pr\u00e9mii Odry t\u011bsn\u011b ovl\u00e1dl a&nbsp;pos\u00edlil veden\u00ed v&nbsp;sout\u011b\u017ei o&nbsp;punt\u00edkat\u00fd trikot.<\/p>\n\n\n\n<figure class=\"wp-block-image\"><img decoding=\"async\" src=\"https:\/\/www.czechtour.com\/files\/2025\/08\/dsc_6822.JPG\" alt=\"\"\/><\/figure>\n\n\n\n<p>I\u00a0p\u0159es urputnou snahu uprchl\u00edci ztr\u00e1celi n\u00e1skok. V\u00a0z\u00e1v\u011bru se pokusil nizozemsk\u00fd z\u00e1vodn\u00edk Loic Bettendorff z\u00a0t\u00fdmu Hrinkow Advarics zasko\u010dit soupe\u0159e n\u00e1stupem jeden\u00e1ct kilometr\u016f p\u0159ed c\u00edlem. P\u0159esto\u017ee si vytvo\u0159il p\u011btadvacet sekund n\u00e1skok, t\u00fdm Soudal Quick-Step dr\u017e\u00edc\u00ed \u017elut\u00fd trikot l\u00eddra sout\u011b\u017ee i\u00a0sprintersk\u00fd dres vystup\u0148oval tempo a\u00a0p\u011bt kilometr\u016f p\u0159ed c\u00edlem byl peloton kompletn\u00ed. Bitva sprinter\u016f mohla za\u010d\u00edt.<\/p>\n\n\n\n<p>Zapln\u011bn\u00e9 Masarykovo n\u00e1m\u011bst\u00ed v\u00a0Ostrav\u011b vid\u011blo precizn\u00ed pr\u00e1ci elitn\u00ed sestavy Soudal Quick-Step, kter\u00e1 p\u0159ipravila dokonalou pozici pro Luka Lampertiho, jen\u017e spurt v\u00a0Ostrav\u011b ovl\u00e1dl minul\u00fd rok. V\u00edt\u011bz \u00favodn\u00edho d\u011bjstv\u00ed vstupoval do rozhoduj\u00edc\u00ed f\u00e1ze z\u00a0prvn\u00ed pozice, jen\u017ee z\u00a0h\u00e1ku se mu po lev\u00e9 ruce vyvezl australsk\u00fd mlad\u00edk Liam Walsh.<\/p>\n\n\n\n<figure class=\"wp-block-image\"><img decoding=\"async\" src=\"https:\/\/www.czechtour.com\/files\/2025\/08\/czech-tour1105264-1.jpg\" alt=\"\"\/><\/figure>\n\n\n\n<p>A&nbsp;zat\u00edmco dvaadvacetilet\u00fd Ameri\u010dan v&nbsp;zelen\u00e9m trikotu pr\u016fb\u011b\u017en\u00e9ho l\u00eddra sprintersk\u00e9 sout\u011b\u017ee bojoval o&nbsp;druh\u00e9 v\u00edt\u011bzstv\u00ed v&nbsp;leto\u0161n\u00edm ro\u010dn\u00edku ze sedla, o&nbsp;dva roky star\u0161\u00ed Australan z\u016fstal v&nbsp;sedle, co\u017e na kostkov\u00e9m dojezdu bylo rozhoduj\u00edc\u00ed. Lamperti nedok\u00e1zal na poskakuj\u00edc\u00edm kole efektivn\u011b p\u0159en\u00e9st pot\u0159ebnou s\u00edlu do ped\u00e1l\u016f a&nbsp;nev\u011b\u0159\u00edcn\u011b z\u00edral, jak se kolem n\u011bj prohnal nezn\u00e1m\u00fd Liam Walsh.<\/p>\n\n\n\n<p>&#8220;Kluci m\u011b perfektn\u011b ochra\u0148ovali. Zajistili mi v&nbsp;hork\u00e9m po\u010das\u00ed dostate\u010dn\u00fd p\u0159\u00edsun vody. Vstupoval jsem do sprintu sv\u011b\u017e\u00ed,&#8221; d\u011bkoval rod\u00e1k z&nbsp;Brisbane, kdy\u017e si vychutnal ovace zapln\u011bn\u00e9ho n\u00e1m\u011bst\u00ed po slavnostn\u00edm vyhl\u00e1\u0161en\u00ed. &#8220;Je to moje druh\u00e9 v\u00edt\u011bzstv\u00ed v&nbsp;Evrop\u011b, ale rozhodn\u011b nejv\u011bt\u0161\u00ed v&nbsp;moj\u00ed kari\u00e9\u0159e. Minul\u00fd rok jsem ovl\u00e1dl jednor\u00e1zovku Pa\u0159\u00ed\u017e-Troyes, ale tohle je prost\u011b triumf ve v\u011bt\u0161\u00ed konkurenci. Jde o&nbsp;v\u011bt\u0161\u00ed z\u00e1vod.&#8221;<\/p>\n\n\n\n<p>Leto\u0161n\u00ed ro\u010dn\u00edk Czech Tour v&nbsp;ned\u011bli uzav\u0159e kr\u00e1lovsk\u00e1 \u010dtvrt\u00e1 etapa. Peloton se p\u0159i n\u00ed vyd\u00e1 z&nbsp;Krom\u011b\u0159\u00ed\u017ee na vyhl\u00e1\u0161en\u00e9 stoup\u00e1n\u00ed na beskydsk\u00e9 Pustevny, kter\u00e9 jezdci zdolaj\u00ed v&nbsp;dramatick\u00e9m fin\u00e1le z\u00e1vodu hned dvakr\u00e1t.<\/p>\n","protected":false},"excerpt":{"rendered":"<p>\u0160ok za\u017eila Czech Tour 2025 p\u0159i dojezdu sobotn\u00ed t\u0159et\u00ed etapy. P\u0159i hromadn\u00e9m spurtu v\u00a0Ostrav\u011b poko\u0159il v\u0161echny favority Liam Walsh, \u010dty\u0159iadvacetilet\u00fd australsk\u00fd mlad\u00edk formace Ccache x Bodywrap. V\u00a0\u010dele pr\u016fb\u011b\u017en\u00e9ho po\u0159ad\u00ed p\u0159ed posledn\u00ed ned\u011bln\u00ed etapou s\u00a0dojezdem na Pustevny z\u016fst\u00e1v\u00e1 Junior Lecerf z\u00a0formace Soudal Quick Step. &#8220;Jsem velmi hrd\u00fd na cel\u00fd t\u00fdm, proto\u017ee pro n\u00e1s jde teprve o\u00a0druh\u00fd [&hellip;]<\/p>\n","protected":false},"author":30,"featured_media":36948,"comment_status":"closed","ping_status":"open","sticky":false,"template":"","format":"standard","meta":{"footnotes":""},"categories":[2,46,1],"tags":[11],"class_list":["post-36944","post","type-post","status-publish","format-standard","has-post-thumbnail","hentry","category-novinky","category-novinky-sportovni-centra","category-uncategorized-cs","tag-silnice"],"_links":{"self":[{"href":"https:\/\/www.czechcyclingfederation.com\/en\/wp-json\/wp\/v2\/posts\/36944","targetHints":{"allow":["GET"]}}],"collection":[{"href":"https:\/\/www.czechcyclingfederation.com\/en\/wp-json\/wp\/v2\/posts"}],"about":[{"href":"https:\/\/www.czechcyclingfederation.com\/en\/wp-json\/wp\/v2\/types\/post"}],"author":[{"embeddable":true,"href":"https:\/\/www.czechcyclingfederation.com\/en\/wp-json\/wp\/v2\/users\/30"}],"replies":[{"embeddable":true,"href":"https:\/\/www.czechcyclingfederation.com\/en\/wp-json\/wp\/v2\/comments?post=36944"}],"version-history":[{"count":4,"href":"https:\/\/www.czechcyclingfederation.com\/en\/wp-json\/wp\/v2\/posts\/36944\/revisions"}],"predecessor-version":[{"id":36957,"href":"https:\/\/www.czechcyclingfederation.com\/en\/wp-json\/wp\/v2\/posts\/36944\/revisions\/36957"}],"wp:featuredmedia":[{"embeddable":true,"href":"https:\/\/www.czechcyclingfederation.com\/en\/wp-json\/wp\/v2\/media\/36948"}],"wp:attachment":[{"href":"https:\/\/www.czechcyclingfederation.com\/en\/wp-json\/wp\/v2\/media?parent=36944"}],"wp:term":[{"taxonomy":"category","embeddable":true,"href":"https:\/\/www.czechcyclingfederation.com\/en\/wp-json\/wp\/v2\/categories?post=36944"},{"taxonomy":"post_tag","embeddable":true,"href":"https:\/\/www.czechcyclingfederation.com\/en\/wp-json\/wp\/v2\/tags?post=36944"}],"curies":[{"name":"wp","href":"https:\/\/api.w.org\/{rel}","templated":true}]}}