{"id":36919,"date":"2025-08-16T07:32:42","date_gmt":"2025-08-16T05:32:42","guid":{"rendered":"https:\/\/www.czechcyclingfederation.com\/?p=36919"},"modified":"2025-08-16T07:32:44","modified_gmt":"2025-08-16T05:32:44","slug":"dlouhe-strane-ovladl-belgican-lecerf","status":"publish","type":"post","link":"https:\/\/www.czechcyclingfederation.com\/en\/dlouhe-strane-ovladl-belgican-lecerf\/","title":{"rendered":"Dlouh\u00e9 str\u00e1n\u011b ovl\u00e1dl Belgi\u010dan Lecerf"},"content":{"rendered":"\n<p><strong>T\u00fdm Soudal Quick Step dominuje Czech Tour 2025, nejv\u011bt\u0161\u00edmu dom\u00e1c\u00edmu etapov\u00e9mu z\u00e1vodu. Na triumf Luka Lampertiho v\u00a0\u00favodn\u00ed etap\u011b nav\u00e1zal jeho t\u00fdmov\u00fd kolega Junior Lecerf v\u00a0druh\u00e9m d\u011bjstv\u00ed, kter\u00e9 po startu z\u00a0Pardubic vrcholilo na Dlouh\u00fdch str\u00e1n\u00edch v\u00a0Jesen\u00edk\u00e1ch. Dvaadvacetilet\u00fd Belgi\u010dan triumfem u\u00a0proslul\u00e9 horn\u00ed n\u00e1dr\u017ee p\u0159e\u010derp\u00e1vac\u00ed elektr\u00e1rny sko\u010dil do \u017elut\u00e9ho trikotu l\u00eddra cel\u00e9ho z\u00e1vodu.<\/strong><\/p>\n\n\n\n<p>&#8220;Skv\u011ble jsem na\u010dasoval fini\u0161. V\u011b\u0159il jsem sv\u00e9mu siln\u00e9mu spurtu a&nbsp;m\u016fj instinkt m\u011b nezklamal,&#8221; vypr\u00e1v\u011bl v&nbsp;c\u00edli \u0161\u0165astn\u00fd Lecerf z&nbsp;t\u00fdmu p\u0159ezd\u00edvan\u00e9ho Vl\u010d\u00ed sme\u010dka.<\/p>\n\n\n\n<p>Druh\u00e9 d\u011bjstv\u00ed dlouh\u00e9 172,8 kilometr\u016f s&nbsp;p\u0159ev\u00fd\u0161en\u00edm 2447 metr\u016f startovalo z&nbsp;Pardubic. A&nbsp;z\u00e1hy pot\u00e9, co \u0159editel z\u00e1vodu Leopold K\u00f6nig odm\u00e1val ostr\u00fd start, vyrazila do \u00faniku osmi\u010dlenn\u00e1 skupina, kde byli i&nbsp;dva \u010de\u0161t\u00ed z\u00e1vodn\u00edci Mat\u011bj Zah\u00e1lka z&nbsp;Elkov Kasper, kter\u00fd vyhr\u00e1l vrcha\u0159skou pr\u00e9mii druh\u00e9 kategorie, a&nbsp;Jan Ka\u0161par z&nbsp;TUFO Pardus Prost\u011bjov, jen\u017e ovl\u00e1dl sprinterskou pr\u00e9mii.<\/p>\n\n\n\n<figure class=\"wp-block-image\"><img decoding=\"async\" src=\"https:\/\/www.czechtour.com\/files\/2025\/08\/dsc_5554-1.JPG\" alt=\"\"\/><\/figure>\n\n\n\n<p>Z\u00e1stupci World Tour t\u00fdmu Soudal Quick Step a&nbsp;Visma Lease a&nbsp;Bike sice dop\u0159\u00e1li uprchl\u00edk\u016fm a\u017e p\u011btiminutov\u00fd n\u00e1skok, nicm\u00e9n\u011b s&nbsp;bl\u00ed\u017e\u00edc\u00edm se v\u00fdstupem na Dlouh\u00e9 str\u00e1n\u011b tempo v&nbsp;pelotonu nar\u016fstalo a&nbsp;odstup skupiny v&nbsp;\u010dele se ten\u010dil.<\/p>\n\n\n\n<p>\u0160estadvacet kilometr\u016f p\u0159ed c\u00edlem se z&nbsp;\u010deln\u00ed skupiny odpoutala trojice Mat\u011bj Zah\u00e1lka, Konrad Waliniak a&nbsp;Kyrylo Tsarenko, kter\u00fd jako posledn\u00ed odol\u00e1val hrozb\u011b polapeni pelotonem. Na \u00fapat\u00ed Dlouh\u00fdch str\u00e1n\u00ed byl v\u0161ak dosti\u017een a&nbsp;rozpoutala se bitva o&nbsp;v\u00edt\u011bzstv\u00ed.<\/p>\n\n\n\n<figure class=\"wp-block-image\"><img decoding=\"async\" src=\"https:\/\/www.czechtour.com\/files\/2025\/08\/czech-tour1105025-1.jpg\" alt=\"\"\/><\/figure>\n\n\n\n<p>P\u011bt a&nbsp;p\u016fl kilometru p\u0159ed c\u00edlem se z&nbsp;\u010dela z\u00e1vodu odpoutal Junior Lecerf (Soudal Quick Step), Nahom Zeray, Alessandro Fancellu (oba Team Ukyo), Cian Uijtdebroeks (Visma Lease a&nbsp;Bike) a&nbsp;Santiago Umba (XDS Astana Development). Tempo diktoval zejm\u00e9na favorizovan\u00fd Cian Uijtdebroeks a&nbsp;opakovan\u00fdmi n\u00e1stupy se sna\u017eil set\u0159\u00e1st pron\u00e1sledovatele.<\/p>\n\n\n\n<p>Do posledn\u00edch p\u011bti set metr\u016f u\u017e naj\u00ed\u017ed\u011bla jen trojice Uijtdebroeks, Lecerf, Fancellu. Jako prvn\u00ed za\u00fato\u010dil dvaadvacetilet\u00fd Lecerf a&nbsp;jeho n\u00e1stup dv\u011b st\u011b metr\u016f p\u0159ed c\u00edlem byl rozhoduj\u00edc\u00ed.<\/p>\n\n\n\n<figure class=\"wp-block-image\"><img decoding=\"async\" src=\"https:\/\/www.czechtour.com\/files\/2025\/08\/czech-tour1105017-1.jpg\" alt=\"\"\/><\/figure>\n\n\n\n<p>&#8220;Jsem maxim\u00e1ln\u011b spokojen\u00fd a&nbsp;absolutn\u011b \u0161\u0165astn\u00fd. S&nbsp;t\u00fdmem jsme dokonale naplnili pl\u00e1n, j\u00e1 jen korunoval celodenn\u00ed pr\u00e1ci m\u00fdch par\u0165\u00e1k\u016f,&#8221; \u0159\u00edkal Lecerf, pro n\u011bho\u017e \u0161lo o&nbsp;druh\u00e9 profesion\u00e1ln\u00ed v\u00edt\u011bzstv\u00ed kari\u00e9ry.<\/p>\n","protected":false},"excerpt":{"rendered":"<p>T\u00fdm Soudal Quick Step dominuje Czech Tour 2025, nejv\u011bt\u0161\u00edmu dom\u00e1c\u00edmu etapov\u00e9mu z\u00e1vodu. Na triumf Luka Lampertiho v\u00a0\u00favodn\u00ed etap\u011b nav\u00e1zal jeho t\u00fdmov\u00fd kolega Junior Lecerf v\u00a0druh\u00e9m d\u011bjstv\u00ed, kter\u00e9 po startu z\u00a0Pardubic vrcholilo na Dlouh\u00fdch str\u00e1n\u00edch v\u00a0Jesen\u00edk\u00e1ch. Dvaadvacetilet\u00fd Belgi\u010dan triumfem u\u00a0proslul\u00e9 horn\u00ed n\u00e1dr\u017ee p\u0159e\u010derp\u00e1vac\u00ed elektr\u00e1rny sko\u010dil do \u017elut\u00e9ho trikotu l\u00eddra cel\u00e9ho z\u00e1vodu. &#8220;Skv\u011ble jsem na\u010dasoval fini\u0161. V\u011b\u0159il [&hellip;]<\/p>\n","protected":false},"author":30,"featured_media":36927,"comment_status":"closed","ping_status":"open","sticky":false,"template":"","format":"standard","meta":{"footnotes":""},"categories":[2],"tags":[11],"class_list":["post-36919","post","type-post","status-publish","format-standard","has-post-thumbnail","hentry","category-novinky","tag-silnice"],"_links":{"self":[{"href":"https:\/\/www.czechcyclingfederation.com\/en\/wp-json\/wp\/v2\/posts\/36919","targetHints":{"allow":["GET"]}}],"collection":[{"href":"https:\/\/www.czechcyclingfederation.com\/en\/wp-json\/wp\/v2\/posts"}],"about":[{"href":"https:\/\/www.czechcyclingfederation.com\/en\/wp-json\/wp\/v2\/types\/post"}],"author":[{"embeddable":true,"href":"https:\/\/www.czechcyclingfederation.com\/en\/wp-json\/wp\/v2\/users\/30"}],"replies":[{"embeddable":true,"href":"https:\/\/www.czechcyclingfederation.com\/en\/wp-json\/wp\/v2\/comments?post=36919"}],"version-history":[{"count":2,"href":"https:\/\/www.czechcyclingfederation.com\/en\/wp-json\/wp\/v2\/posts\/36919\/revisions"}],"predecessor-version":[{"id":36929,"href":"https:\/\/www.czechcyclingfederation.com\/en\/wp-json\/wp\/v2\/posts\/36919\/revisions\/36929"}],"wp:featuredmedia":[{"embeddable":true,"href":"https:\/\/www.czechcyclingfederation.com\/en\/wp-json\/wp\/v2\/media\/36927"}],"wp:attachment":[{"href":"https:\/\/www.czechcyclingfederation.com\/en\/wp-json\/wp\/v2\/media?parent=36919"}],"wp:term":[{"taxonomy":"category","embeddable":true,"href":"https:\/\/www.czechcyclingfederation.com\/en\/wp-json\/wp\/v2\/categories?post=36919"},{"taxonomy":"post_tag","embeddable":true,"href":"https:\/\/www.czechcyclingfederation.com\/en\/wp-json\/wp\/v2\/tags?post=36919"}],"curies":[{"name":"wp","href":"https:\/\/api.w.org\/{rel}","templated":true}]}}