{"id":36893,"date":"2025-08-14T18:15:10","date_gmt":"2025-08-14T16:15:10","guid":{"rendered":"https:\/\/www.czechcyclingfederation.com\/?p=36893"},"modified":"2025-08-14T18:15:13","modified_gmt":"2025-08-14T16:15:13","slug":"lamperti-ovladl-uvodni-etapu-czech-tour-neuman-ctvrty","status":"publish","type":"post","link":"https:\/\/www.czechcyclingfederation.com\/en\/lamperti-ovladl-uvodni-etapu-czech-tour-neuman-ctvrty\/","title":{"rendered":"Lamperti ovl\u00e1dl \u00favodn\u00ed etapu Czech Tour, Neuman \u010dtvrt\u00fd"},"content":{"rendered":"\n<p><strong>Luke Lamperti<\/strong> z t\u00fdmu Soudal Quick-Step vyhr\u00e1l \u00favodn\u00ed etapu cyklistick\u00e9ho z\u00e1vodu Czech Tour 2025, kter\u00e1 vedla z Prahy do Karlov\u00fdch Var\u016f. Dvaadvacetilet\u00fd Ameri\u010dan zopakoval v\u00edt\u011bzstv\u00ed z \u00favodn\u00edho d\u011bjstv\u00ed minul\u00e9ho ro\u010dn\u00edku z\u00e1vodu, na \u010dtvrt\u00e9m m\u00edst\u011b spurtoval <strong>Dominik Neuman<\/strong> z \u010desk\u00e9ho t\u00fdmu ATT Investments.<\/p>\n\n\n\n<p><em>\u201eTe\u010f u\u017e m\u016f\u017eu \u0159\u00edct, \u017ee je Czech Tour jeden z m\u00fdch nejobl\u00edben\u011bj\u0161\u00edch z\u00e1vod\u016f.&nbsp; Bylo skv\u011bl\u00e9 startovat z hlavn\u00edho m\u011bsta, moc jsme si u\u017eili pra\u017esk\u00e9 kulisy. T\u00fdm pak odvedl skv\u011blou pr\u00e1ci a dovedl m\u011b k prvn\u00edmu leto\u0161n\u00edmu v\u00edt\u011bzstv\u00ed. Nebylo to jednoduch\u00e9, b\u011bhem etapy bylo velk\u00e9 vedro, ale po\u0159\u00e1d lep\u0161\u00ed ne\u017e d\u00e9\u0161\u0165,\u201c<\/em> uvedl po v\u00edt\u011bzn\u00e9m dojezdu 22let\u00fd americk\u00fd z\u00e1vodn\u00edk.<\/p>\n\n\n\n<figure class=\"wp-block-image size-large\"><img loading=\"lazy\" decoding=\"async\" width=\"1024\" height=\"682\" src=\"https:\/\/www.czechcyclingfederation.com\/wp-content\/uploads\/2025\/08\/czech-tour-2-1024x682.jpg\" alt=\"\" class=\"wp-image-36897\" srcset=\"https:\/\/www.czechcyclingfederation.com\/wp-content\/uploads\/2025\/08\/czech-tour-2-1024x682.jpg 1024w, https:\/\/www.czechcyclingfederation.com\/wp-content\/uploads\/2025\/08\/czech-tour-2-300x200.jpg 300w, https:\/\/www.czechcyclingfederation.com\/wp-content\/uploads\/2025\/08\/czech-tour-2-768x512.jpg 768w, https:\/\/www.czechcyclingfederation.com\/wp-content\/uploads\/2025\/08\/czech-tour-2-1536x1023.jpg 1536w, https:\/\/www.czechcyclingfederation.com\/wp-content\/uploads\/2025\/08\/czech-tour-2-1320x879.jpg 1320w, https:\/\/www.czechcyclingfederation.com\/wp-content\/uploads\/2025\/08\/czech-tour-2.jpg 2048w\" sizes=\"auto, (max-width: 1024px) 100vw, 1024px\" \/><\/figure>\n\n\n\n<p>Okam\u017eit\u011b po startu \u00favodn\u00ed etapy Czech Tour 2025 se z hlavn\u00edho pole odpoutala sedmi\u010dlenn\u00e1 skupina, kde byli nejaktivn\u011bj\u0161\u00ed Michal Schuran z t\u00fdmu United Shipping a Nicolo Garibbo ze st\u00e1je Ukyo, kte\u0159\u00ed sv\u00e1d\u011bli bitvy o body na vrcha\u0159sk\u00fdch pr\u00e9mi\u00edch a tak\u00e9 sprintersk\u00e9 pr\u00e9mii.<\/p>\n\n\n\n<p>Uprchl\u00edci si v etap\u011b dlouh\u00e9 163 kilometr\u016f p\u0159i p\u0159ev\u00fd\u0161en\u00ed 1999 v\u00fd\u0161kov\u00fdch metr\u016f postupn\u011b vybudovali n\u00e1skok dvou minut. Na \u010dele pelotonu v\u0161ak sv\u011bdomit\u011b pracovali zejm\u00e9na z\u00e1vodn\u00edci formace Soudal Quick-Step Josef \u010cern\u00fd, Gil Gelders a James Knox. Zku\u0161en\u00ed maz\u00e1ci Vl\u010d\u00ed sme\u010dky, jak je belgick\u00e9mu t\u00fdmu p\u0159ezd\u00edv\u00e1no, hl\u00eddali, aby odstup nenarostl do v\u00fd\u0161e, kterou by nebylo mo\u017en\u00e9 zlikvidovat.<\/p>\n\n\n\n<figure class=\"wp-block-image size-large\"><img loading=\"lazy\" decoding=\"async\" width=\"1024\" height=\"593\" src=\"https:\/\/www.czechcyclingfederation.com\/wp-content\/uploads\/2025\/08\/czech-tour-3-1024x593.jpg\" alt=\"\" class=\"wp-image-36899\" srcset=\"https:\/\/www.czechcyclingfederation.com\/wp-content\/uploads\/2025\/08\/czech-tour-3-1024x593.jpg 1024w, https:\/\/www.czechcyclingfederation.com\/wp-content\/uploads\/2025\/08\/czech-tour-3-300x174.jpg 300w, https:\/\/www.czechcyclingfederation.com\/wp-content\/uploads\/2025\/08\/czech-tour-3-768x445.jpg 768w, https:\/\/www.czechcyclingfederation.com\/wp-content\/uploads\/2025\/08\/czech-tour-3-1536x890.jpg 1536w, https:\/\/www.czechcyclingfederation.com\/wp-content\/uploads\/2025\/08\/czech-tour-3-1320x764.jpg 1320w, https:\/\/www.czechcyclingfederation.com\/wp-content\/uploads\/2025\/08\/czech-tour-3.jpg 2048w\" sizes=\"auto, (max-width: 1024px) 100vw, 1024px\" \/><\/figure>\n\n\n\n<p>Dvaadvacet kilometr\u016f p\u0159ed c\u00edlem u\u017e se startovn\u00ed pole spojilo a bylo jasn\u00e9, \u017ee v\u00edt\u011bze etapy z Prahy do Karlov\u00fdch Var\u016f ur\u010d\u00ed sprint!<\/p>\n\n\n\n<p>V \u010dele vrcha\u0159sk\u00e9 sout\u011b\u017ee je po prvn\u00ed etap\u011b Nicolo Garibbo z t\u00fdmu Ukyo, kter\u00fd nashrom\u00e1\u017edil osmn\u00e1ct bod\u016f za v\u00edt\u011bzstv\u00ed na v\u0161ech t\u0159ech klasifikovan\u00fdch stoup\u00e1n\u00edch druh\u00e9 kategorie. S odstupem \u0161esti bod\u016f je druh\u00fd Michal Schuran, lo\u0148sk\u00fd v\u00edt\u011bz bitvy o punt\u00edkat\u00fd dres. T\u0159et\u00ed je Michiel van Vliet z nizozemsk\u00e9ho t\u00fdmu Metec Solarwatt p\/b Mantel.<\/p>\n\n\n\n<figure class=\"wp-block-image size-large\"><img loading=\"lazy\" decoding=\"async\" width=\"1024\" height=\"682\" src=\"https:\/\/www.czechcyclingfederation.com\/wp-content\/uploads\/2025\/08\/czech-tour-4-1024x682.jpg\" alt=\"\" class=\"wp-image-36901\" srcset=\"https:\/\/www.czechcyclingfederation.com\/wp-content\/uploads\/2025\/08\/czech-tour-4-1024x682.jpg 1024w, https:\/\/www.czechcyclingfederation.com\/wp-content\/uploads\/2025\/08\/czech-tour-4-300x200.jpg 300w, https:\/\/www.czechcyclingfederation.com\/wp-content\/uploads\/2025\/08\/czech-tour-4-768x512.jpg 768w, https:\/\/www.czechcyclingfederation.com\/wp-content\/uploads\/2025\/08\/czech-tour-4-1536x1023.jpg 1536w, https:\/\/www.czechcyclingfederation.com\/wp-content\/uploads\/2025\/08\/czech-tour-4-1320x879.jpg 1320w, https:\/\/www.czechcyclingfederation.com\/wp-content\/uploads\/2025\/08\/czech-tour-4.jpg 2048w\" sizes=\"auto, (max-width: 1024px) 100vw, 1024px\" \/><\/figure>\n\n\n\n<p>P\u0159i n\u00e1jezdu do c\u00edle jel Soudal Quick-Step a tak\u00e9 ATT Investments zb\u011bsil\u00e9 tempo, ov\u0161em belgick\u00e1 formace neponechala nic n\u00e1hod\u011b a hl\u00eddala \u010delo z\u00e1vodu. Na c\u00edlov\u00e9 rovince byl Luke Lamperti nepolapiteln\u00fd a naprosto dominantn\u00edm zp\u016fsobem prolet\u011bl c\u00edlem jako prvn\u00ed. Druh\u00fd spurtoval Davide Donati z t\u00fdmu Red Bull Bora-hansgrohe Rookies, t\u0159et\u00ed Gleb Syritsza z XDS Astana Development p\u0159ed Dominikem Neumanem. <em>\u201eSpurt jsme rozjeli pom\u011brn\u011b dob\u0159e, \u0161koda, \u017ee jsme pozici neudr\u017eeli. Ke t\u0159et\u00edmu m\u00edstu nakonec chyb\u011bl jen kousek,\u201c<\/em> poznamenal 29let\u00fd jezdec t\u00fdmu ATT Investments.<\/p>\n\n\n\n<figure class=\"wp-block-image size-large\"><img loading=\"lazy\" decoding=\"async\" width=\"1024\" height=\"682\" src=\"https:\/\/www.czechcyclingfederation.com\/wp-content\/uploads\/2025\/08\/czech-tour-5-1024x682.jpg\" alt=\"\" class=\"wp-image-36903\" srcset=\"https:\/\/www.czechcyclingfederation.com\/wp-content\/uploads\/2025\/08\/czech-tour-5-1024x682.jpg 1024w, https:\/\/www.czechcyclingfederation.com\/wp-content\/uploads\/2025\/08\/czech-tour-5-300x200.jpg 300w, https:\/\/www.czechcyclingfederation.com\/wp-content\/uploads\/2025\/08\/czech-tour-5-768x512.jpg 768w, https:\/\/www.czechcyclingfederation.com\/wp-content\/uploads\/2025\/08\/czech-tour-5-1536x1023.jpg 1536w, https:\/\/www.czechcyclingfederation.com\/wp-content\/uploads\/2025\/08\/czech-tour-5-1320x879.jpg 1320w, https:\/\/www.czechcyclingfederation.com\/wp-content\/uploads\/2025\/08\/czech-tour-5.jpg 2048w\" sizes=\"auto, (max-width: 1024px) 100vw, 1024px\" \/><\/figure>\n\n\n\n<p>&nbsp;V p\u00e1tek pokra\u010duje Czech Tour 2025 etapou z Pardubic na Dlouh\u00e9 str\u00e1n\u011b dlouhou 172,8 kilometr\u016f s p\u0159ev\u00fd\u0161en\u00edm 2447 metr\u016f.<\/p>\n\n\n\n<p>Foto: Jan Brychta, Mark\u00e9ta Navr\u00e1tilov\u00e1<\/p>\n","protected":false},"excerpt":{"rendered":"<p>Luke Lamperti z t\u00fdmu Soudal Quick-Step vyhr\u00e1l \u00favodn\u00ed etapu cyklistick\u00e9ho z\u00e1vodu Czech Tour 2025, kter\u00e1 vedla z Prahy do Karlov\u00fdch Var\u016f. Dvaadvacetilet\u00fd Ameri\u010dan zopakoval v\u00edt\u011bzstv\u00ed z \u00favodn\u00edho d\u011bjstv\u00ed minul\u00e9ho ro\u010dn\u00edku z\u00e1vodu, na \u010dtvrt\u00e9m m\u00edst\u011b spurtoval Dominik Neuman z \u010desk\u00e9ho t\u00fdmu ATT Investments. \u201eTe\u010f u\u017e m\u016f\u017eu \u0159\u00edct, \u017ee je Czech Tour jeden z m\u00fdch nejobl\u00edben\u011bj\u0161\u00edch z\u00e1vod\u016f.&nbsp; [&hellip;]<\/p>\n","protected":false},"author":15,"featured_media":36895,"comment_status":"closed","ping_status":"open","sticky":false,"template":"","format":"standard","meta":{"footnotes":""},"categories":[2,18],"tags":[11],"class_list":["post-36893","post","type-post","status-publish","format-standard","has-post-thumbnail","hentry","category-novinky","category-silnice","tag-silnice"],"_links":{"self":[{"href":"https:\/\/www.czechcyclingfederation.com\/en\/wp-json\/wp\/v2\/posts\/36893","targetHints":{"allow":["GET"]}}],"collection":[{"href":"https:\/\/www.czechcyclingfederation.com\/en\/wp-json\/wp\/v2\/posts"}],"about":[{"href":"https:\/\/www.czechcyclingfederation.com\/en\/wp-json\/wp\/v2\/types\/post"}],"author":[{"embeddable":true,"href":"https:\/\/www.czechcyclingfederation.com\/en\/wp-json\/wp\/v2\/users\/15"}],"replies":[{"embeddable":true,"href":"https:\/\/www.czechcyclingfederation.com\/en\/wp-json\/wp\/v2\/comments?post=36893"}],"version-history":[{"count":2,"href":"https:\/\/www.czechcyclingfederation.com\/en\/wp-json\/wp\/v2\/posts\/36893\/revisions"}],"predecessor-version":[{"id":36905,"href":"https:\/\/www.czechcyclingfederation.com\/en\/wp-json\/wp\/v2\/posts\/36893\/revisions\/36905"}],"wp:featuredmedia":[{"embeddable":true,"href":"https:\/\/www.czechcyclingfederation.com\/en\/wp-json\/wp\/v2\/media\/36895"}],"wp:attachment":[{"href":"https:\/\/www.czechcyclingfederation.com\/en\/wp-json\/wp\/v2\/media?parent=36893"}],"wp:term":[{"taxonomy":"category","embeddable":true,"href":"https:\/\/www.czechcyclingfederation.com\/en\/wp-json\/wp\/v2\/categories?post=36893"},{"taxonomy":"post_tag","embeddable":true,"href":"https:\/\/www.czechcyclingfederation.com\/en\/wp-json\/wp\/v2\/tags?post=36893"}],"curies":[{"name":"wp","href":"https:\/\/api.w.org\/{rel}","templated":true}]}}