{"id":36882,"date":"2025-08-12T16:46:45","date_gmt":"2025-08-12T14:46:45","guid":{"rendered":"https:\/\/www.czechcyclingfederation.com\/?p=36882"},"modified":"2025-08-12T16:46:48","modified_gmt":"2025-08-12T14:46:48","slug":"startuje-czech-tour-hvezdy-se-predstavi-na-hrade","status":"publish","type":"post","link":"https:\/\/www.czechcyclingfederation.com\/en\/startuje-czech-tour-hvezdy-se-predstavi-na-hrade\/","title":{"rendered":"Startuje Czech Tour, hv\u011bzdy se p\u0159edstav\u00ed na Hrad\u011b"},"content":{"rendered":"\n<p><strong>Czech Tour, nejv\u00fdznamn\u011bj\u0161\u00ed cyklistick\u00fd z\u00e1vod v \u010cesku, odstartuje poprv\u00e9 z Prahy. Leto\u0161n\u00ed 17. ro\u010dn\u00edk p\u0159in\u00e1\u0161\u00ed v\u00a0term\u00ednu 14.\u201317. srpna nejv\u011bt\u0161\u00ed zm\u011bnu v historii. Peloton vyraz\u00ed z hlavn\u00edho m\u011bsta, zajede do Karlov\u00fdch Var\u016f, Pardubic i na tradi\u010dn\u00ed m\u00edsta v Jesen\u00edk\u00e1ch a Beskydech. Fanou\u0161ci se mohou t\u011b\u0161it na z\u00e1vodn\u00edky z\u00a0elitn\u00edch celk\u016f World Tour, \u017eiv\u00e9 p\u0159enosy na \u010cesk\u00e9 televizi a Eurosportu a ve st\u0159edu 13. srpna na slavnostn\u00ed p\u0159edstaven\u00ed t\u00fdm\u016f na Pra\u017esk\u00e9m hrad\u011b.<\/strong><\/p>\n\n\n\n<p>&nbsp;\u201eNa\u0161\u00ed ambic\u00ed je posouvat Czech Tour st\u00e1le v\u00fd\u0161e. Letos startujeme v hlavn\u00edm m\u011bst\u011b, ale proj\u00ed\u017ed\u00edme i ov\u011b\u0159en\u00e1 tradi\u010dn\u00ed m\u00edsta. Pom\u00e1haj\u00ed n\u00e1m i p\u0159\u00edm\u00e9 p\u0159enosy, kter\u00e9 otev\u00edraj\u00ed dve\u0159e do cel\u00e9ho sv\u011bta. V\u011b\u0159\u00edm, \u017ee si fanou\u0161ci u\u017eij\u00ed skv\u011blou show,&#8221; \u0159\u00edk\u00e1 Robert Kol\u00e1\u0159, prezident z\u00e1vodu.<\/p>\n\n\n\n<p>Czech Tour op\u011bt ozdob\u00ed \u00fa\u010dast elitn\u00edch t\u00fdm\u016f Visma &#8211; Lease a Bike a Soudal Quick-Step z kategorie WorldTour, co\u017e slibuje souboje na t\u00e9 nejvy\u0161\u0161\u00ed \u00farovni. Na startu se objev\u00ed v\u00edt\u011bzov\u00e9 etap na Tour de France, Giru i Vuelt\u011b a fanou\u0161ci se mohou t\u011b\u0161it na jm\u00e9na jako Yves Lampaert, sprinter Luke Lamperti nebo obl\u00edben\u00fd \u010desk\u00fd z\u00e1vodn\u00edk Josef \u010cern\u00fd, kter\u00fd na Czech Tour v minulosti u\u017e triumfoval. Chyb\u011bt nebude ani \u010desk\u00e1 \u0161pi\u010dka zastoupen\u00e1 t\u00fdmy ATT Investments a Elkov-Kasper.<\/p>\n\n\n\n<p>Organiz\u00e1to\u0159i p\u0159ipravili pro z\u00e1vodn\u00edky i p\u0159\u00edznivce cyklistiky atraktivn\u00ed program. Z\u00e1vod odstartuje ve \u010dtvrtek 14.&nbsp;srpna z V\u00edt\u011bzn\u00e9ho n\u00e1m\u011bst\u00ed v Praze s dojezdem v Karlov\u00fdch Varech na Divadeln\u00edm n\u00e1m\u011bst\u00ed, kde se o v\u00edt\u011bzi rozhodne po technicky n\u00e1ro\u010dn\u00e9m a rychl\u00e9m dojezdu. V p\u00e1tek se jezdci p\u0159esunou z Pardubic na Dlouh\u00e9 str\u00e1n\u011b, kde je \u010dek\u00e1 prvn\u00ed velk\u00fd test a boj o \u017elut\u00fd dres. Sobotn\u00ed etapa z Prost\u011bjova do Ostravy s nejv\u011bt\u0161\u00ed pravd\u011bpodobnost\u00ed nab\u00eddne dramatick\u00fd hromadn\u00fd sprint. V ned\u011bli pak z\u00e1vod uzav\u0159e kr\u00e1lovsk\u00e1 etapa, kdy se jezdci vydaj\u00ed z Krom\u011b\u0159\u00ed\u017ee na ob\u00e1van\u00e9 stoup\u00e1n\u00ed na Pustevny, kde bude korunov\u00e1n v\u00edt\u011bz leto\u0161n\u00edho ro\u010dn\u00edku.<\/p>\n\n\n\n<figure class=\"wp-block-image size-large\"><img loading=\"lazy\" decoding=\"async\" width=\"1024\" height=\"608\" src=\"https:\/\/www.czechcyclingfederation.com\/wp-content\/uploads\/2025\/08\/Credit_Czech_Tour-1024x608.jpg\" alt=\"\" class=\"wp-image-36883\" srcset=\"https:\/\/www.czechcyclingfederation.com\/wp-content\/uploads\/2025\/08\/Credit_Czech_Tour-1024x608.jpg 1024w, https:\/\/www.czechcyclingfederation.com\/wp-content\/uploads\/2025\/08\/Credit_Czech_Tour-300x178.jpg 300w, https:\/\/www.czechcyclingfederation.com\/wp-content\/uploads\/2025\/08\/Credit_Czech_Tour-768x456.jpg 768w, https:\/\/www.czechcyclingfederation.com\/wp-content\/uploads\/2025\/08\/Credit_Czech_Tour-1536x912.jpg 1536w, https:\/\/www.czechcyclingfederation.com\/wp-content\/uploads\/2025\/08\/Credit_Czech_Tour-2048x1216.jpg 2048w, https:\/\/www.czechcyclingfederation.com\/wp-content\/uploads\/2025\/08\/Credit_Czech_Tour-1320x784.jpg 1320w\" sizes=\"auto, (max-width: 1024px) 100vw, 1024px\" \/><\/figure>\n\n\n\n<p>\u201eTrasy jsme pl\u00e1novali vyv\u00e1\u017een\u011b, aby si na sv\u00e9 p\u0159i\u0161li jak vrcha\u0159i, tak sprinte\u0159i,\u201c popisuje \u0159editel Czech Tour Leopold K\u00f6nig. \u201eNa Pustevny letos vyjedeme dvakr\u00e1t a douf\u00e1me, \u017ee o v\u00edt\u011bzi rozhodne a\u017e tato etapa. Div\u00e1ci u trati i&nbsp;televizn\u00edch obrazovek budou sv\u011bdky dramatu a\u017e do samotn\u00e9ho konce.\u201c<\/p>\n\n\n\n<p>\u201eAkce, jako je Czech Tour, jsou skv\u011blou uk\u00e1zkou toho, jak m\u016f\u017ee sportovn\u00ed ud\u00e1lost propojit propagaci \u010ceska s&nbsp;podporou m\u00edst, kudy z\u00e1vod proj\u00ed\u017ed\u00ed. Na\u0161e zem\u011b m\u00e1 co nab\u00eddnout \u2013 od n\u00e1dhern\u00e9 p\u0159\u00edrody p\u0159es historick\u00e1 m\u011bsta a\u017e po st\u00e1le obl\u00edben\u011bj\u0161\u00ed aktivn\u00ed odpo\u010dinek. Cyklistick\u00fd peloton zav\u00edt\u00e1 do region\u016f, kter\u00e9 d\u00edky p\u0159enos\u016fm sleduj\u00ed div\u00e1ci po cel\u00e9m sv\u011bt\u011b, a t\u00edm se otev\u00edraj\u00ed nov\u00e9 mo\u017enosti pro cestovn\u00ed ruch i pro samotn\u00e9 obce a&nbsp;m\u011bsta, kter\u00fdmi vede trasa z\u00e1vodu,\u201c \u0159\u00edk\u00e1 Franti\u0161ek Reism\u00fcller, \u0159editel \u010cesk\u00e9 centr\u00e1ly cestovn\u00edho ruchu \u2013 CzechTourism, kter\u00e1 je jedn\u00edm z\u202fofici\u00e1ln\u00edch partner\u016f cyklistick\u00e9 akce.&nbsp;<\/p>\n\n\n\n<p>U\u017e ve st\u0159edu 13. srpna se v Praze na Hrad\u010dansk\u00e9m n\u00e1m\u011bst\u00ed uskute\u010dn\u00ed slavnostn\u00ed prezentace t\u00fdm\u016f, kde budou m\u00edt fanou\u0161ci jedine\u010dnou p\u0159\u00edle\u017eitost potkat se se v\u0161emi z\u00e1vodn\u00edky zbl\u00edzka. Czech Tour op\u011bt nab\u00eddne bohat\u00fd doprovodn\u00fd program ve startovn\u00edch i c\u00edlov\u00fdch m\u011bstech, v\u010detn\u011b aktivit pro rodiny a hudebn\u00ed produkce. Div\u00e1ci mohou vyhr\u00e1t i elektrokolo od MND.<\/p>\n\n\n\n<p><strong>Program CZECH TOUR 2025<\/strong><\/p>\n\n\n\n<ul class=\"wp-block-list\">\n<li>1. etapa \u2013 14. srpna: Praha \u2013 Karlovy Vary (163 km\/2260 v\u00fd\u0161kov\u00fdch metr\u016f)<\/li>\n\n\n\n<li>2. etapa \u2013 15. srpna: Pardubice \u2013 Dlouh\u00e9 str\u00e1n\u011b (170 km\/2625 v\u00fd\u0161kov\u00fdch metr\u016f)<\/li>\n\n\n\n<li>3. etapa \u2013 16. srpna: Prost\u011bjov \u2013 Ostrava (148 km\/1378 v\u00fd\u0161kov\u00fdch metr\u016f)<\/li>\n\n\n\n<li>4. etapa \u2013 17. srpna: Krom\u011b\u0159\u00ed\u017e \u2013 Pustevny (177 km\/2983 v\u00fd\u0161kov\u00fdch metr\u016f)<\/li>\n<\/ul>\n\n\n\n<p><\/p>\n","protected":false},"excerpt":{"rendered":"<p>Czech Tour, nejv\u00fdznamn\u011bj\u0161\u00ed cyklistick\u00fd z\u00e1vod v \u010cesku, odstartuje poprv\u00e9 z Prahy. Leto\u0161n\u00ed 17. ro\u010dn\u00edk p\u0159in\u00e1\u0161\u00ed v\u00a0term\u00ednu 14.\u201317. srpna nejv\u011bt\u0161\u00ed zm\u011bnu v historii. Peloton vyraz\u00ed z hlavn\u00edho m\u011bsta, zajede do Karlov\u00fdch Var\u016f, Pardubic i na tradi\u010dn\u00ed m\u00edsta v Jesen\u00edk\u00e1ch a Beskydech. Fanou\u0161ci se mohou t\u011b\u0161it na z\u00e1vodn\u00edky z\u00a0elitn\u00edch celk\u016f World Tour, \u017eiv\u00e9 p\u0159enosy na \u010cesk\u00e9 televizi [&hellip;]<\/p>\n","protected":false},"author":15,"featured_media":36887,"comment_status":"closed","ping_status":"open","sticky":false,"template":"","format":"standard","meta":{"footnotes":""},"categories":[46,2],"tags":[11],"class_list":["post-36882","post","type-post","status-publish","format-standard","has-post-thumbnail","hentry","category-novinky-sportovni-centra","category-novinky","tag-silnice"],"_links":{"self":[{"href":"https:\/\/www.czechcyclingfederation.com\/en\/wp-json\/wp\/v2\/posts\/36882","targetHints":{"allow":["GET"]}}],"collection":[{"href":"https:\/\/www.czechcyclingfederation.com\/en\/wp-json\/wp\/v2\/posts"}],"about":[{"href":"https:\/\/www.czechcyclingfederation.com\/en\/wp-json\/wp\/v2\/types\/post"}],"author":[{"embeddable":true,"href":"https:\/\/www.czechcyclingfederation.com\/en\/wp-json\/wp\/v2\/users\/15"}],"replies":[{"embeddable":true,"href":"https:\/\/www.czechcyclingfederation.com\/en\/wp-json\/wp\/v2\/comments?post=36882"}],"version-history":[{"count":1,"href":"https:\/\/www.czechcyclingfederation.com\/en\/wp-json\/wp\/v2\/posts\/36882\/revisions"}],"predecessor-version":[{"id":36889,"href":"https:\/\/www.czechcyclingfederation.com\/en\/wp-json\/wp\/v2\/posts\/36882\/revisions\/36889"}],"wp:featuredmedia":[{"embeddable":true,"href":"https:\/\/www.czechcyclingfederation.com\/en\/wp-json\/wp\/v2\/media\/36887"}],"wp:attachment":[{"href":"https:\/\/www.czechcyclingfederation.com\/en\/wp-json\/wp\/v2\/media?parent=36882"}],"wp:term":[{"taxonomy":"category","embeddable":true,"href":"https:\/\/www.czechcyclingfederation.com\/en\/wp-json\/wp\/v2\/categories?post=36882"},{"taxonomy":"post_tag","embeddable":true,"href":"https:\/\/www.czechcyclingfederation.com\/en\/wp-json\/wp\/v2\/tags?post=36882"}],"curies":[{"name":"wp","href":"https:\/\/api.w.org\/{rel}","templated":true}]}}