{"id":36870,"date":"2025-08-11T18:34:19","date_gmt":"2025-08-11T16:34:19","guid":{"rendered":"https:\/\/www.czechcyclingfederation.com\/?p=36870"},"modified":"2025-08-12T09:57:13","modified_gmt":"2025-08-12T07:57:13","slug":"mistrem-republiky-druzstev-ve-sjezdu-se-stal-top-on-trail-dh-team","status":"publish","type":"post","link":"https:\/\/www.czechcyclingfederation.com\/en\/mistrem-republiky-druzstev-ve-sjezdu-se-stal-top-on-trail-dh-team\/","title":{"rendered":"Mistrem republiky dru\u017estev ve sjezdu se stal TOP ON Trail DH Team"},"content":{"rendered":"\n<p>Uplynul\u00fd v\u00edkend se v Liberci pod Je\u0161t\u011bdem konal dal\u0161\u00ed d\u00edl \u010cesk\u00e9ho poh\u00e1ru horsk\u00fdch kol ve sjezdu Czech top on trail, kter\u00fd se jel z\u00e1rove\u0148 jako mistrovstv\u00ed republiky dru\u017estev. Titul vybojoval TOP ON Trail DH Team ve slo\u017een\u00ed Maty\u00e1\u0161 Z\u00e1vorka, Stanislav Ml\u010d\u00e1k a Matou\u0161 Silovsk\u00fd. Z\u00e1vodu se z\u00fa\u010dastnilo t\u00e9m\u011b\u0159 200 z\u00e1vodn\u00edk\u016f.<\/p>\n\n\n\n<p>Je\u0161t\u011bdsk\u00e1 tra\u0165 El Massacre je v m\u00edstn\u00edm bikeparku velice specifick\u00e1 p\u0159edev\u0161\u00edm spoustou obna\u017een\u00fdch ko\u0159en\u016f, kter\u00e9 ne\u0161et\u0159ily ruce z\u00e1vodn\u00edk\u016f. P\u0159\u00edroda se po n\u011bkolika letech na Je\u0161t\u011bdu umoud\u0159ila a panovalo t\u00e9m\u011b\u0159 ide\u00e1ln\u00ed po\u010das\u00ed. St\u0159\u00edbro v dru\u017estvech z\u00edskal celek X-Ride DH Team Racing (P\u0159emysl Kadlec, Sebatian Va\u0161ek, Jakub Mikula\u0161t\u00edk) a t\u0159et\u00ed skon\u010dil North Bike Club (Nikola Volejn\u00edkov\u00e1, Martin Hor\u00e1k, Filip S\u00e1l).<\/p>\n\n\n\n<p>V z\u00e1vodu \u010cesk\u00e9ho poh\u00e1ru zv\u00edt\u011bzil v elitn\u00ed kategorii Ond\u0159ej Kole\u010d\u00edk (Kellys factory team) p\u0159ed Vojt\u011bchem Kloko\u010dkou (Bikestrike team) a Kry\u0161tofem H\u00fa\u0161t\u011bm (Planet Bikes Racing team). V \u017een\u00e1ch vyhr\u00e1la v t\u011bsn\u00e9m souboji Nikola Volejn\u00edkov\u00e1 p\u0159ed Karol\u00ednou Kadlecovou a Nat\u00e1li\u00ed Volejn\u00edkovou. V juniorsk\u00e9 kategorii slavil prvenstv\u00ed Stanislav Ml\u010d\u00e1k.<\/p>\n\n\n\n<figure class=\"wp-block-image size-full\"><img loading=\"lazy\" decoding=\"async\" width=\"1000\" height=\"667\" src=\"http:\/\/www.czechcyclingfederation.com\/wp-content\/uploads\/2025\/08\/Kolecik.jpg\" alt=\"\" class=\"wp-image-36871\" srcset=\"https:\/\/www.czechcyclingfederation.com\/wp-content\/uploads\/2025\/08\/Kolecik.jpg 1000w, https:\/\/www.czechcyclingfederation.com\/wp-content\/uploads\/2025\/08\/Kolecik-300x200.jpg 300w, https:\/\/www.czechcyclingfederation.com\/wp-content\/uploads\/2025\/08\/Kolecik-768x512.jpg 768w\" sizes=\"auto, (max-width: 1000px) 100vw, 1000px\" \/><\/figure>\n\n\n\n<figure class=\"wp-block-image size-full\"><img loading=\"lazy\" decoding=\"async\" width=\"1000\" height=\"667\" src=\"http:\/\/www.czechcyclingfederation.com\/wp-content\/uploads\/2025\/08\/Zeny.jpg\" alt=\"\" class=\"wp-image-36875\" srcset=\"https:\/\/www.czechcyclingfederation.com\/wp-content\/uploads\/2025\/08\/Zeny.jpg 1000w, https:\/\/www.czechcyclingfederation.com\/wp-content\/uploads\/2025\/08\/Zeny-300x200.jpg 300w, https:\/\/www.czechcyclingfederation.com\/wp-content\/uploads\/2025\/08\/Zeny-768x512.jpg 768w\" sizes=\"auto, (max-width: 1000px) 100vw, 1000px\" \/><\/figure>\n\n\n\n<p>FOTO Vojt\u011bch Han\u00e1k<\/p>\n","protected":false},"excerpt":{"rendered":"<p>Uplynul\u00fd v\u00edkend se v Liberci pod Je\u0161t\u011bdem konal dal\u0161\u00ed d\u00edl \u010cesk\u00e9ho poh\u00e1ru horsk\u00fdch kol ve sjezdu Czech top on trail, kter\u00fd se jel z\u00e1rove\u0148 jako mistrovstv\u00ed republiky dru\u017estev. Titul vybojoval TOP ON Trail DH Team ve slo\u017een\u00ed Maty\u00e1\u0161 Z\u00e1vorka, Stanislav Ml\u010d\u00e1k a Matou\u0161 Silovsk\u00fd. Z\u00e1vodu se z\u00fa\u010dastnilo t\u00e9m\u011b\u0159 200 z\u00e1vodn\u00edk\u016f. Je\u0161t\u011bdsk\u00e1 tra\u0165 El Massacre je [&hellip;]<\/p>\n","protected":false},"author":8,"featured_media":36873,"comment_status":"closed","ping_status":"open","sticky":false,"template":"","format":"standard","meta":{"footnotes":""},"categories":[6,2,1],"tags":[10],"class_list":["post-36870","post","type-post","status-publish","format-standard","has-post-thumbnail","hentry","category-mtb","category-novinky","category-uncategorized-cs","tag-mtb"],"_links":{"self":[{"href":"https:\/\/www.czechcyclingfederation.com\/en\/wp-json\/wp\/v2\/posts\/36870","targetHints":{"allow":["GET"]}}],"collection":[{"href":"https:\/\/www.czechcyclingfederation.com\/en\/wp-json\/wp\/v2\/posts"}],"about":[{"href":"https:\/\/www.czechcyclingfederation.com\/en\/wp-json\/wp\/v2\/types\/post"}],"author":[{"embeddable":true,"href":"https:\/\/www.czechcyclingfederation.com\/en\/wp-json\/wp\/v2\/users\/8"}],"replies":[{"embeddable":true,"href":"https:\/\/www.czechcyclingfederation.com\/en\/wp-json\/wp\/v2\/comments?post=36870"}],"version-history":[{"count":3,"href":"https:\/\/www.czechcyclingfederation.com\/en\/wp-json\/wp\/v2\/posts\/36870\/revisions"}],"predecessor-version":[{"id":36881,"href":"https:\/\/www.czechcyclingfederation.com\/en\/wp-json\/wp\/v2\/posts\/36870\/revisions\/36881"}],"wp:featuredmedia":[{"embeddable":true,"href":"https:\/\/www.czechcyclingfederation.com\/en\/wp-json\/wp\/v2\/media\/36873"}],"wp:attachment":[{"href":"https:\/\/www.czechcyclingfederation.com\/en\/wp-json\/wp\/v2\/media?parent=36870"}],"wp:term":[{"taxonomy":"category","embeddable":true,"href":"https:\/\/www.czechcyclingfederation.com\/en\/wp-json\/wp\/v2\/categories?post=36870"},{"taxonomy":"post_tag","embeddable":true,"href":"https:\/\/www.czechcyclingfederation.com\/en\/wp-json\/wp\/v2\/tags?post=36870"}],"curies":[{"name":"wp","href":"https:\/\/api.w.org\/{rel}","templated":true}]}}