{"id":36797,"date":"2025-08-07T17:49:46","date_gmt":"2025-08-07T15:49:46","guid":{"rendered":"https:\/\/www.czechcyclingfederation.com\/?p=36797"},"modified":"2025-08-07T17:49:50","modified_gmt":"2025-08-07T15:49:50","slug":"burianek-vybojoval-stribro-na-trials-world-youth-games","status":"publish","type":"post","link":"https:\/\/www.czechcyclingfederation.com\/en\/burianek-vybojoval-stribro-na-trials-world-youth-games\/","title":{"rendered":"BURI\u00c1NEK VYBOJOVAL ST\u0158\u00cdBRO NA TRIALS WORLD YOUTH GAMES"},"content":{"rendered":"\n<p>\u201eJOSEF BURI\u00c1NEK VYBOJOVAL NA UCI TRIALS WORLD YOUTH GAMES ve \u0160pan\u011blsku ST\u0158\u00cdBRO.&nbsp;\u010cesk\u00fd reprezentant vybojoval v ned\u011bln\u00edm fin\u00e1le st\u0159\u00edbro v kat. Boys U12.&nbsp;<\/p>\n\n\n\n<p>\u010ce\u0161t\u00ed trialist\u00e9 se neztratili ve sv\u011btov\u00e9 konkurenci a na UCI TRIALS World Youth Games zaznamenali \u0159adu dobr\u00fdch v\u00fdsledk\u016f. UCI TRIALS World Youth Games je nejvy\u0161\u0161\u00ed sout\u011b\u017e\u00ed ml\u00e1de\u017enick\u00fdch kategori\u00ed v trialu, kter\u00e9 se letos konalo v katal\u00e1nsk\u00e9m Vicu.\u00a0<\/p>\n\n\n\n<figure class=\"wp-block-image size-large\"><img loading=\"lazy\" decoding=\"async\" width=\"1024\" height=\"599\" src=\"https:\/\/www.czechcyclingfederation.com\/wp-content\/uploads\/2025\/08\/PHOTO-2025-07-30-08-43-11-2-1-1024x599.jpg\" alt=\"\" class=\"wp-image-36802\" srcset=\"https:\/\/www.czechcyclingfederation.com\/wp-content\/uploads\/2025\/08\/PHOTO-2025-07-30-08-43-11-2-1-1024x599.jpg 1024w, https:\/\/www.czechcyclingfederation.com\/wp-content\/uploads\/2025\/08\/PHOTO-2025-07-30-08-43-11-2-1-300x176.jpg 300w, https:\/\/www.czechcyclingfederation.com\/wp-content\/uploads\/2025\/08\/PHOTO-2025-07-30-08-43-11-2-1-768x449.jpg 768w, https:\/\/www.czechcyclingfederation.com\/wp-content\/uploads\/2025\/08\/PHOTO-2025-07-30-08-43-11-2-1-1536x899.jpg 1536w, https:\/\/www.czechcyclingfederation.com\/wp-content\/uploads\/2025\/08\/PHOTO-2025-07-30-08-43-11-2-1-1320x772.jpg 1320w, https:\/\/www.czechcyclingfederation.com\/wp-content\/uploads\/2025\/08\/PHOTO-2025-07-30-08-43-11-2-1.jpg 1820w\" sizes=\"auto, (max-width: 1024px) 100vw, 1024px\" \/><\/figure>\n\n\n\n<p>P\u00e1tek ji\u017e tradi\u010dn\u011b pat\u0159il t\u00fdmov\u00e9 sout\u011b\u017ei &#8220;N\u00e1rod\u016f&#8221;,&nbsp; \u010ce\u0161i obsadili&nbsp;<strong>5. m\u00edsto<\/strong>&nbsp;(slo\u017een\u00ed n\u00e1rodn\u00edho t\u00fdmu-Mayer J., Andrlov\u00e1 H., Mudrychov\u00e1 \u0160., Buri\u00e1nek J., Buri\u00e1nek M., Koubek A.)&nbsp;<\/p>\n\n\n\n<p>Sobota a ned\u011ble pat\u0159ily individu\u00e1ln\u00edm j\u00edzd\u00e1m.\u00a0V sobotu se konalo semifin\u00e1le, z n\u011bj postupovalo z ka\u017ed\u00e9 kategorie dvan\u00e1ct nejlep\u0161\u00edch jezdc\u016f do ned\u011bln\u00edho fin\u00e1le. Do n\u011bj se\u00a0(vyjma dvou kategori\u00ed) probojovali i \u010de\u0161t\u00ed reprezentanti. Nejlep\u0161\u00edm \u010desk\u00fdm v\u00fdsledkem bylo st\u0159\u00edbro Josefa Buri\u00e1nka v kat. Boys U12.\u00a0<\/p>\n\n\n\n<p><strong>Celkov\u00e9 v\u00fdsledky:<\/strong><\/p>\n\n\n\n<p>Boys U10: 32.Gustav \u0160v\u00e9da, 30. Viktor H\u00fdna, 13. Jon\u00e1\u0161 Mayer,&nbsp;<strong>5. Jan Urb\u00e1nek<\/strong><\/p>\n\n\n\n<p>Boys U12: 17. Jan Judas, 10. Zden\u011bk Koubek,&nbsp;<strong>2. Josef Buri\u00e1nek<\/strong><\/p>\n\n\n\n<p>Girls U13: 15.Johanna Brzobohat\u00e1,&nbsp;<strong>10.Hana Andrlov\u00e1<\/strong><\/p>\n\n\n\n<p>Boys U14: 31.Pavel Pov\u00fd\u0161il, 27. Luk\u00e1\u0161 Kotek,&nbsp;<strong>12.Maty\u00e1\u0161 Buri\u00e1nek<\/strong><\/p>\n\n\n\n<p>Boys U16: 30. Jakub \u0160v\u00e9da, 18.Adam Koubek<\/p>\n\n\n\n<p>Girls U16:<strong>&nbsp;5.\u0160t\u011bp\u00e1nka Mudrychov\u00e1<\/strong><strong>\u201c<\/strong><\/p>\n","protected":false},"excerpt":{"rendered":"<p>\u201eJOSEF BURI\u00c1NEK VYBOJOVAL NA UCI TRIALS WORLD YOUTH GAMES ve \u0160pan\u011blsku ST\u0158\u00cdBRO.&nbsp;\u010cesk\u00fd reprezentant vybojoval v ned\u011bln\u00edm fin\u00e1le st\u0159\u00edbro v kat. Boys U12.&nbsp; \u010ce\u0161t\u00ed trialist\u00e9 se neztratili ve sv\u011btov\u00e9 konkurenci a na UCI TRIALS World Youth Games zaznamenali \u0159adu dobr\u00fdch v\u00fdsledk\u016f. UCI TRIALS World Youth Games je nejvy\u0161\u0161\u00ed sout\u011b\u017e\u00ed ml\u00e1de\u017enick\u00fdch kategori\u00ed v trialu, kter\u00e9 se letos [&hellip;]<\/p>\n","protected":false},"author":30,"featured_media":36798,"comment_status":"closed","ping_status":"open","sticky":false,"template":"","format":"standard","meta":{"footnotes":""},"categories":[6,2],"tags":[64],"class_list":["post-36797","post","type-post","status-publish","format-standard","has-post-thumbnail","hentry","category-mtb","category-novinky","tag-trial"],"_links":{"self":[{"href":"https:\/\/www.czechcyclingfederation.com\/en\/wp-json\/wp\/v2\/posts\/36797","targetHints":{"allow":["GET"]}}],"collection":[{"href":"https:\/\/www.czechcyclingfederation.com\/en\/wp-json\/wp\/v2\/posts"}],"about":[{"href":"https:\/\/www.czechcyclingfederation.com\/en\/wp-json\/wp\/v2\/types\/post"}],"author":[{"embeddable":true,"href":"https:\/\/www.czechcyclingfederation.com\/en\/wp-json\/wp\/v2\/users\/30"}],"replies":[{"embeddable":true,"href":"https:\/\/www.czechcyclingfederation.com\/en\/wp-json\/wp\/v2\/comments?post=36797"}],"version-history":[{"count":1,"href":"https:\/\/www.czechcyclingfederation.com\/en\/wp-json\/wp\/v2\/posts\/36797\/revisions"}],"predecessor-version":[{"id":36806,"href":"https:\/\/www.czechcyclingfederation.com\/en\/wp-json\/wp\/v2\/posts\/36797\/revisions\/36806"}],"wp:featuredmedia":[{"embeddable":true,"href":"https:\/\/www.czechcyclingfederation.com\/en\/wp-json\/wp\/v2\/media\/36798"}],"wp:attachment":[{"href":"https:\/\/www.czechcyclingfederation.com\/en\/wp-json\/wp\/v2\/media?parent=36797"}],"wp:term":[{"taxonomy":"category","embeddable":true,"href":"https:\/\/www.czechcyclingfederation.com\/en\/wp-json\/wp\/v2\/categories?post=36797"},{"taxonomy":"post_tag","embeddable":true,"href":"https:\/\/www.czechcyclingfederation.com\/en\/wp-json\/wp\/v2\/tags?post=36797"}],"curies":[{"name":"wp","href":"https:\/\/api.w.org\/{rel}","templated":true}]}}