{"id":36783,"date":"2025-08-06T20:15:07","date_gmt":"2025-08-06T18:15:07","guid":{"rendered":"https:\/\/www.czechcyclingfederation.com\/?p=36783"},"modified":"2025-08-06T20:15:10","modified_gmt":"2025-08-06T18:15:10","slug":"bikova-stafeta-u15-slavi-titul-mistru-evropy","status":"publish","type":"post","link":"https:\/\/www.czechcyclingfederation.com\/en\/bikova-stafeta-u15-slavi-titul-mistru-evropy\/","title":{"rendered":"Bikov\u00e1 \u0161tafeta U15 slav\u00ed titul mistr\u016f Evropy!"},"content":{"rendered":"\n<p>Hned prvn\u00ed z\u00e1vodn\u00ed den na ml\u00e1de\u017enick\u00e9m ME MTB ve \u0161v\u00e9dsk\u00e9m J\u00f6nk\u00f6pingu dok\u00e1zali mlad\u00ed \u010de\u0161t\u00ed reprezentanti vybojovat cenn\u00e9 kovy. Mistry Evropy v t\u00fdmov\u00e9 \u0161tafet\u011b se v kategorii star\u0161\u00edch \u017e\u00e1k\u016f U15 stali Jakub Janata, Luk\u00e1\u0161 Janata a S\u00e1ra \u0160kubalov\u00e1. Ve stejn\u00e9 kategorii obsadili 3. m\u00edsto Jind\u0159ich Kouhout, Sebastian P\u0148ovsk\u00fd a Be\u00e1ta Brandov\u00e1.<\/p>\n\n\n\n<figure class=\"wp-block-image size-large\"><img loading=\"lazy\" decoding=\"async\" width=\"1024\" height=\"683\" src=\"https:\/\/www.czechcyclingfederation.com\/wp-content\/uploads\/2025\/08\/cesi-biky-medaile-1024x683.jpg\" alt=\"\" class=\"wp-image-36787\" srcset=\"https:\/\/www.czechcyclingfederation.com\/wp-content\/uploads\/2025\/08\/cesi-biky-medaile-1024x683.jpg 1024w, https:\/\/www.czechcyclingfederation.com\/wp-content\/uploads\/2025\/08\/cesi-biky-medaile-300x200.jpg 300w, https:\/\/www.czechcyclingfederation.com\/wp-content\/uploads\/2025\/08\/cesi-biky-medaile-768x512.jpg 768w, https:\/\/www.czechcyclingfederation.com\/wp-content\/uploads\/2025\/08\/cesi-biky-medaile-1536x1024.jpg 1536w, https:\/\/www.czechcyclingfederation.com\/wp-content\/uploads\/2025\/08\/cesi-biky-medaile-1320x880.jpg 1320w, https:\/\/www.czechcyclingfederation.com\/wp-content\/uploads\/2025\/08\/cesi-biky-medaile.jpg 2048w\" sizes=\"auto, (max-width: 1024px) 100vw, 1024px\" \/><\/figure>\n\n\n\n<p>Na v\u00fdborn\u00e9 v\u00fdsledky \u017e\u00e1k\u016f nav\u00e1zali kadeti, kte\u0159\u00ed v siln\u00e9 konkurenci obsadili 10. m\u00edsto (Vojt\u011bch Rada, Ond\u0159ej Bukovsk\u00fd, Sofie Salaquardov\u00e1 S.) a 12. m\u00edsto (Ond\u0159ej Plic, Samuel Mucha, Marianna Erbenov\u00e1). Po prvn\u00edm dnu pat\u0159\u00ed \u010desk\u00e9 reprezentaci prvn\u00ed m\u00edsto v sout\u011b\u017ei n\u00e1rod\u016f.&nbsp;<\/p>\n\n\n\n<figure class=\"wp-block-image size-large\"><img loading=\"lazy\" decoding=\"async\" width=\"1024\" height=\"683\" src=\"https:\/\/www.czechcyclingfederation.com\/wp-content\/uploads\/2025\/08\/biky-1-1024x683.jpg\" alt=\"\" class=\"wp-image-36789\" srcset=\"https:\/\/www.czechcyclingfederation.com\/wp-content\/uploads\/2025\/08\/biky-1-1024x683.jpg 1024w, https:\/\/www.czechcyclingfederation.com\/wp-content\/uploads\/2025\/08\/biky-1-300x200.jpg 300w, https:\/\/www.czechcyclingfederation.com\/wp-content\/uploads\/2025\/08\/biky-1-768x512.jpg 768w, https:\/\/www.czechcyclingfederation.com\/wp-content\/uploads\/2025\/08\/biky-1-1536x1024.jpg 1536w, https:\/\/www.czechcyclingfederation.com\/wp-content\/uploads\/2025\/08\/biky-1-1320x880.jpg 1320w, https:\/\/www.czechcyclingfederation.com\/wp-content\/uploads\/2025\/08\/biky-1.jpg 2048w\" sizes=\"auto, (max-width: 1024px) 100vw, 1024px\" \/><\/figure>\n\n\n\n<p><\/p>\n\n\n\n<figure class=\"wp-block-image size-large\"><img loading=\"lazy\" decoding=\"async\" width=\"1024\" height=\"683\" src=\"https:\/\/www.czechcyclingfederation.com\/wp-content\/uploads\/2025\/08\/biky-2-1024x683.jpg\" alt=\"\" class=\"wp-image-36791\" srcset=\"https:\/\/www.czechcyclingfederation.com\/wp-content\/uploads\/2025\/08\/biky-2-1024x683.jpg 1024w, https:\/\/www.czechcyclingfederation.com\/wp-content\/uploads\/2025\/08\/biky-2-300x200.jpg 300w, https:\/\/www.czechcyclingfederation.com\/wp-content\/uploads\/2025\/08\/biky-2-768x512.jpg 768w, https:\/\/www.czechcyclingfederation.com\/wp-content\/uploads\/2025\/08\/biky-2-1536x1024.jpg 1536w, https:\/\/www.czechcyclingfederation.com\/wp-content\/uploads\/2025\/08\/biky-2-1320x880.jpg 1320w, https:\/\/www.czechcyclingfederation.com\/wp-content\/uploads\/2025\/08\/biky-2.jpg 2048w\" sizes=\"auto, (max-width: 1024px) 100vw, 1024px\" \/><figcaption class=\"wp-element-caption\">Foto: UEC\/Massimo Fulgenzi\/SprintCyclingAgency<\/figcaption><\/figure>\n","protected":false},"excerpt":{"rendered":"<p>Hned prvn\u00ed z\u00e1vodn\u00ed den na ml\u00e1de\u017enick\u00e9m ME MTB ve \u0161v\u00e9dsk\u00e9m J\u00f6nk\u00f6pingu dok\u00e1zali mlad\u00ed \u010de\u0161t\u00ed reprezentanti vybojovat cenn\u00e9 kovy. Mistry Evropy v t\u00fdmov\u00e9 \u0161tafet\u011b se v kategorii star\u0161\u00edch \u017e\u00e1k\u016f U15 stali Jakub Janata, Luk\u00e1\u0161 Janata a S\u00e1ra \u0160kubalov\u00e1. Ve stejn\u00e9 kategorii obsadili 3. m\u00edsto Jind\u0159ich Kouhout, Sebastian P\u0148ovsk\u00fd a Be\u00e1ta Brandov\u00e1. Na v\u00fdborn\u00e9 v\u00fdsledky \u017e\u00e1k\u016f nav\u00e1zali [&hellip;]<\/p>\n","protected":false},"author":15,"featured_media":36785,"comment_status":"closed","ping_status":"open","sticky":false,"template":"","format":"standard","meta":{"footnotes":""},"categories":[6,2],"tags":[10],"class_list":["post-36783","post","type-post","status-publish","format-standard","has-post-thumbnail","hentry","category-mtb","category-novinky","tag-mtb"],"_links":{"self":[{"href":"https:\/\/www.czechcyclingfederation.com\/en\/wp-json\/wp\/v2\/posts\/36783","targetHints":{"allow":["GET"]}}],"collection":[{"href":"https:\/\/www.czechcyclingfederation.com\/en\/wp-json\/wp\/v2\/posts"}],"about":[{"href":"https:\/\/www.czechcyclingfederation.com\/en\/wp-json\/wp\/v2\/types\/post"}],"author":[{"embeddable":true,"href":"https:\/\/www.czechcyclingfederation.com\/en\/wp-json\/wp\/v2\/users\/15"}],"replies":[{"embeddable":true,"href":"https:\/\/www.czechcyclingfederation.com\/en\/wp-json\/wp\/v2\/comments?post=36783"}],"version-history":[{"count":3,"href":"https:\/\/www.czechcyclingfederation.com\/en\/wp-json\/wp\/v2\/posts\/36783\/revisions"}],"predecessor-version":[{"id":36794,"href":"https:\/\/www.czechcyclingfederation.com\/en\/wp-json\/wp\/v2\/posts\/36783\/revisions\/36794"}],"wp:featuredmedia":[{"embeddable":true,"href":"https:\/\/www.czechcyclingfederation.com\/en\/wp-json\/wp\/v2\/media\/36785"}],"wp:attachment":[{"href":"https:\/\/www.czechcyclingfederation.com\/en\/wp-json\/wp\/v2\/media?parent=36783"}],"wp:term":[{"taxonomy":"category","embeddable":true,"href":"https:\/\/www.czechcyclingfederation.com\/en\/wp-json\/wp\/v2\/categories?post=36783"},{"taxonomy":"post_tag","embeddable":true,"href":"https:\/\/www.czechcyclingfederation.com\/en\/wp-json\/wp\/v2\/tags?post=36783"}],"curies":[{"name":"wp","href":"https:\/\/api.w.org\/{rel}","templated":true}]}}