{"id":36768,"date":"2025-08-05T08:00:18","date_gmt":"2025-08-05T06:00:18","guid":{"rendered":"https:\/\/www.czechcyclingfederation.com\/?p=36768"},"modified":"2025-08-05T08:00:22","modified_gmt":"2025-08-05T06:00:22","slug":"na-me-ve-sjezdu-nejlepsi-nikola-volejnikova","status":"publish","type":"post","link":"https:\/\/www.czechcyclingfederation.com\/en\/na-me-ve-sjezdu-nejlepsi-nikola-volejnikova\/","title":{"rendered":"Na ME ve sjezdu nejlep\u0161\u00ed Nikola Volejn\u00edkov\u00e1"},"content":{"rendered":"\n<p><strong>Nikola Volejn\u00edkov\u00e1<\/strong> obsadila na mistrovstv\u00ed Evropy ve sjezdu horsk\u00fdch kol ve \u0161pan\u011blsk\u00e9m st\u0159edisku La Molina v&nbsp;v&nbsp;souboji \u017eensk\u00e9 elity 14. m\u00edsto a stala se nej\u00fasp\u011b\u0161n\u011bj\u0161\u00ed \u010deskou reprezentantkou v&nbsp;hlavn\u00edch kategori\u00edch.<\/p>\n\n\n\n\n\n<p><em>\u201eVzd\u00e1len\u00e1 a nezn\u00e1m\u00e1 lokalita pro sjezda\u0159e p\u0159ipravila novou tra\u0165 typickou pro Pyreneje, zvl\u00e1\u0161t\u011b pro p\u0159ev\u00fd\u0161en\u00ed okolo 500 m a strmost, kterou znaj\u00ed pouze \u00fa\u010dastn\u00edci Sv\u011btov\u00fdch poh\u00e1r\u016f,\u201c<\/em> \u0159ekl reprezenta\u010dn\u00ed tren\u00e9r <strong>Milan Suchomel<\/strong>.<\/p>\n\n\n\n<p>Volejn\u00edkov\u00e1 byla \u010dtrn\u00e1ct\u00e1 s pom\u011brn\u011b malou ztr\u00e1tou na \u0161v\u00fdcarskou v\u00edt\u011bzku Lisu Baumannovou, druh\u00e1 na\u0161e \u017eena <strong>Karol\u00edna Kadlecov\u00e1<\/strong> skon\u010dila 18. V elitn\u00ed kategorii mu\u017e\u016f byl <strong>Ond\u0159ej Kole\u010d\u00edk<\/strong> na 27.m\u00edst\u011b se ztr\u00e1tou 10,1 na francouzsk\u00e9ho v\u00edt\u011bze Simona Chapeleta. <strong>Maty\u00e1\u0161 Hrom\u00e1dka <\/strong>dojel 32. a <strong>Kry\u0161tof H\u00fa\u0161\u0165<\/strong>, kter\u00fd m\u011bl premi\u00e9ru v\u00a0mu\u017e\u00edch, 45.m\u00edst\u011b se ztr\u00e1tou 15 s na v\u00edt\u011bze.V juniorsk\u00e9 kategorii skon\u010dil 19. <strong>Maty\u00e1\u0161 Povoln\u00fd. \u0160t\u011bp\u00e1n Hurta<\/strong> po solidn\u00ed kvalifikaci strhnul v zat\u00e1\u010dce pneumatiku a <strong>Sebastian Kerl<\/strong> m\u011bl p\u00e1d.<\/p>\n\n\n\n<p>V juniorsk\u00e9 kategorii skon\u010dil 19. <strong>Maty\u00e1\u0161 Povoln\u00fd. \u0160t\u011bp\u00e1n Hurta<\/strong> po solidn\u00ed kvalifikaci strhnul v zat\u00e1\u010dce pneumatiku a <strong>Sebastian Kerl<\/strong> m\u011bl p\u00e1d.<\/p>\n\n\n\n<p class=\"has-medium-font-size\"><strong>St\u0159\u00edbro Suchomela v Masters<\/strong><\/p>\n\n\n\n<p>Krom\u011b hlavn\u00edch kategori\u00ed bojovali o tituly tak\u00e9 ml\u00e1de\u017enick\u00e9 kategorie. St\u0159\u00edbrnou medaili z ME veze pouze \u00fa\u010dastn\u00edk z\u00e1vodu masters <strong>Milan Suchomel<\/strong>, kter\u00fd jel v kategorii 60+.<\/p>\n\n\n\n<figure class=\"wp-block-image size-large\"><img loading=\"lazy\" decoding=\"async\" width=\"1024\" height=\"683\" src=\"https:\/\/www.czechcyclingfederation.com\/wp-content\/uploads\/2025\/08\/suchomel-s-medaili-1024x683.jpg\" alt=\"\" class=\"wp-image-36771\" srcset=\"https:\/\/www.czechcyclingfederation.com\/wp-content\/uploads\/2025\/08\/suchomel-s-medaili-1024x683.jpg 1024w, https:\/\/www.czechcyclingfederation.com\/wp-content\/uploads\/2025\/08\/suchomel-s-medaili-300x200.jpg 300w, https:\/\/www.czechcyclingfederation.com\/wp-content\/uploads\/2025\/08\/suchomel-s-medaili-768x512.jpg 768w, https:\/\/www.czechcyclingfederation.com\/wp-content\/uploads\/2025\/08\/suchomel-s-medaili-1536x1024.jpg 1536w, https:\/\/www.czechcyclingfederation.com\/wp-content\/uploads\/2025\/08\/suchomel-s-medaili-1320x880.jpg 1320w, https:\/\/www.czechcyclingfederation.com\/wp-content\/uploads\/2025\/08\/suchomel-s-medaili.jpg 2048w\" sizes=\"auto, (max-width: 1024px) 100vw, 1024px\" \/><\/figure>\n\n\n\n<p>Z\u00e1vod\u016f se z\u00fa\u010dastnila i nejmlad\u0161\u00ed sjezdov\u00e1 krev: <strong>Oliver Fiala<\/strong> v U17 25.m\u00edsto, <strong>Jaroslav Beran<\/strong> U17 32.m\u00edsto, <strong>Martin Nicholas Proch\u00e1zka<\/strong> 51.m\u00edsto a <strong>Martin Ledwon<\/strong> 61.m\u00edsto. <em>\u201ePro v\u0161echny mlad\u00e9 jezdce to byla vysok\u00e1 \u0161kola sjezdu,\u201c <\/em>uvedl Suchomel.<\/p>\n\n\n\n<p>Foto: UEC<\/p>\n","protected":false},"excerpt":{"rendered":"<p>Nikola Volejn\u00edkov\u00e1 obsadila na mistrovstv\u00ed Evropy ve sjezdu horsk\u00fdch kol ve \u0161pan\u011blsk\u00e9m st\u0159edisku La Molina v&nbsp;v&nbsp;souboji \u017eensk\u00e9 elity 14. m\u00edsto a stala se nej\u00fasp\u011b\u0161n\u011bj\u0161\u00ed \u010deskou reprezentantkou v&nbsp;hlavn\u00edch kategori\u00edch. \u201eVzd\u00e1len\u00e1 a nezn\u00e1m\u00e1 lokalita pro sjezda\u0159e p\u0159ipravila novou tra\u0165 typickou pro Pyreneje, zvl\u00e1\u0161t\u011b pro p\u0159ev\u00fd\u0161en\u00ed okolo 500 m a strmost, kterou znaj\u00ed pouze \u00fa\u010dastn\u00edci Sv\u011btov\u00fdch poh\u00e1r\u016f,\u201c \u0159ekl [&hellip;]<\/p>\n","protected":false},"author":15,"featured_media":36769,"comment_status":"closed","ping_status":"open","sticky":false,"template":"","format":"standard","meta":{"footnotes":""},"categories":[6,2,1],"tags":[10],"class_list":["post-36768","post","type-post","status-publish","format-standard","has-post-thumbnail","hentry","category-mtb","category-novinky","category-uncategorized-cs","tag-mtb"],"_links":{"self":[{"href":"https:\/\/www.czechcyclingfederation.com\/en\/wp-json\/wp\/v2\/posts\/36768","targetHints":{"allow":["GET"]}}],"collection":[{"href":"https:\/\/www.czechcyclingfederation.com\/en\/wp-json\/wp\/v2\/posts"}],"about":[{"href":"https:\/\/www.czechcyclingfederation.com\/en\/wp-json\/wp\/v2\/types\/post"}],"author":[{"embeddable":true,"href":"https:\/\/www.czechcyclingfederation.com\/en\/wp-json\/wp\/v2\/users\/15"}],"replies":[{"embeddable":true,"href":"https:\/\/www.czechcyclingfederation.com\/en\/wp-json\/wp\/v2\/comments?post=36768"}],"version-history":[{"count":3,"href":"https:\/\/www.czechcyclingfederation.com\/en\/wp-json\/wp\/v2\/posts\/36768\/revisions"}],"predecessor-version":[{"id":36775,"href":"https:\/\/www.czechcyclingfederation.com\/en\/wp-json\/wp\/v2\/posts\/36768\/revisions\/36775"}],"wp:featuredmedia":[{"embeddable":true,"href":"https:\/\/www.czechcyclingfederation.com\/en\/wp-json\/wp\/v2\/media\/36769"}],"wp:attachment":[{"href":"https:\/\/www.czechcyclingfederation.com\/en\/wp-json\/wp\/v2\/media?parent=36768"}],"wp:term":[{"taxonomy":"category","embeddable":true,"href":"https:\/\/www.czechcyclingfederation.com\/en\/wp-json\/wp\/v2\/categories?post=36768"},{"taxonomy":"post_tag","embeddable":true,"href":"https:\/\/www.czechcyclingfederation.com\/en\/wp-json\/wp\/v2\/tags?post=36768"}],"curies":[{"name":"wp","href":"https:\/\/api.w.org\/{rel}","templated":true}]}}