{"id":3676,"date":"2021-03-09T18:20:55","date_gmt":"2021-03-09T17:20:55","guid":{"rendered":"http:\/\/www.czechcyclingfederation.com\/?p=3676"},"modified":"2021-03-09T18:23:06","modified_gmt":"2021-03-09T17:23:06","slug":"clenove-csc-zvoleni-ve-volbach-do-uec","status":"publish","type":"post","link":"https:\/\/www.czechcyclingfederation.com\/en\/clenove-csc-zvoleni-ve-volbach-do-uec\/","title":{"rendered":"\u010clenov\u00e9 \u010cSC zvoleni ve volb\u00e1ch do UEC"},"content":{"rendered":"\n<p>Na dne\u0161n\u00edm virtu\u00e1ln\u00edm kongresu Evropsk\u00e9 cyklistick\u00e9 unie (UEC) byl na \u010dty\u0159let\u00e9 obdob\u00ed 2021 &#8211; 2025 zvolen Ital Enrica Della Casa prezidentem federace. A usp\u011bli i \u010de\u0161t\u00ed kandid\u00e1ti. Mezi des\u00edtkou kandid\u00e1t\u016f do \u0159\u00edd\u00edc\u00edho v\u00fdboru UCI usp\u011bl prezident \u010cesk\u00e9ho svazu cyklistiky Petr Marek, gener\u00e1ln\u00ed sekret\u00e1\u0159ka \u010cSC Jaroslava Krakovi\u010dov\u00e1 byla zvolena jako deleg\u00e1t s pr\u00e1vem volebn\u00edm do kongresu UCI za UEC.<\/p>\n\n\n\n<p>Enrico Della Casa byl zvolen aklamac\u00ed, proto\u017ee byl jedin\u00fd kandid\u00e1t. D\u00e1le byli zvoleni tak\u00e9 \u010dlenov\u00e9 spr\u00e1vn\u00ed rady UEC, kter\u00fdmi se stali Katar\u00edna Jakubov\u00e1 (SR), Natalija Cylinsk\u00e1 (B\u011bl.), &nbsp;Alexander Gusjatnikov (Rus.), Henrik Jess Jensen (D\u00e1n.), Dragomir Kouzov (Bul.) a Delmino Albano Magalh\u00e3es Pereira (Port.).<\/p>\n\n\n\n<p>Petr Marek se z\u00fa\u010dastn\u00ed Kongresu UCI, kter\u00fd se uskute\u010dn\u00ed 24. z\u00e1\u0159\u00ed a bude na n\u011bm kandidovat do V\u00fdkonn\u00e9ho v\u00fdboru UCI. Prezident \u010cSC m\u00e1 v\u00edce ne\u017e t\u0159icetilet\u00e9 zku\u0161enosti v mnoha oblastech cyklistiky a pokud by byl zvolen do \u0159\u00edd\u00edc\u00edho v\u00fdboru UCI, bude jist\u011b platn\u00fdm \u010dlenem tohoto org\u00e1nu UCI.<\/p>\n\n\n\n<p>Ohledn\u011b deleg\u00e1t\u016f s pr\u00e1vem volebn\u00edm na kongresu UCI za UEC bylo voleno 15 osob. Deleg\u00e1t UEC na kongresu UCI se m\u00e1 \u0159\u00eddit z\u00e1v\u011bry kongresu UEC, zast\u00e1vat n\u00e1zorov\u00fd proud evropsk\u00e9 federace, volit a schvalovat dle agendy Kongresu UCI. <\/p>\n\n\n\n<p>\u201ePro m\u011b osobn\u011b je to zcela nov\u00e1 &#8220;funkce&#8221; a vzhledem k tomu, \u017ee volby byly tuto sobotu, tak i velmi \u010derstv\u00e1 bez z\u00e1sadn\u011bj\u0161\u00edch zku\u0161enost\u00ed. Kongres UCI, na kter\u00e9m bych ji\u017e m\u011bla b\u00fdt jako deleg\u00e1t UEC, (snad) prob\u011bhne letos v z\u00e1\u0159\u00ed v Belgii. Jako deleg\u00e1t UEC na Kongresu UCI budu zejm\u00e9na zastupovat UEC v elektor\u00e1tu UCI, tak\u017ee h\u00e1jit z\u00e1jmy UEC a evropsk\u00e9 cyklistiky obecn\u011b. Nicm\u00e9n\u011b douf\u00e1m, \u017ee budu m\u00edt rovn\u011b\u017e mo\u017enost alespo\u0148 \u010d\u00e1ste\u010dn\u011b prosazovat a zviditel\u0148ovat z\u00e1jmy \u010desk\u00e9 cyklistiky,\u201c \u0159ekla Jaroslava Krakovi\u010dov\u00e1.<\/p>\n\n\n\n<figure class=\"wp-block-image size-large\"><img loading=\"lazy\" decoding=\"async\" width=\"175\" height=\"75\" src=\"https:\/\/www.czechcyclingfederation.com\/wp-content\/uploads\/2021\/03\/image001.png\" alt=\"\" class=\"wp-image-3678\"\/><\/figure>\n","protected":false},"excerpt":{"rendered":"<p>Na dne\u0161n\u00edm virtu\u00e1ln\u00edm kongresu Evropsk\u00e9 cyklistick\u00e9 unie (UEC) byl na \u010dty\u0159let\u00e9 obdob\u00ed 2021 &#8211; 2025 zvolen Ital Enrica Della Casa prezidentem federace. A usp\u011bli i \u010de\u0161t\u00ed kandid\u00e1ti. Mezi des\u00edtkou kandid\u00e1t\u016f do \u0159\u00edd\u00edc\u00edho v\u00fdboru UCI usp\u011bl prezident \u010cesk\u00e9ho svazu cyklistiky Petr Marek, gener\u00e1ln\u00ed sekret\u00e1\u0159ka \u010cSC Jaroslava Krakovi\u010dov\u00e1 byla zvolena jako deleg\u00e1t s pr\u00e1vem volebn\u00edm do kongresu [&hellip;]<\/p>\n","protected":false},"author":8,"featured_media":3680,"comment_status":"closed","ping_status":"open","sticky":false,"template":"","format":"standard","meta":{"footnotes":""},"categories":[2,65],"tags":[],"class_list":["post-3676","post","type-post","status-publish","format-standard","has-post-thumbnail","hentry","category-novinky","category-subdisciplina"],"_links":{"self":[{"href":"https:\/\/www.czechcyclingfederation.com\/en\/wp-json\/wp\/v2\/posts\/3676","targetHints":{"allow":["GET"]}}],"collection":[{"href":"https:\/\/www.czechcyclingfederation.com\/en\/wp-json\/wp\/v2\/posts"}],"about":[{"href":"https:\/\/www.czechcyclingfederation.com\/en\/wp-json\/wp\/v2\/types\/post"}],"author":[{"embeddable":true,"href":"https:\/\/www.czechcyclingfederation.com\/en\/wp-json\/wp\/v2\/users\/8"}],"replies":[{"embeddable":true,"href":"https:\/\/www.czechcyclingfederation.com\/en\/wp-json\/wp\/v2\/comments?post=3676"}],"version-history":[{"count":1,"href":"https:\/\/www.czechcyclingfederation.com\/en\/wp-json\/wp\/v2\/posts\/3676\/revisions"}],"predecessor-version":[{"id":3679,"href":"https:\/\/www.czechcyclingfederation.com\/en\/wp-json\/wp\/v2\/posts\/3676\/revisions\/3679"}],"wp:featuredmedia":[{"embeddable":true,"href":"https:\/\/www.czechcyclingfederation.com\/en\/wp-json\/wp\/v2\/media\/3680"}],"wp:attachment":[{"href":"https:\/\/www.czechcyclingfederation.com\/en\/wp-json\/wp\/v2\/media?parent=3676"}],"wp:term":[{"taxonomy":"category","embeddable":true,"href":"https:\/\/www.czechcyclingfederation.com\/en\/wp-json\/wp\/v2\/categories?post=3676"},{"taxonomy":"post_tag","embeddable":true,"href":"https:\/\/www.czechcyclingfederation.com\/en\/wp-json\/wp\/v2\/tags?post=3676"}],"curies":[{"name":"wp","href":"https:\/\/api.w.org\/{rel}","templated":true}]}}