{"id":36733,"date":"2025-08-03T14:01:43","date_gmt":"2025-08-03T12:01:43","guid":{"rendered":"https:\/\/www.czechcyclingfederation.com\/?p=36733"},"modified":"2025-11-19T08:56:01","modified_gmt":"2025-11-19T07:56:01","slug":"reprezentacni-tym-mtb-info-c-30","status":"publish","type":"post","link":"https:\/\/www.czechcyclingfederation.com\/en\/reprezentacni-tym-mtb-info-c-30\/","title":{"rendered":"Reprezenta\u010dn\u00ed t\u00fdm MTB &#8211; info \u010d. 30. \/ Nominace na MS"},"content":{"rendered":"\n<p><strong>Nominace pro z\u00e1vod: MS Crans Montana, Zermatt, Verbier\/Val Danniviers, \u0160v\u00fdcarsko, XCO, XCC, XCR, XCM: 3. \u2013 15. 9. 2025.<\/strong><\/p>\n\n\n\n<p>Na z\u00e1klad\u011b Nomina\u010dn\u00edch krit\u00e9ri\u00ed V\u00e1m p\u0159edkl\u00e1d\u00e1m Nominaci na MS XCO, XCC, XCR a XCM Crans Montana, Zermatt, Verbier\/Val Danniviers, kterou schv\u00e1lila Komise MTB \u010cSC a Presidium \u010cSC.<\/p>\n\n\n\n<p>Z\u00e1kladn\u00ed informace k&nbsp;v\u00fdjezdu a video trat\u011b obdr\u017e\u00edte v&nbsp;samostatn\u00e9m emailu v&nbsp;nejbli\u017e\u0161\u00edch dnech.<\/p>\n\n\n\n<p><strong><u>Nominace pro z\u00e1vod: MS Crans Montana, Zermatt, Verbier\/Val Danniviers, \u0160v\u00fdcarsko, XCO, XCC, XCR, XCM: 3. \u2013 15.9.2025<\/u><\/strong><\/p>\n\n\n\n<p><strong><u>Juniorky:<\/u><\/strong><\/p>\n\n\n\n<p>1. Bukovsk\u00e1 Barbora, 2008 (DK BIKESHOP Racing Team), XCR, XCO&nbsp;<\/p>\n\n\n\n<p>2. Grohov\u00e1 Lucie, 2008 (DUKLA Praha), XCO&nbsp;<\/p>\n\n\n\n<p>3. Gottwaldov\u00e1 Am\u00e1lie, 2007 (CP Team), XCR, XCO&nbsp;<\/p>\n\n\n\n<p><strong><u>Junio\u0159i:<\/u><\/strong><\/p>\n\n\n\n<p>1. Ba\u017eant Kry\u0161tof, 2007 (Cyklostar Pirelli), XCR, XCO<\/p>\n\n\n\n<p>2. Mu\u0161\u00e1lek Jakub, 2007 (HEAD KMC Team Opava), XCO&nbsp;<\/p>\n\n\n\n<p><strong><u>U23 \u017eeny:<\/u><\/strong><\/p>\n\n\n\n<p>1. Sp\u011b\u0161n\u00e1 Simona (MASSI), XCC, XCO<\/p>\n\n\n\n<p>2. Han\u00e1kov\u00e1 Eli\u0161ka (Han\u00e1k Sisters Cycling Academy), XCC, XCO<\/p>\n\n\n\n<p><strong><u>U23 mu\u017ei:<\/u><\/strong><\/p>\n\n\n\n<p>1. \u010cern\u00fd Patrik (Expres CZ &#8211; BMD Team Kol\u00edn), XCR, XCO&nbsp;<\/p>\n\n\n\n<p>2. Novotn\u00fd Ond\u0159ej (Nutrend Specialized SKR Racing), XCC, XCO<\/p>\n\n\n\n<p>3. Hojka Franti\u0161ek (Expres CZ &#8211; BMD Team Kol\u00edn), XCC, XCO&nbsp;<\/p>\n\n\n\n<p><strong><u>Elite \u017eeny:<\/u><\/strong><\/p>\n\n\n\n<p>1. Holubov\u00e1 Ad\u00e9la (ROUVY), XCC, XCR, XCO<\/p>\n\n\n\n<p>2. \u010c\u00e1belick\u00e1 Jitka (Cabtech), XCC, XCO<\/p>\n\n\n\n<p><strong><u>Elite mu\u017ei:<\/u><\/strong><\/p>\n\n\n\n<p>1. Cink Ond\u0159ej (CUBE Factory Racing), XCR, XCO<\/p>\n\n\n\n<p>2. S\u00e1ska Jan (Subterra Santa Cruz), XCC, XCO<\/p>\n\n\n\n<p><strong><u>\u0160tafeta:<\/u><\/strong><\/p>\n\n\n\n<p>1. Ba\u017eant Kry\u0161tof, JM &nbsp;<\/p>\n\n\n\n<p>2. \u010cern\u00fd Patrik, MU&nbsp;<\/p>\n\n\n\n<p>3. Gottwaldov\u00e1 Am\u00e1lie, WJ<\/p>\n\n\n\n<p>4. Bukovsk\u00e1 Barbora, WJ&nbsp;<\/p>\n\n\n\n<p>5. Holubov\u00e1 Ad\u00e9la, WE&nbsp;<\/p>\n\n\n\n<p>6. Cink Ond\u0159ej, ME&nbsp;<\/p>\n\n\n\n<p><strong><u>N\u00e1hradn\u00edci XCR:&nbsp;<\/u><\/strong><\/p>\n\n\n\n<p>1. Mu\u0161\u00e1lek Jakub, JM<\/p>\n\n\n\n<p>2. Grohov\u00e1 Lucie, JW<\/p>\n\n\n\n<p>3. Han\u00e1kov\u00e1 Eli\u0161ka, WU<\/p>\n\n\n\n<p>4. Novotn\u00fd Ond\u0159ej, MU<\/p>\n\n\n\n<p>5. S\u00e1ska Jan, ME<\/p>\n\n\n\n<p><strong><u>Realiza\u010dn\u00ed t\u00fdm:<\/u><\/strong><\/p>\n\n\n\n<p>1. Zapletal Viktor \u2013 reprezenta\u010dn\u00ed tren\u00e9r<\/p>\n\n\n\n<p>2. \u0160t\u011bp\u00e1n\u00edk Ji\u0159\u00ed \u2013 mechanik&nbsp;<\/p>\n\n\n\n<p>3. \u0160ulc Jakub \u2013 mechanik<\/p>\n\n\n\n<p>4. \u0160af\u00e1\u0159ov\u00e1 Ad\u00e9la &#8211; fyzioterapeut<\/p>\n\n\n\n<p>5. Jarou\u0161 Martin &#8211; kucha\u0159<\/p>\n\n\n\n<p>6. Krakovi\u010dov\u00e1 Jarka \u2013 mana\u017eer<\/p>\n\n\n\n<p><strong><u>MS XCM (Verbier\/Val Danniviers) 6.9.2025:<\/u><\/strong><\/p>\n\n\n\n<p><strong>Mu\u017ei Elite:<\/strong><\/p>\n\n\n\n<p>1. Cink Ond\u0159ej (CUBE Factory Racing)&nbsp;<\/p>\n\n\n\n<p>2. Sto\u0161ek Martin (Buff Megamo)<\/p>\n\n\n\n<p>3. Adel Filip (Superior)<\/p>\n\n\n\n<p><strong><u>Realiza\u010dn\u00ed t\u00fdm:<\/u><\/strong><\/p>\n\n\n\n<p>1. Zapletal Viktor \u2013 reprezenta\u010dn\u00ed tren\u00e9r<\/p>\n\n\n\n<p>2. \u0160ulc Jakub \u2013 mechanik<\/p>\n\n\n\n<p>3. Jarou\u0161 Martin &#8211; kucha\u0159<br><\/p>\n\n\n\n<p><\/p>\n","protected":false},"excerpt":{"rendered":"<p>Nominace pro z\u00e1vod: MS Crans Montana, Zermatt, Verbier\/Val Danniviers, \u0160v\u00fdcarsko, XCO, XCC, XCR, XCM: 3. \u2013 15. 9. 2025. Na z\u00e1klad\u011b Nomina\u010dn\u00edch krit\u00e9ri\u00ed V\u00e1m p\u0159edkl\u00e1d\u00e1m Nominaci na MS XCO, XCC, XCR a XCM Crans Montana, Zermatt, Verbier\/Val Danniviers, kterou schv\u00e1lila Komise MTB \u010cSC a Presidium \u010cSC. Z\u00e1kladn\u00ed informace k&nbsp;v\u00fdjezdu a video trat\u011b obdr\u017e\u00edte v&nbsp;samostatn\u00e9m emailu [&hellip;]<\/p>\n","protected":false},"author":9,"featured_media":36734,"comment_status":"closed","ping_status":"open","sticky":false,"template":"","format":"standard","meta":{"footnotes":""},"categories":[429,6],"tags":[10],"class_list":["post-36733","post","type-post","status-publish","format-standard","has-post-thumbnail","hentry","category-mtb-info","category-mtb","tag-mtb"],"_links":{"self":[{"href":"https:\/\/www.czechcyclingfederation.com\/en\/wp-json\/wp\/v2\/posts\/36733","targetHints":{"allow":["GET"]}}],"collection":[{"href":"https:\/\/www.czechcyclingfederation.com\/en\/wp-json\/wp\/v2\/posts"}],"about":[{"href":"https:\/\/www.czechcyclingfederation.com\/en\/wp-json\/wp\/v2\/types\/post"}],"author":[{"embeddable":true,"href":"https:\/\/www.czechcyclingfederation.com\/en\/wp-json\/wp\/v2\/users\/9"}],"replies":[{"embeddable":true,"href":"https:\/\/www.czechcyclingfederation.com\/en\/wp-json\/wp\/v2\/comments?post=36733"}],"version-history":[{"count":3,"href":"https:\/\/www.czechcyclingfederation.com\/en\/wp-json\/wp\/v2\/posts\/36733\/revisions"}],"predecessor-version":[{"id":38685,"href":"https:\/\/www.czechcyclingfederation.com\/en\/wp-json\/wp\/v2\/posts\/36733\/revisions\/38685"}],"wp:featuredmedia":[{"embeddable":true,"href":"https:\/\/www.czechcyclingfederation.com\/en\/wp-json\/wp\/v2\/media\/36734"}],"wp:attachment":[{"href":"https:\/\/www.czechcyclingfederation.com\/en\/wp-json\/wp\/v2\/media?parent=36733"}],"wp:term":[{"taxonomy":"category","embeddable":true,"href":"https:\/\/www.czechcyclingfederation.com\/en\/wp-json\/wp\/v2\/categories?post=36733"},{"taxonomy":"post_tag","embeddable":true,"href":"https:\/\/www.czechcyclingfederation.com\/en\/wp-json\/wp\/v2\/tags?post=36733"}],"curies":[{"name":"wp","href":"https:\/\/api.w.org\/{rel}","templated":true}]}}