{"id":36696,"date":"2025-08-01T10:58:06","date_gmt":"2025-08-01T08:58:06","guid":{"rendered":"https:\/\/www.czechcyclingfederation.com\/?p=36696"},"modified":"2025-08-01T11:02:15","modified_gmt":"2025-08-01T09:02:15","slug":"bikeri-rada-a-salaquardova-tesne-pod-stupni-na-eyof","status":"publish","type":"post","link":"https:\/\/www.czechcyclingfederation.com\/en\/bikeri-rada-a-salaquardova-tesne-pod-stupni-na-eyof\/","title":{"rendered":"Bike\u0159i Rada a Salaquardov\u00e1 t\u011bsn\u011b pod stupni na EYOF"},"content":{"rendered":"\n<p>V&nbsp;minul\u00e9m t\u00fddnu \u00fasp\u011b\u0161n\u011b reprezentovali \u010ceskou republiku na Evropsk\u00e9m olympijsk\u00e9m festivalu ml\u00e1de\u017ee EYOF v&nbsp;Severn\u00ed Makedonii <strong>Vojt\u011bch Rada<\/strong> a Sofie <strong>Salaquardov\u00e1<\/strong>. Rada skon\u010dil v&nbsp;konkurenci nejlep\u0161\u00edch evropsk\u00fdch XCO jezdc\u016f kategorie U17 \u010dtvrt\u00fd, Salaquardov\u00e1 p\u00e1t\u00e1.<\/p>\n\n\n\n<figure class=\"wp-block-image size-large\"><img loading=\"lazy\" decoding=\"async\" width=\"914\" height=\"1024\" src=\"https:\/\/www.czechcyclingfederation.com\/wp-content\/uploads\/2025\/08\/f1d193c1-6719-493c-9cd8-3e95ea58f89b-1-914x1024.jpg\" alt=\"\" class=\"wp-image-36704\" srcset=\"https:\/\/www.czechcyclingfederation.com\/wp-content\/uploads\/2025\/08\/f1d193c1-6719-493c-9cd8-3e95ea58f89b-1-914x1024.jpg 914w, https:\/\/www.czechcyclingfederation.com\/wp-content\/uploads\/2025\/08\/f1d193c1-6719-493c-9cd8-3e95ea58f89b-1-179x200.jpg 179w, https:\/\/www.czechcyclingfederation.com\/wp-content\/uploads\/2025\/08\/f1d193c1-6719-493c-9cd8-3e95ea58f89b-1-768x860.jpg 768w, https:\/\/www.czechcyclingfederation.com\/wp-content\/uploads\/2025\/08\/f1d193c1-6719-493c-9cd8-3e95ea58f89b-1.jpg 1080w\" sizes=\"auto, (max-width: 914px) 100vw, 914px\" \/><\/figure>\n\n\n\n<p><em>\u201eNa p\u0159ev\u00e1\u017en\u011b p\u0159\u00edrodn\u00ed trati s&nbsp;prudk\u00fdmi sjezdy, dropy a kamenn\u00fdmi pas\u00e1\u017eemi, si oba mlad\u00ed bike\u0159i vedli v\u00fdborn\u011b. Stejn\u011b dob\u0159e se popasovali i s&nbsp;vysok\u00fdmi teplotami, kter\u00e9 ve st\u00ednu dosahovaly 39 \u00b0C. Vojtu o medailov\u00fd \u00fasp\u011bch p\u0159ipravila kolize s&nbsp;jedn\u00edm ze z\u00e1vodn\u00edk\u016f v&nbsp;pr\u016fb\u011bhu p\u0159edposledn\u00edho kola. Sofii se poda\u0159il start, cel\u00fd z\u00e1vod absolvovala vyrovnan\u011b a do c\u00edle si p\u0159ijela pro 5. m\u00edsto.&nbsp; V\u00fdsledky ukazuj\u00ed u obou vysokou v\u00fdkonnost, kterou v\u011b\u0159\u00edme, \u017ee prodaj\u00ed na bl\u00ed\u017e\u00edc\u00edm se ME ml\u00e1de\u017ee ve \u0160v\u00e9dsk\u00e9m J\u00f6nk\u00f6pingu,\u201c<\/em> uvedl tren\u00e9r Martin Valuch.<\/p>\n\n\n\n<figure class=\"wp-block-image size-large\"><img loading=\"lazy\" decoding=\"async\" width=\"813\" height=\"1024\" src=\"https:\/\/www.czechcyclingfederation.com\/wp-content\/uploads\/2025\/08\/IMG_4944-1-813x1024.jpg\" alt=\"\" class=\"wp-image-36713\" srcset=\"https:\/\/www.czechcyclingfederation.com\/wp-content\/uploads\/2025\/08\/IMG_4944-1-813x1024.jpg 813w, https:\/\/www.czechcyclingfederation.com\/wp-content\/uploads\/2025\/08\/IMG_4944-1-159x200.jpg 159w, https:\/\/www.czechcyclingfederation.com\/wp-content\/uploads\/2025\/08\/IMG_4944-1-768x967.jpg 768w, https:\/\/www.czechcyclingfederation.com\/wp-content\/uploads\/2025\/08\/IMG_4944-1.jpg 1170w\" sizes=\"auto, (max-width: 813px) 100vw, 813px\" \/><\/figure>\n\n\n\n<p>Foto: \u010cOV<\/p>\n","protected":false},"excerpt":{"rendered":"<p>V&nbsp;minul\u00e9m t\u00fddnu \u00fasp\u011b\u0161n\u011b reprezentovali \u010ceskou republiku na Evropsk\u00e9m olympijsk\u00e9m festivalu ml\u00e1de\u017ee EYOF v&nbsp;Severn\u00ed Makedonii Vojt\u011bch Rada a Sofie Salaquardov\u00e1. Rada skon\u010dil v&nbsp;konkurenci nejlep\u0161\u00edch evropsk\u00fdch XCO jezdc\u016f kategorie U17 \u010dtvrt\u00fd, Salaquardov\u00e1 p\u00e1t\u00e1. \u201eNa p\u0159ev\u00e1\u017en\u011b p\u0159\u00edrodn\u00ed trati s&nbsp;prudk\u00fdmi sjezdy, dropy a kamenn\u00fdmi pas\u00e1\u017eemi, si oba mlad\u00ed bike\u0159i vedli v\u00fdborn\u011b. Stejn\u011b dob\u0159e se popasovali i s&nbsp;vysok\u00fdmi teplotami, kter\u00e9 [&hellip;]<\/p>\n","protected":false},"author":15,"featured_media":36719,"comment_status":"closed","ping_status":"open","sticky":false,"template":"","format":"standard","meta":{"footnotes":""},"categories":[6,2,1],"tags":[10],"class_list":["post-36696","post","type-post","status-publish","format-standard","has-post-thumbnail","hentry","category-mtb","category-novinky","category-uncategorized-cs","tag-mtb"],"_links":{"self":[{"href":"https:\/\/www.czechcyclingfederation.com\/en\/wp-json\/wp\/v2\/posts\/36696","targetHints":{"allow":["GET"]}}],"collection":[{"href":"https:\/\/www.czechcyclingfederation.com\/en\/wp-json\/wp\/v2\/posts"}],"about":[{"href":"https:\/\/www.czechcyclingfederation.com\/en\/wp-json\/wp\/v2\/types\/post"}],"author":[{"embeddable":true,"href":"https:\/\/www.czechcyclingfederation.com\/en\/wp-json\/wp\/v2\/users\/15"}],"replies":[{"embeddable":true,"href":"https:\/\/www.czechcyclingfederation.com\/en\/wp-json\/wp\/v2\/comments?post=36696"}],"version-history":[{"count":3,"href":"https:\/\/www.czechcyclingfederation.com\/en\/wp-json\/wp\/v2\/posts\/36696\/revisions"}],"predecessor-version":[{"id":36715,"href":"https:\/\/www.czechcyclingfederation.com\/en\/wp-json\/wp\/v2\/posts\/36696\/revisions\/36715"}],"wp:featuredmedia":[{"embeddable":true,"href":"https:\/\/www.czechcyclingfederation.com\/en\/wp-json\/wp\/v2\/media\/36719"}],"wp:attachment":[{"href":"https:\/\/www.czechcyclingfederation.com\/en\/wp-json\/wp\/v2\/media?parent=36696"}],"wp:term":[{"taxonomy":"category","embeddable":true,"href":"https:\/\/www.czechcyclingfederation.com\/en\/wp-json\/wp\/v2\/categories?post=36696"},{"taxonomy":"post_tag","embeddable":true,"href":"https:\/\/www.czechcyclingfederation.com\/en\/wp-json\/wp\/v2\/tags?post=36696"}],"curies":[{"name":"wp","href":"https:\/\/api.w.org\/{rel}","templated":true}]}}