{"id":36677,"date":"2025-07-28T11:28:18","date_gmt":"2025-07-28T09:28:18","guid":{"rendered":"https:\/\/www.czechcyclingfederation.com\/?p=36677"},"modified":"2025-08-04T10:54:06","modified_gmt":"2025-08-04T08:54:06","slug":"dalsi-dil-skoda-auto-cp-v-maratonu-vyhral-stosek-a-tvaruzkova","status":"publish","type":"post","link":"https:\/\/www.czechcyclingfederation.com\/en\/dalsi-dil-skoda-auto-cp-v-maratonu-vyhral-stosek-a-tvaruzkova\/","title":{"rendered":"Dal\u0161\u00ed d\u00edl \u0160koda Auto \u010cP v maratonu vyhr\u00e1li Sto\u0161ek a Tvar\u016f\u017ekov\u00e1"},"content":{"rendered":"\n<p>V sobotu 26. \u010dervence se v horsk\u00e9m are\u00e1lu Chur\u00e1\u0148ov uskute\u010dnil ji\u017e <strong>28. ro\u010dn\u00edk \u010cEZ \u0160umavsk\u00e9ho MTB maratonu<\/strong>. Tradi\u010dn\u00ed z\u00e1vod hostil p\u00e1t\u00fd d\u00edl <strong>\u0160koda Auto \u010cesk\u00e9ho poh\u00e1ru v maratonu.<\/strong><\/p>\n\n\n\n<figure class=\"wp-block-image size-large\"><img loading=\"lazy\" decoding=\"async\" width=\"1024\" height=\"682\" src=\"https:\/\/www.czechcyclingfederation.com\/wp-content\/uploads\/2025\/07\/CEZ-Sumavsky-MTB-maraton-Martin-Stosek-1024x682.jpg\" alt=\"\" class=\"wp-image-36680\" srcset=\"https:\/\/www.czechcyclingfederation.com\/wp-content\/uploads\/2025\/07\/CEZ-Sumavsky-MTB-maraton-Martin-Stosek-1024x682.jpg 1024w, https:\/\/www.czechcyclingfederation.com\/wp-content\/uploads\/2025\/07\/CEZ-Sumavsky-MTB-maraton-Martin-Stosek-300x200.jpg 300w, https:\/\/www.czechcyclingfederation.com\/wp-content\/uploads\/2025\/07\/CEZ-Sumavsky-MTB-maraton-Martin-Stosek-768x511.jpg 768w, https:\/\/www.czechcyclingfederation.com\/wp-content\/uploads\/2025\/07\/CEZ-Sumavsky-MTB-maraton-Martin-Stosek-1536x1022.jpg 1536w, https:\/\/www.czechcyclingfederation.com\/wp-content\/uploads\/2025\/07\/CEZ-Sumavsky-MTB-maraton-Martin-Stosek-1320x878.jpg 1320w, https:\/\/www.czechcyclingfederation.com\/wp-content\/uploads\/2025\/07\/CEZ-Sumavsky-MTB-maraton-Martin-Stosek.jpg 2048w\" sizes=\"auto, (max-width: 1024px) 100vw, 1024px\" \/><\/figure>\n\n\n\n<p>Na start se postavila kompletn\u00ed \u010desk\u00e1 \u0161pi\u010dka, v\u010detn\u011b \u00fa\u0159aduj\u00edc\u00edho \u010desk\u00e9ho \u0161ampiona <strong>Martina Sto\u0161ka<\/strong> (Buff Megamo), kter\u00fd potvrdil skv\u011blou formu a suver\u00e9nn\u011b zv\u00edt\u011bzil. <strong>Tra\u0165 o d\u00e9lce 62 km s p\u0159ev\u00fd\u0161en\u00edm 1.800 metr\u016f<\/strong>, vedouc\u00ed z ly\u017ea\u0159sk\u00e9ho a bikov\u00e9ho centra Zadov p\u0159es \u0161umavsk\u00e9 pastviny u Nicova, vimpersk\u00fd z\u00e1mek a ikonick\u00fd skokansk\u00fd m\u016fstek, zvl\u00e1dl v \u010dase <strong>2:16:44 hod<\/strong>. <\/p>\n\n\n\n<figure class=\"wp-block-image size-large\"><img loading=\"lazy\" decoding=\"async\" width=\"1024\" height=\"682\" src=\"https:\/\/www.czechcyclingfederation.com\/wp-content\/uploads\/2025\/07\/CEZ-Sumavsky-MTB-maraton-podium-elite-muzi-1024x682.jpg\" alt=\"\" class=\"wp-image-36682\" srcset=\"https:\/\/www.czechcyclingfederation.com\/wp-content\/uploads\/2025\/07\/CEZ-Sumavsky-MTB-maraton-podium-elite-muzi-1024x682.jpg 1024w, https:\/\/www.czechcyclingfederation.com\/wp-content\/uploads\/2025\/07\/CEZ-Sumavsky-MTB-maraton-podium-elite-muzi-300x200.jpg 300w, https:\/\/www.czechcyclingfederation.com\/wp-content\/uploads\/2025\/07\/CEZ-Sumavsky-MTB-maraton-podium-elite-muzi-768x511.jpg 768w, https:\/\/www.czechcyclingfederation.com\/wp-content\/uploads\/2025\/07\/CEZ-Sumavsky-MTB-maraton-podium-elite-muzi-1536x1022.jpg 1536w, https:\/\/www.czechcyclingfederation.com\/wp-content\/uploads\/2025\/07\/CEZ-Sumavsky-MTB-maraton-podium-elite-muzi-1320x878.jpg 1320w, https:\/\/www.czechcyclingfederation.com\/wp-content\/uploads\/2025\/07\/CEZ-Sumavsky-MTB-maraton-podium-elite-muzi.jpg 2048w\" sizes=\"auto, (max-width: 1024px) 100vw, 1024px\" \/><\/figure>\n\n\n\n<p>Na druh\u00e9m m\u00edst\u011b dojel <strong>Filip Rydval<\/strong> (D2 Mont Merida) se ztr\u00e1tou pouh\u00fdch 6 vte\u0159in, t\u0159et\u00ed p\u0159\u00ed\u010dku obsadil <strong>Filip Adel<\/strong> (Superior Team) s odstupem 30 vte\u0159in.<\/p>\n\n\n\n<p>V \u017eensk\u00e9 kategorii kralovala <strong>Tereza Tvar\u016f\u017ekov\u00e1<\/strong> (\u010cesk\u00e1 spo\u0159itelna Accolade), kter\u00e1 si dojela pro v\u00edt\u011bzstv\u00ed v \u010dase <strong>2:45:32 hod<\/strong>. Na druh\u00e9m m\u00edst\u011b fini\u0161ovala <strong>Karla Nov\u00e1kov\u00e1<\/strong> (VIF Eleven Head Cyklolive) se ztr\u00e1tou 7:21 min, t\u0159et\u00ed dojela zku\u0161en\u00e1 <strong>Tereza Vlk Hu\u0159\u00edkov\u00e1<\/strong> (Rouvy) s odstupem 8:17 min.<\/p>\n\n\n\n<p>Z\u00e1vod v\u00fdrazn\u011b ovlivnilo <strong>prom\u011bnliv\u00e9 po\u010das\u00ed<\/strong> \u2013 v\u011bt\u0161ina trasy se jela za <strong>vytrval\u00e9ho de\u0161t\u011b<\/strong>, ale po poledni se \u0160umava p\u0159ece jen uk\u00e1zala ve slune\u010dn\u011bj\u0161\u00edm sv\u011btle, co\u017e p\u0159isp\u011blo k v\u00fdborn\u00e9 atmosf\u00e9\u0159e v c\u00edli.<\/p>\n\n\n\n<figure class=\"wp-block-image size-large\"><img loading=\"lazy\" decoding=\"async\" width=\"1024\" height=\"683\" src=\"https:\/\/www.czechcyclingfederation.com\/wp-content\/uploads\/2025\/07\/CEZ-Sumavsky-MTB-maraton-Josef-Dostal-1024x683.jpg\" alt=\"\" class=\"wp-image-36685\" srcset=\"https:\/\/www.czechcyclingfederation.com\/wp-content\/uploads\/2025\/07\/CEZ-Sumavsky-MTB-maraton-Josef-Dostal-1024x683.jpg 1024w, https:\/\/www.czechcyclingfederation.com\/wp-content\/uploads\/2025\/07\/CEZ-Sumavsky-MTB-maraton-Josef-Dostal-300x200.jpg 300w, https:\/\/www.czechcyclingfederation.com\/wp-content\/uploads\/2025\/07\/CEZ-Sumavsky-MTB-maraton-Josef-Dostal-768x512.jpg 768w, https:\/\/www.czechcyclingfederation.com\/wp-content\/uploads\/2025\/07\/CEZ-Sumavsky-MTB-maraton-Josef-Dostal-1536x1025.jpg 1536w, https:\/\/www.czechcyclingfederation.com\/wp-content\/uploads\/2025\/07\/CEZ-Sumavsky-MTB-maraton-Josef-Dostal-1320x880.jpg 1320w, https:\/\/www.czechcyclingfederation.com\/wp-content\/uploads\/2025\/07\/CEZ-Sumavsky-MTB-maraton-Josef-Dostal.jpg 2048w\" sizes=\"auto, (max-width: 1024px) 100vw, 1024px\" \/><\/figure>\n\n\n\n<p>Na Zadov dorazily i zn\u00e1m\u00e9 osobnosti \u010desk\u00e9ho sportu &#8211; b\u011b\u017ekyn\u011b <strong>Marcela Joglov\u00e1<\/strong> a olympijsk\u00fd v\u00edt\u011bz <strong>Josef Dost\u00e1l<\/strong>, kte\u0159\u00ed si z\u00e1vod u\u017eili spole\u010dn\u011b s v\u00edce ne\u017e tis\u00edcovkou hobby jezdc\u016f.<\/p>\n\n\n\n<figure class=\"wp-block-image size-large\"><img loading=\"lazy\" decoding=\"async\" width=\"1024\" height=\"683\" src=\"https:\/\/www.czechcyclingfederation.com\/wp-content\/uploads\/2025\/07\/CEZ-Sumavsky-MTB-maraton-detske-zavody-1024x683.jpg\" alt=\"\" class=\"wp-image-36684\" srcset=\"https:\/\/www.czechcyclingfederation.com\/wp-content\/uploads\/2025\/07\/CEZ-Sumavsky-MTB-maraton-detske-zavody-1024x683.jpg 1024w, https:\/\/www.czechcyclingfederation.com\/wp-content\/uploads\/2025\/07\/CEZ-Sumavsky-MTB-maraton-detske-zavody-300x200.jpg 300w, https:\/\/www.czechcyclingfederation.com\/wp-content\/uploads\/2025\/07\/CEZ-Sumavsky-MTB-maraton-detske-zavody-768x512.jpg 768w, https:\/\/www.czechcyclingfederation.com\/wp-content\/uploads\/2025\/07\/CEZ-Sumavsky-MTB-maraton-detske-zavody-1536x1024.jpg 1536w, https:\/\/www.czechcyclingfederation.com\/wp-content\/uploads\/2025\/07\/CEZ-Sumavsky-MTB-maraton-detske-zavody-1320x880.jpg 1320w, https:\/\/www.czechcyclingfederation.com\/wp-content\/uploads\/2025\/07\/CEZ-Sumavsky-MTB-maraton-detske-zavody.jpg 2048w\" sizes=\"auto, (max-width: 1024px) 100vw, 1024px\" \/><\/figure>\n\n\n\n<p><strong>Ani d\u011bti nep\u0159i\u0161ly zkr\u00e1tka<\/strong> \u2013 v prostoru are\u00e1lu Chur\u00e1\u0148ov prob\u011bhly tradi\u010dn\u00ed d\u011btsk\u00e9 z\u00e1vody, kter\u00fdch se i p\u0159es de\u0161tiv\u00e9 po\u010das\u00ed z\u00fa\u010dastnilo mnoho mal\u00fdch nad\u011bj\u00ed. Nad\u0161en\u00ed, \u00fasm\u011bvy a bojovnost mal\u00fdch z\u00e1vodn\u00edk\u016f dotvo\u0159ily skv\u011blou sportovn\u00ed kulisu cel\u00e9ho dne.<\/p>\n\n\n\n<p>P\u0159\u00ed\u0161t\u00ed ro\u010dn\u00edk \u010cEZ \u0160umavsk\u00e9ho MTB maratonu bude hostit<strong> \u0160koda Auto Mistrovstv\u00ed \u010cesk\u00e9 republiky v maratonu 2026<\/strong>. Fanou\u0161ci i z\u00e1vodn\u00edci se tak mohou t\u011b\u0161it na dom\u00e1c\u00ed vrchol maratonsk\u00e9 sez\u00f3ny v kulis\u00e1ch malebn\u00e9 \u0160umavy.<\/p>\n\n\n\n<figure class=\"wp-block-image size-large\"><img loading=\"lazy\" decoding=\"async\" width=\"1024\" height=\"684\" src=\"https:\/\/www.czechcyclingfederation.com\/wp-content\/uploads\/2025\/07\/CEZ-Sumavsky-MTB-maraton-start-zavodu-1024x684.jpg\" alt=\"\" class=\"wp-image-36687\" srcset=\"https:\/\/www.czechcyclingfederation.com\/wp-content\/uploads\/2025\/07\/CEZ-Sumavsky-MTB-maraton-start-zavodu-1024x684.jpg 1024w, https:\/\/www.czechcyclingfederation.com\/wp-content\/uploads\/2025\/07\/CEZ-Sumavsky-MTB-maraton-start-zavodu-300x200.jpg 300w, https:\/\/www.czechcyclingfederation.com\/wp-content\/uploads\/2025\/07\/CEZ-Sumavsky-MTB-maraton-start-zavodu-768x513.jpg 768w, https:\/\/www.czechcyclingfederation.com\/wp-content\/uploads\/2025\/07\/CEZ-Sumavsky-MTB-maraton-start-zavodu-1536x1025.jpg 1536w, https:\/\/www.czechcyclingfederation.com\/wp-content\/uploads\/2025\/07\/CEZ-Sumavsky-MTB-maraton-start-zavodu-1320x881.jpg 1320w, https:\/\/www.czechcyclingfederation.com\/wp-content\/uploads\/2025\/07\/CEZ-Sumavsky-MTB-maraton-start-zavodu.jpg 2048w\" sizes=\"auto, (max-width: 1024px) 100vw, 1024px\" \/><\/figure>\n\n\n\n<p>Seri\u00e1l <a href=\"http:\/\/iprimacup.cz\/\">Prima CUP<\/a> pokra\u010duje u\u017e v sobotu 9. srpna dal\u0161\u00edm z\u00e1vodem, tentokr\u00e1t v l\u00e1ze\u0148sk\u00e9m prost\u0159ed\u00ed Karlov\u00fdch Var\u016f. Z\u00e1vod <a href=\"http:\/\/iprimacup.cz\/25-kv\/\">\u010cEZ Karlovy Vary<\/a> nab\u00eddne atraktivn\u00ed trat\u011b, kter\u00e9 kombinuj\u00ed sportovn\u00ed v\u00fdzvu s kr\u00e1sou okoln\u00ed p\u0159\u00edrody i historick\u00fdch dominant m\u011bsta. Na \u00fa\u010dastn\u00edky \u010dekaj\u00ed t\u0159i r\u016fzn\u00e9 trasy podle v\u00fdkonnosti \u2013 hlavn\u00ed z\u00e1vod m\u011b\u0159\u00ed 70 km, st\u0159edn\u00ed varianta 45 km a krat\u0161\u00ed pohodov\u00e1 trasa 20 km, ide\u00e1ln\u00ed pro rodiny s d\u011btmi nebo za\u010d\u00e1te\u010dn\u00edky. Start a c\u00edl jsou situov\u00e1ny v bezprost\u0159edn\u00ed bl\u00edzkosti l\u00e1ze\u0148sk\u00e9ho centra, co\u017e dod\u00e1v\u00e1 z\u00e1vodu v\u00fdjime\u010dnou atmosf\u00e9ru. Sou\u010d\u00e1st\u00ed dne budou tak\u00e9 d\u011btsk\u00e9 z\u00e1vody pro mal\u00e9 cyklisty do 10 let. Ka\u017ed\u00fd \u00fa\u010dastn\u00edk nav\u00edc z\u00edsk\u00e1 startovn\u00ed d\u00e1rek \u2013 k\u00e1vu Bristot 250 g.&nbsp;<\/p>\n","protected":false},"excerpt":{"rendered":"<p>V sobotu 26. \u010dervence se v horsk\u00e9m are\u00e1lu Chur\u00e1\u0148ov uskute\u010dnil ji\u017e 28. ro\u010dn\u00edk \u010cEZ \u0160umavsk\u00e9ho MTB maratonu. Tradi\u010dn\u00ed z\u00e1vod hostil p\u00e1t\u00fd d\u00edl \u0160koda Auto \u010cesk\u00e9ho poh\u00e1ru v maratonu. Na start se postavila kompletn\u00ed \u010desk\u00e1 \u0161pi\u010dka, v\u010detn\u011b \u00fa\u0159aduj\u00edc\u00edho \u010desk\u00e9ho \u0161ampiona Martina Sto\u0161ka (Buff Megamo), kter\u00fd potvrdil skv\u011blou formu a suver\u00e9nn\u011b zv\u00edt\u011bzil. Tra\u0165 o d\u00e9lce 62 km [&hellip;]<\/p>\n","protected":false},"author":9,"featured_media":36678,"comment_status":"closed","ping_status":"open","sticky":false,"template":"","format":"standard","meta":{"footnotes":""},"categories":[6,2],"tags":[],"class_list":["post-36677","post","type-post","status-publish","format-standard","has-post-thumbnail","hentry","category-mtb","category-novinky"],"_links":{"self":[{"href":"https:\/\/www.czechcyclingfederation.com\/en\/wp-json\/wp\/v2\/posts\/36677","targetHints":{"allow":["GET"]}}],"collection":[{"href":"https:\/\/www.czechcyclingfederation.com\/en\/wp-json\/wp\/v2\/posts"}],"about":[{"href":"https:\/\/www.czechcyclingfederation.com\/en\/wp-json\/wp\/v2\/types\/post"}],"author":[{"embeddable":true,"href":"https:\/\/www.czechcyclingfederation.com\/en\/wp-json\/wp\/v2\/users\/9"}],"replies":[{"embeddable":true,"href":"https:\/\/www.czechcyclingfederation.com\/en\/wp-json\/wp\/v2\/comments?post=36677"}],"version-history":[{"count":3,"href":"https:\/\/www.czechcyclingfederation.com\/en\/wp-json\/wp\/v2\/posts\/36677\/revisions"}],"predecessor-version":[{"id":36759,"href":"https:\/\/www.czechcyclingfederation.com\/en\/wp-json\/wp\/v2\/posts\/36677\/revisions\/36759"}],"wp:featuredmedia":[{"embeddable":true,"href":"https:\/\/www.czechcyclingfederation.com\/en\/wp-json\/wp\/v2\/media\/36678"}],"wp:attachment":[{"href":"https:\/\/www.czechcyclingfederation.com\/en\/wp-json\/wp\/v2\/media?parent=36677"}],"wp:term":[{"taxonomy":"category","embeddable":true,"href":"https:\/\/www.czechcyclingfederation.com\/en\/wp-json\/wp\/v2\/categories?post=36677"},{"taxonomy":"post_tag","embeddable":true,"href":"https:\/\/www.czechcyclingfederation.com\/en\/wp-json\/wp\/v2\/tags?post=36677"}],"curies":[{"name":"wp","href":"https:\/\/api.w.org\/{rel}","templated":true}]}}