{"id":36657,"date":"2025-07-27T20:23:01","date_gmt":"2025-07-27T18:23:01","guid":{"rendered":"https:\/\/www.czechcyclingfederation.com\/?p=36657"},"modified":"2025-07-28T06:23:42","modified_gmt":"2025-07-28T04:23:42","slug":"saska-23-v-bitve-muzske-elity-na-me","status":"publish","type":"post","link":"https:\/\/www.czechcyclingfederation.com\/en\/saska-23-v-bitve-muzske-elity-na-me\/","title":{"rendered":"S\u00e1ska 23. v\u00a0bitv\u011b mu\u017esk\u00e9 elity na ME"},"content":{"rendered":"\n<p>\u010cerstv\u00fd mistr republiky v&nbsp;cross country horsk\u00fdch kol <strong>Jan S\u00e1ska<\/strong> p\u0159enesl formu z&nbsp;dom\u00e1c\u00edho \u0161ampion\u00e1tu i na mistrovstv\u00ed Evropy do Portugalska. V extr\u00e9mn\u011b n\u00e1ro\u010dn\u00fdch podm\u00ednk\u00e1ch v&nbsp;podob\u011b \u00famorn\u00e9ho vedra vybojoval v Melgacu sv\u016fj nejlep\u0161\u00ed v\u00fdsledek v&nbsp;elitn\u00ed kategorii, kdy\u017e obsadil 23. m\u00edsto.<\/p>\n\n\n\n<p><em>\u201eK tomu v\u00fdsledku mu dopomohl i skv\u011bl\u00fd v\u00fdkon. Byl to mimo\u0159\u00e1dn\u011b t\u011b\u017ek\u00fd z\u00e1vod. Pod\u00edvejte se na jm\u00e9na ve v\u00fdsledkov\u00e9 listin\u011b kolem Honzy. M\u00e1m velkou radost z&nbsp;toho, jak to zvl\u00e1dl, proto\u017ee podm\u00ednky jsou tady skute\u010dn\u011b extr\u00e9mn\u00ed,\u201c<\/em> uvedl reprezenta\u010dn\u00ed tren\u00e9r <strong>Viktor Zapletal<\/strong>.<\/p>\n\n\n\n<figure class=\"wp-block-image size-large\"><img loading=\"lazy\" decoding=\"async\" width=\"1024\" height=\"683\" src=\"https:\/\/www.czechcyclingfederation.com\/wp-content\/uploads\/2025\/07\/saska-3-1024x683.jpg\" alt=\"\" class=\"wp-image-36666\" srcset=\"https:\/\/www.czechcyclingfederation.com\/wp-content\/uploads\/2025\/07\/saska-3-1024x683.jpg 1024w, https:\/\/www.czechcyclingfederation.com\/wp-content\/uploads\/2025\/07\/saska-3-300x200.jpg 300w, https:\/\/www.czechcyclingfederation.com\/wp-content\/uploads\/2025\/07\/saska-3-768x512.jpg 768w, https:\/\/www.czechcyclingfederation.com\/wp-content\/uploads\/2025\/07\/saska-3-1536x1024.jpg 1536w, https:\/\/www.czechcyclingfederation.com\/wp-content\/uploads\/2025\/07\/saska-3-2048x1365.jpg 2048w, https:\/\/www.czechcyclingfederation.com\/wp-content\/uploads\/2025\/07\/saska-3-1320x880.jpg 1320w\" sizes=\"auto, (max-width: 1024px) 100vw, 1024px\" \/><\/figure>\n\n\n\n<p><em>\u201eByl to super z\u00e1vod. Docela se mi povedl start, rychle jsem se dostal do top 20, ale c\u00edtil jsem, \u017ee to tempo je hodn\u011b vysok\u00e9. Cht\u011bl jsem zkusit, jak dlouho to vydr\u017e\u00edm, ale v&nbsp;posledn\u00edm kole m\u011b p\u0159edjela \u010dty\u0159\u010dlenn\u00e1 skupinka a j\u00e1 se jich nebyl schopen udr\u017eet. Ale i tak jsem maxim\u00e1ln\u011b spokojen,\u201c<\/em> \u0159ekl S\u00e1ska, kter\u00fd je v&nbsp;elitn\u00ed kategorii prvn\u00edm rokem.<\/p>\n\n\n\n<figure class=\"wp-block-image size-large\"><img loading=\"lazy\" decoding=\"async\" width=\"905\" height=\"1024\" src=\"https:\/\/www.czechcyclingfederation.com\/wp-content\/uploads\/2025\/07\/saska-5-905x1024.jpg\" alt=\"\" class=\"wp-image-36670\" srcset=\"https:\/\/www.czechcyclingfederation.com\/wp-content\/uploads\/2025\/07\/saska-5-905x1024.jpg 905w, https:\/\/www.czechcyclingfederation.com\/wp-content\/uploads\/2025\/07\/saska-5-177x200.jpg 177w, https:\/\/www.czechcyclingfederation.com\/wp-content\/uploads\/2025\/07\/saska-5-768x869.jpg 768w, https:\/\/www.czechcyclingfederation.com\/wp-content\/uploads\/2025\/07\/saska-5-1357x1536.jpg 1357w, https:\/\/www.czechcyclingfederation.com\/wp-content\/uploads\/2025\/07\/saska-5-1809x2048.jpg 1809w, https:\/\/www.czechcyclingfederation.com\/wp-content\/uploads\/2025\/07\/saska-5-1320x1494.jpg 1320w\" sizes=\"auto, (max-width: 905px) 100vw, 905px\" \/><\/figure>\n\n\n\n<p>Z\u00e1vod mu\u017esk\u00e9 elity, v&nbsp;n\u011bm\u017e startovalo 44 biker\u016f, ovl\u00e1dl britsk\u00fd v\u0161eum\u011bl <strong>Tom Pidcock<\/strong>, kter\u00fd p\u0159ijel do c\u00edle osamocen s&nbsp;n\u00e1skokem p\u0159es p\u016fl minuty p\u0159ed krajanem <strong>Charliem Aldridgem<\/strong>. Bronz vybojoval D\u00e1n <strong>Simon Andreassen<\/strong>.<\/p>\n\n\n\n<p>Partnerka d\u00e1nsk\u00e9ho z\u00e1vodn\u00edka, \u0160v\u00e9dka <strong>Jenny Rissvedsov\u00e1<\/strong>, z\u00edskala po short tracku zlato i v&nbsp;cross country \u017een. St\u0159\u00edbro putuje do Brit\u00e1nie d\u00edky <strong>Evie Richardsov\u00e9<\/strong>, bronz brala \u0160v\u00fdcarka <strong>Nicole Kollerov\u00e1.<\/strong> Dvojici \u010desk\u00fdch reprezentantek z\u00e1vod p\u0159\u00edli\u0161 nevy\u0161el. <strong>Ad\u00e9la Holubov\u00e1<\/strong> byla se ztr\u00e1tou 1 kola 23. z&nbsp;28 klasifikovan\u00fdch, <strong>Jitka \u010c\u00e1belick\u00e1<\/strong> skon\u010dila se ztr\u00e1tou 2 kol 25.<\/p>\n\n\n\n<p>Mezi \u017eenami do 23 let obsadila <strong>Eli\u0161ka Han\u00e1kov\u00e1<\/strong> obsadila 19. p\u0159\u00ed\u010dku, <strong>Simona Sp\u011b\u0161n\u00e1<\/strong> z\u00e1vod nedokon\u010dila.<\/p>\n\n\n\n<p><strong>V\u00fdsledky<\/strong><\/p>\n\n\n\n<p><strong>Mu\u017ei: <\/strong>1. Pidcock 1:21:02 hod., 2. Aldridge (oba V. Brit.) +36, 3. Andreassen (D\u00e1n.) +1:14, 4. Colombo +1:14, 5. P\u00fcnterer (oba \u0160v\u00fdc.) +1:20, \u2026 23. S\u00e1ska +5:16.<\/p>\n\n\n\n<p><strong>\u017deny: <\/strong>1. Rissvedsov\u00e1 (\u0160v\u00e9d.) 1:21:47, 2. Richardsov\u00e1 (Brit.) +1:19, 3. Kollerov\u00e1 (\u0160v\u00fdc.) +1:46, 4. Bertaov\u00e1 (It.) +3:23, 5. Indergandov\u00e1 (\u0160v\u00fdc.) +4:10, \u2026 <strong>23. Holubov\u00e1 <\/strong>-1 kolo, <strong>25. \u010c\u00e1belick\u00e1 <\/strong>(ob\u011b \u010cR) -2 kola.<\/p>\n\n\n\n<p><strong>\u017deny U23: <\/strong>1. Corviov\u00e1 (It.) 1:12:44, 2. Hutterov\u00e1 (\u0160v\u00fdc.) +32, 3. Van Thielov\u00e1 (N\u011bm.) +2:21, \u2026 <strong>19. Han\u00e1kov\u00e1 <\/strong>+8:49, <strong>Sp\u011b\u0161n\u00e1 <\/strong>(ob\u011b \u010cR) nedokon\u010dila.<\/p>\n\n\n\n<p>Foto: Ad\u00e9la \u0160af\u00e1\u0159ov\u00e1<\/p>\n","protected":false},"excerpt":{"rendered":"<p>\u010cerstv\u00fd mistr republiky v&nbsp;cross country horsk\u00fdch kol Jan S\u00e1ska p\u0159enesl formu z&nbsp;dom\u00e1c\u00edho \u0161ampion\u00e1tu i na mistrovstv\u00ed Evropy do Portugalska. V extr\u00e9mn\u011b n\u00e1ro\u010dn\u00fdch podm\u00ednk\u00e1ch v&nbsp;podob\u011b \u00famorn\u00e9ho vedra vybojoval v Melgacu sv\u016fj nejlep\u0161\u00ed v\u00fdsledek v&nbsp;elitn\u00ed kategorii, kdy\u017e obsadil 23. m\u00edsto. \u201eK tomu v\u00fdsledku mu dopomohl i skv\u011bl\u00fd v\u00fdkon. Byl to mimo\u0159\u00e1dn\u011b t\u011b\u017ek\u00fd z\u00e1vod. Pod\u00edvejte se na jm\u00e9na [&hellip;]<\/p>\n","protected":false},"author":15,"featured_media":36663,"comment_status":"closed","ping_status":"open","sticky":false,"template":"","format":"standard","meta":{"footnotes":""},"categories":[6,2],"tags":[10],"class_list":["post-36657","post","type-post","status-publish","format-standard","has-post-thumbnail","hentry","category-mtb","category-novinky","tag-mtb"],"_links":{"self":[{"href":"https:\/\/www.czechcyclingfederation.com\/en\/wp-json\/wp\/v2\/posts\/36657","targetHints":{"allow":["GET"]}}],"collection":[{"href":"https:\/\/www.czechcyclingfederation.com\/en\/wp-json\/wp\/v2\/posts"}],"about":[{"href":"https:\/\/www.czechcyclingfederation.com\/en\/wp-json\/wp\/v2\/types\/post"}],"author":[{"embeddable":true,"href":"https:\/\/www.czechcyclingfederation.com\/en\/wp-json\/wp\/v2\/users\/15"}],"replies":[{"embeddable":true,"href":"https:\/\/www.czechcyclingfederation.com\/en\/wp-json\/wp\/v2\/comments?post=36657"}],"version-history":[{"count":2,"href":"https:\/\/www.czechcyclingfederation.com\/en\/wp-json\/wp\/v2\/posts\/36657\/revisions"}],"predecessor-version":[{"id":36672,"href":"https:\/\/www.czechcyclingfederation.com\/en\/wp-json\/wp\/v2\/posts\/36657\/revisions\/36672"}],"wp:featuredmedia":[{"embeddable":true,"href":"https:\/\/www.czechcyclingfederation.com\/en\/wp-json\/wp\/v2\/media\/36663"}],"wp:attachment":[{"href":"https:\/\/www.czechcyclingfederation.com\/en\/wp-json\/wp\/v2\/media?parent=36657"}],"wp:term":[{"taxonomy":"category","embeddable":true,"href":"https:\/\/www.czechcyclingfederation.com\/en\/wp-json\/wp\/v2\/categories?post=36657"},{"taxonomy":"post_tag","embeddable":true,"href":"https:\/\/www.czechcyclingfederation.com\/en\/wp-json\/wp\/v2\/tags?post=36657"}],"curies":[{"name":"wp","href":"https:\/\/api.w.org\/{rel}","templated":true}]}}