{"id":3665,"date":"2021-03-08T19:08:57","date_gmt":"2021-03-08T18:08:57","guid":{"rendered":"http:\/\/www.czechcyclingfederation.com\/?p=3665"},"modified":"2021-03-15T14:39:31","modified_gmt":"2021-03-15T13:39:31","slug":"zemrel-pavel-tomastik","status":"publish","type":"post","link":"https:\/\/www.czechcyclingfederation.com\/en\/zemrel-pavel-tomastik\/","title":{"rendered":"Zem\u0159el Pavel Toma\u0161t\u00edk"},"content":{"rendered":"\n<p><\/p>\n\n\n\n<p>Ve v\u011bku pouh\u00fdch 56 let zem\u0159el n\u00e1hle b\u00fdval\u00fd v\u00fdborn\u00fd cyklista, dr\u00e1ha\u0159 i silni\u010d\u00e1\u0159, Pavel Toma\u0161t\u00edk. Jeho nejv\u011bt\u0161\u00edm \u00fasp\u011bchem bylo druh\u00e9 m\u00edsto na 60. ro\u010dn\u00edku z\u00e1vodu Praha &#8211; Karlovy Vary &#8211; Praha v roce 1989, kdy p\u0159ijel do c\u00edle v \u00faniku spolu s Otakarem Fialou, kter\u00e9mu podlehl a\u017e v z\u00e1v\u011bre\u010dn\u00e9m spurtu.<\/p>\n\n\n\n<p>Rod\u00e1k z Vala\u0161sk\u00e9ho Mezi\u0159\u00ed\u010d\u00ed jezdil nejprve v Brn\u011b u pana Miroslava \u010cernohl\u00e1vka, potom byl platn\u00fdm \u010dlenem Dukly Praha. P\u0159ed olympijsk\u00fdmi hrami v Soulu (1988) byl v \u0161ir\u0161\u00ed nominaci \u010desk\u00e9ho v\u00fdb\u011bru Vojt\u011bcha \u010cerv\u00ednka pro z\u00e1vod dru\u017estev na 100 km.<\/p>\n\n\n\n<p>FOTO Petr Vop\u00e1lka<\/p>\n","protected":false},"excerpt":{"rendered":"<p>Ve v\u011bku pouh\u00fdch 56 let zem\u0159el n\u00e1hle b\u00fdval\u00fd v\u00fdborn\u00fd cyklista, dr\u00e1ha\u0159 i silni\u010d\u00e1\u0159, Pavel Toma\u0161t\u00edk. Jeho nejv\u011bt\u0161\u00edm \u00fasp\u011bchem bylo druh\u00e9 m\u00edsto na 60. ro\u010dn\u00edku z\u00e1vodu Praha &#8211; Karlovy Vary &#8211; Praha v roce 1989, kdy p\u0159ijel do c\u00edle v \u00faniku spolu s Otakarem Fialou, kter\u00e9mu podlehl a\u017e v z\u00e1v\u011bre\u010dn\u00e9m spurtu. Rod\u00e1k z Vala\u0161sk\u00e9ho Mezi\u0159\u00ed\u010d\u00ed jezdil [&hellip;]<\/p>\n","protected":false},"author":8,"featured_media":3666,"comment_status":"closed","ping_status":"open","sticky":false,"template":"","format":"standard","meta":{"footnotes":""},"categories":[2,65],"tags":[119],"class_list":["post-3665","post","type-post","status-publish","format-standard","has-post-thumbnail","hentry","category-novinky","category-subdisciplina","tag-csc"],"_links":{"self":[{"href":"https:\/\/www.czechcyclingfederation.com\/en\/wp-json\/wp\/v2\/posts\/3665","targetHints":{"allow":["GET"]}}],"collection":[{"href":"https:\/\/www.czechcyclingfederation.com\/en\/wp-json\/wp\/v2\/posts"}],"about":[{"href":"https:\/\/www.czechcyclingfederation.com\/en\/wp-json\/wp\/v2\/types\/post"}],"author":[{"embeddable":true,"href":"https:\/\/www.czechcyclingfederation.com\/en\/wp-json\/wp\/v2\/users\/8"}],"replies":[{"embeddable":true,"href":"https:\/\/www.czechcyclingfederation.com\/en\/wp-json\/wp\/v2\/comments?post=3665"}],"version-history":[{"count":1,"href":"https:\/\/www.czechcyclingfederation.com\/en\/wp-json\/wp\/v2\/posts\/3665\/revisions"}],"predecessor-version":[{"id":3667,"href":"https:\/\/www.czechcyclingfederation.com\/en\/wp-json\/wp\/v2\/posts\/3665\/revisions\/3667"}],"wp:featuredmedia":[{"embeddable":true,"href":"https:\/\/www.czechcyclingfederation.com\/en\/wp-json\/wp\/v2\/media\/3666"}],"wp:attachment":[{"href":"https:\/\/www.czechcyclingfederation.com\/en\/wp-json\/wp\/v2\/media?parent=3665"}],"wp:term":[{"taxonomy":"category","embeddable":true,"href":"https:\/\/www.czechcyclingfederation.com\/en\/wp-json\/wp\/v2\/categories?post=3665"},{"taxonomy":"post_tag","embeddable":true,"href":"https:\/\/www.czechcyclingfederation.com\/en\/wp-json\/wp\/v2\/tags?post=3665"}],"curies":[{"name":"wp","href":"https:\/\/api.w.org\/{rel}","templated":true}]}}