{"id":36647,"date":"2025-07-27T10:51:53","date_gmt":"2025-07-27T08:51:53","guid":{"rendered":"https:\/\/www.czechcyclingfederation.com\/?p=36647"},"modified":"2025-07-27T20:32:31","modified_gmt":"2025-07-27T18:32:31","slug":"mladez-bojovala-o-mistrovske-medaile-na-draze-v-prostejove","status":"publish","type":"post","link":"https:\/\/www.czechcyclingfederation.com\/en\/mladez-bojovala-o-mistrovske-medaile-na-draze-v-prostejove\/","title":{"rendered":"Ml\u00e1de\u017e bojovala o mistrovsk\u00e9 medaile na dr\u00e1ze v\u00a0Prost\u011bjov\u011b"},"content":{"rendered":"\n<p>Prost\u011bjovsk\u00fd ov\u00e1l hostil mistrovstv\u00ed republiky ml\u00e1de\u017ee ve vytrvalostn\u00edch discipl\u00edn\u00e1ch. Mezi juniory si vedli nejl\u00e9pe jezdci Dukly Praha, \u0160imon Mat\u011bjek vybojoval zlat\u00e9 medaile ve scratchi, byl \u010dlenem v\u00edt\u011bzn\u00e9ho kvarteta ve st\u00edhac\u00edm z\u00e1vodu dru\u017estev a ve fin\u00e1le individu\u00e1ln\u00ed st\u00edha\u010dky podlehl ve fin\u00e1le Tom\u00e1\u0161i Vr\u00e1novi z&nbsp; TUFO Pardus Prost\u011bjov. Bodovac\u00ed z\u00e1vod ovl\u00e1dl dal\u0161\u00ed jezdec Dukly Filip Richter.<\/p>\n\n\n\n<p>Mezi juniorkami byla nej\u00fasp\u011b\u0161n\u011bj\u0161\u00ed Be\u00e1ta Hermanov\u00e1 ze Sportcomplexu B\u0159eclav, kter\u00e1 z\u00edskala dv\u011b zlata a jedno st\u0159\u00edbro, obr\u00e1cenou bilanc\u00ed se m\u016f\u017ee pochlubit Zuzka Kr\u00e1tk\u00e1 (Superior Team Jesen\u00edk).<\/p>\n\n\n\n<p>V\u00fdsledky:<\/p>\n\n\n\n<p>Scratch:<\/p>\n\n\n\n<p>Junio\u0159i:<\/p>\n\n\n\n<p>1.Mat\u011bjek, 2. Richter, 3. Icha (v\u0161ichni Dukla Praha), 4. Vr\u00e1na (TUFO Pardus Prost\u011bjov), 5. Kub\u011bna (Roman Kreuziger cycling academy), 6. Rauschert (TUFO Pardus Prost\u011bjov).<\/p>\n\n\n\n<p>Juniorky: 1. Kr\u00e1tk\u00e1 (Superior Team Jesen\u00edk), 2. Hermanov\u00e1, 3. N\u011bmcov\u00e1 (ob\u011b Sportcomplex B\u0159eclav).<\/p>\n\n\n\n<p>Kadetky: 1. Pechov\u00e1 (TUFO Pardus Prost\u011bjov).<\/p>\n\n\n\n<p>Star\u0161\u00ed \u017e\u00e1ci: 1. Van\u010data (SK Pet\u0159\u00edn Plze\u0148).<\/p>\n\n\n\n<p>Kadeti: 1. Kani\u0161\u010dev (TUFO Pardus Prost\u011bjov).<\/p>\n\n\n\n<p>Mlad\u0161\u00ed \u017e\u00e1ci: 1. Kysela (TJ Favorit Brno).<\/p>\n\n\n\n<p>\u017d\u00e1kyn\u011b: 1. Fr\u00f6hlichov\u00e1 (Open Cycling Academy).<\/p>\n\n\n\n<p>St\u00edhac\u00ed z\u00e1vod:<\/p>\n\n\n\n<p>Junio\u0159i:<\/p>\n\n\n\n<p>Fin\u00e1le: Vr\u00e1na 3:30,997 &#8211; Mat\u011bjek (Dukla Praha) 3:32,490, o 3. m\u00edsto: Rauschert 3:29,802 &#8211; Kub\u011bna 3:31,305.<\/p>\n\n\n\n<p>Juniorky: Fin\u00e1le: Hermanov\u00e1 4:04,389 &#8211; Kr\u00e1tk\u00e1 4:14,277, 3. N\u011bmcov\u00e1 4:09,673.<\/p>\n\n\n\n<p>Kadeti: 1. Be\u010dka (TJ Stadion Louny) 2:34,368.<\/p>\n\n\n\n<p>Star\u0161\u00ed \u017e\u00e1ci: 1. Van\u010data 2:44,918.<\/p>\n\n\n\n<p>Kadetky: 1. Jan\u00edkov\u00e1 (Rexonic KOVO Praha) 3:03,056.<\/p>\n\n\n\n<p>Mlad\u0161\u00ed \u017e\u00e1ci: 1. Kysela 3:05,710.<\/p>\n\n\n\n<p>\u017d\u00e1kyn\u011b: 1. Fr\u00f6hlichov\u00e1 3:02,966.<\/p>\n\n\n\n<p>Bodovac\u00ed z\u00e1vod:<\/p>\n\n\n\n<p>Junio\u0159i:<\/p>\n\n\n\n<p>1.Richter 47, 2. Vr\u00e1na 44, 3. Kub\u011bna 17, 4. Icha 10, 5, Rauschert 8, 6. Jaro\u0161 (TUFO Pardus Prost\u011bjov) 6.<\/p>\n\n\n\n<p>Juniorky:<\/p>\n\n\n\n<p>1.Hermanov\u00e1 35, 2. Kr\u00e1tk\u00e1 18, 3. N\u011bmcov\u00e1 17.<\/p>\n\n\n\n<p>\u017d\u00e1kyn\u011b: 1. Fr\u00f6hlichov\u00e1.<\/p>\n\n\n\n<p>Kadetky: 1. Pechov\u00e1.<\/p>\n\n\n\n<p>Mlad\u0161\u00ed \u017e\u00e1ci: 1. Kysela.<\/p>\n\n\n\n<p>Kadeti: 1. Be\u010dka.<\/p>\n\n\n\n<p>Star\u0161\u00ed \u017e\u00e1ci: 1. \u010ctrn\u00e1ct\u00fd (Dukla Praha).<\/p>\n\n\n\n<p>St\u00edhac\u00ed z\u00e1vod dru\u017estev:<\/p>\n\n\n\n<p>Junio\u0159i:<\/p>\n\n\n\n<p>Fin\u00e1le: Dukla Praha (Richter, Mat\u011bjek, Icha, Frajbi\u0161) 4:25,950 &#8211; TUFO Pardus Prost\u011bjov\/Roman Kreutziger cycling academy 4:31,637, 3. Dukla Praha\/TJ Stadion Louny 4:31,637.<\/p>\n\n\n\n<p>Kadeti: 1. Dukla Praha\/TJ Stadion Louny 3:36,195.<\/p>\n\n\n\n<p>\u017d\u00e1ci: 1. Dukla Praha\/TJ Favorit Brno\/Drahansk\u00fd sport 4:03,908.<\/p>\n\n\n\n<p>\u017d\u00e1kyn\u011b a kadetky: 1. Open Cycling Academy\/Sportcomplex B\u0159eclav 4:08,869.<\/p>\n\n\n\n<p>FOTO: Dukly Praha<\/p>\n\n\n\n<figure class=\"wp-block-image size-large\"><img loading=\"lazy\" decoding=\"async\" width=\"1024\" height=\"768\" src=\"http:\/\/www.czechcyclingfederation.com\/wp-content\/uploads\/2025\/07\/Obrazek-WhatsApp-2025-07-27-v-10.39.49_7930332d-1024x768.jpg\" alt=\"\" class=\"wp-image-36654\" srcset=\"https:\/\/www.czechcyclingfederation.com\/wp-content\/uploads\/2025\/07\/Obrazek-WhatsApp-2025-07-27-v-10.39.49_7930332d-1024x768.jpg 1024w, https:\/\/www.czechcyclingfederation.com\/wp-content\/uploads\/2025\/07\/Obrazek-WhatsApp-2025-07-27-v-10.39.49_7930332d-267x200.jpg 267w, https:\/\/www.czechcyclingfederation.com\/wp-content\/uploads\/2025\/07\/Obrazek-WhatsApp-2025-07-27-v-10.39.49_7930332d-768x576.jpg 768w, https:\/\/www.czechcyclingfederation.com\/wp-content\/uploads\/2025\/07\/Obrazek-WhatsApp-2025-07-27-v-10.39.49_7930332d-1536x1152.jpg 1536w, https:\/\/www.czechcyclingfederation.com\/wp-content\/uploads\/2025\/07\/Obrazek-WhatsApp-2025-07-27-v-10.39.49_7930332d-1320x990.jpg 1320w, https:\/\/www.czechcyclingfederation.com\/wp-content\/uploads\/2025\/07\/Obrazek-WhatsApp-2025-07-27-v-10.39.49_7930332d.jpg 1600w\" sizes=\"auto, (max-width: 1024px) 100vw, 1024px\" \/><\/figure>\n\n\n\n<figure class=\"wp-block-image size-large\"><img loading=\"lazy\" decoding=\"async\" width=\"1024\" height=\"993\" src=\"http:\/\/www.czechcyclingfederation.com\/wp-content\/uploads\/2025\/07\/Obrazek-WhatsApp-2025-07-27-v-10.39.49_6c0c2b8c-1024x993.jpg\" alt=\"\" class=\"wp-image-36650\" srcset=\"https:\/\/www.czechcyclingfederation.com\/wp-content\/uploads\/2025\/07\/Obrazek-WhatsApp-2025-07-27-v-10.39.49_6c0c2b8c-1024x993.jpg 1024w, https:\/\/www.czechcyclingfederation.com\/wp-content\/uploads\/2025\/07\/Obrazek-WhatsApp-2025-07-27-v-10.39.49_6c0c2b8c-206x200.jpg 206w, https:\/\/www.czechcyclingfederation.com\/wp-content\/uploads\/2025\/07\/Obrazek-WhatsApp-2025-07-27-v-10.39.49_6c0c2b8c-768x745.jpg 768w, https:\/\/www.czechcyclingfederation.com\/wp-content\/uploads\/2025\/07\/Obrazek-WhatsApp-2025-07-27-v-10.39.49_6c0c2b8c.jpg 1231w\" sizes=\"auto, (max-width: 1024px) 100vw, 1024px\" \/><\/figure>\n\n\n\n<figure class=\"wp-block-image size-large\"><img loading=\"lazy\" decoding=\"async\" width=\"1024\" height=\"957\" src=\"http:\/\/www.czechcyclingfederation.com\/wp-content\/uploads\/2025\/07\/Obrazek-WhatsApp-2025-07-27-v-10.39.49_2ece5530-1024x957.jpg\" alt=\"\" class=\"wp-image-36648\" srcset=\"https:\/\/www.czechcyclingfederation.com\/wp-content\/uploads\/2025\/07\/Obrazek-WhatsApp-2025-07-27-v-10.39.49_2ece5530-1024x957.jpg 1024w, https:\/\/www.czechcyclingfederation.com\/wp-content\/uploads\/2025\/07\/Obrazek-WhatsApp-2025-07-27-v-10.39.49_2ece5530-214x200.jpg 214w, https:\/\/www.czechcyclingfederation.com\/wp-content\/uploads\/2025\/07\/Obrazek-WhatsApp-2025-07-27-v-10.39.49_2ece5530-768x718.jpg 768w, https:\/\/www.czechcyclingfederation.com\/wp-content\/uploads\/2025\/07\/Obrazek-WhatsApp-2025-07-27-v-10.39.49_2ece5530.jpg 1266w\" sizes=\"auto, (max-width: 1024px) 100vw, 1024px\" \/><\/figure>\n","protected":false},"excerpt":{"rendered":"<p>Prost\u011bjovsk\u00fd ov\u00e1l hostil mistrovstv\u00ed republiky ml\u00e1de\u017ee ve vytrvalostn\u00edch discipl\u00edn\u00e1ch. Mezi juniory si vedli nejl\u00e9pe jezdci Dukly Praha, \u0160imon Mat\u011bjek vybojoval zlat\u00e9 medaile ve scratchi, byl \u010dlenem v\u00edt\u011bzn\u00e9ho kvarteta ve st\u00edhac\u00edm z\u00e1vodu dru\u017estev a ve fin\u00e1le individu\u00e1ln\u00ed st\u00edha\u010dky podlehl ve fin\u00e1le Tom\u00e1\u0161i Vr\u00e1novi z&nbsp; TUFO Pardus Prost\u011bjov. Bodovac\u00ed z\u00e1vod ovl\u00e1dl dal\u0161\u00ed jezdec Dukly Filip Richter. Mezi [&hellip;]<\/p>\n","protected":false},"author":8,"featured_media":36652,"comment_status":"closed","ping_status":"open","sticky":false,"template":"","format":"standard","meta":{"footnotes":""},"categories":[54,2,1],"tags":[9],"class_list":["post-36647","post","type-post","status-publish","format-standard","has-post-thumbnail","hentry","category-draha","category-novinky","category-uncategorized-cs","tag-draha"],"_links":{"self":[{"href":"https:\/\/www.czechcyclingfederation.com\/en\/wp-json\/wp\/v2\/posts\/36647","targetHints":{"allow":["GET"]}}],"collection":[{"href":"https:\/\/www.czechcyclingfederation.com\/en\/wp-json\/wp\/v2\/posts"}],"about":[{"href":"https:\/\/www.czechcyclingfederation.com\/en\/wp-json\/wp\/v2\/types\/post"}],"author":[{"embeddable":true,"href":"https:\/\/www.czechcyclingfederation.com\/en\/wp-json\/wp\/v2\/users\/8"}],"replies":[{"embeddable":true,"href":"https:\/\/www.czechcyclingfederation.com\/en\/wp-json\/wp\/v2\/comments?post=36647"}],"version-history":[{"count":2,"href":"https:\/\/www.czechcyclingfederation.com\/en\/wp-json\/wp\/v2\/posts\/36647\/revisions"}],"predecessor-version":[{"id":36661,"href":"https:\/\/www.czechcyclingfederation.com\/en\/wp-json\/wp\/v2\/posts\/36647\/revisions\/36661"}],"wp:featuredmedia":[{"embeddable":true,"href":"https:\/\/www.czechcyclingfederation.com\/en\/wp-json\/wp\/v2\/media\/36652"}],"wp:attachment":[{"href":"https:\/\/www.czechcyclingfederation.com\/en\/wp-json\/wp\/v2\/media?parent=36647"}],"wp:term":[{"taxonomy":"category","embeddable":true,"href":"https:\/\/www.czechcyclingfederation.com\/en\/wp-json\/wp\/v2\/categories?post=36647"},{"taxonomy":"post_tag","embeddable":true,"href":"https:\/\/www.czechcyclingfederation.com\/en\/wp-json\/wp\/v2\/tags?post=36647"}],"curies":[{"name":"wp","href":"https:\/\/api.w.org\/{rel}","templated":true}]}}