{"id":36633,"date":"2025-07-25T18:38:56","date_gmt":"2025-07-25T16:38:56","guid":{"rendered":"https:\/\/www.czechcyclingfederation.com\/?p=36633"},"modified":"2025-07-25T18:38:59","modified_gmt":"2025-07-25T16:38:59","slug":"ceska-stafeta-bikeru-na-me-sesta","status":"publish","type":"post","link":"https:\/\/www.czechcyclingfederation.com\/en\/ceska-stafeta-bikeru-na-me-sesta\/","title":{"rendered":"\u010cesk\u00e1 \u0161tafeta biker\u016f na ME \u0161est\u00e1"},"content":{"rendered":"\n<p>Velmi dobr\u00e9 \u0161est\u00e9 m\u00edsto vybojovala mlad\u00e1 \u010desk\u00e1 \u0161tafeta na mistrovstv\u00ed Evropy horsk\u00fdch kol v portugalsk\u00e9m Melgacu ve slo\u017een\u00ed <strong>Jakub Mu\u0161\u00e1lek, Ond\u0159ej Novotn\u00fd, Lucie Grohov\u00e1, Eli\u0161ka Han\u00e1kov\u00e1, Am\u00e1lie Gottwaldov\u00e1 a Jan S\u00e1ska<\/strong>. Titul z\u00edskala \u0161tafeta It\u00e1lie.<\/p>\n\n\n\n<p><em>\u201eMus\u00edm pochv\u00e1lit v\u0161echny na\u0161e z\u00e1vodnice a z\u00e1vodn\u00edky za profesion\u00e1ln\u00ed p\u0159\u00edstup a bojovnost. St\u00e1li na startu pln\u00e9m slavn\u00fdch jmen a velmi dob\u0159e tu stresovou situaci i technick\u00e9 a taktick\u00e9 pojet\u00ed z\u00e1vodu zvl\u00e1dli. Je to jeden z na\u0161ich nejlep\u0161\u00edch \u0161tafetov\u00fdch v\u00fdsledk\u016f v posledn\u00edch \u010dty\u0159ech sezon\u00e1ch,\u201c<\/em> zhodnotil dne\u0161n\u00ed z\u00e1vod reprezenta\u010dn\u00ed tren\u00e9r <strong>Viktor Zapletal.<\/strong><\/p>\n\n\n\n<p><em>\u201eNa\u0161e \u0161tafeta nejela v\u00a0nesiln\u011bj\u0161\u00edm mo\u017en\u00e9m slo\u017een\u00ed. Na\u0161e nejlep\u0161\u00ed juniory jsme po short tracku po\u0161et\u0159ili na cross country, abychom se pokusili z\u00edskat dal\u0161\u00ed medaili. Nejeli Ondra Cink, Honza Zatloukal ani Ad\u00e9la Holubov\u00e1. Nicm\u00e9n\u011b tam byly dv\u011b siln\u00e9 juniorky na t\u0159et\u00edm a p\u00e1t\u00e9m \u00faseku, co\u017e je v\u00fdrazn\u00e1 zm\u011bna oproti minul\u00fdm rok\u016fm, kde na\u0161e \u017eensk\u00e9 \u00faseky ztr\u00e1cely. Dne\u0161n\u00ed z\u00e1vod byl i jak\u00fdmsi testem pro mistrovstv\u00ed sv\u011bta v\u00a0Crans Montan\u011b, kde bychom m\u011bli jet v\u00a0nejsiln\u011bj\u0161\u00edm slo\u017een\u00ed, tedy i s\u00a0Ond\u0159ejem, B\u00e1rou Bukovskou a Kry\u0161tofem Ba\u017eantem,\u201c <\/em>dodal tren\u00e9r reprezentace.<\/p>\n\n\n\n<p><strong>V\u00fdsledky<\/strong><\/p>\n\n\n\n<p>1. It\u00e1lie 1:02:18 hod., 2. \u0160v\u00fdcarsko + 39 s, 3. N\u011bmecko 40, 4. Rakousko +53, 5. \u0160pan\u011blsko +3:02, 6. <strong>\u010cR <\/strong>(<strong>Mu\u0161\u00e1lek, Novotn\u00fd, Grohov\u00e1, Han\u00e1kov\u00e1, Gottwaldov\u00e1, S\u00e1ska)<\/strong> +3:24.<\/p>\n\n\n\n<p>Foto: Jakub \u0160ulc<\/p>\n","protected":false},"excerpt":{"rendered":"<p>Velmi dobr\u00e9 \u0161est\u00e9 m\u00edsto vybojovala mlad\u00e1 \u010desk\u00e1 \u0161tafeta na mistrovstv\u00ed Evropy horsk\u00fdch kol v portugalsk\u00e9m Melgacu ve slo\u017een\u00ed Jakub Mu\u0161\u00e1lek, Ond\u0159ej Novotn\u00fd, Lucie Grohov\u00e1, Eli\u0161ka Han\u00e1kov\u00e1, Am\u00e1lie Gottwaldov\u00e1 a Jan S\u00e1ska. Titul z\u00edskala \u0161tafeta It\u00e1lie. \u201eMus\u00edm pochv\u00e1lit v\u0161echny na\u0161e z\u00e1vodnice a z\u00e1vodn\u00edky za profesion\u00e1ln\u00ed p\u0159\u00edstup a bojovnost. St\u00e1li na startu pln\u00e9m slavn\u00fdch jmen a velmi [&hellip;]<\/p>\n","protected":false},"author":15,"featured_media":36634,"comment_status":"closed","ping_status":"open","sticky":false,"template":"","format":"standard","meta":{"footnotes":""},"categories":[6,2],"tags":[10],"class_list":["post-36633","post","type-post","status-publish","format-standard","has-post-thumbnail","hentry","category-mtb","category-novinky","tag-mtb"],"_links":{"self":[{"href":"https:\/\/www.czechcyclingfederation.com\/en\/wp-json\/wp\/v2\/posts\/36633","targetHints":{"allow":["GET"]}}],"collection":[{"href":"https:\/\/www.czechcyclingfederation.com\/en\/wp-json\/wp\/v2\/posts"}],"about":[{"href":"https:\/\/www.czechcyclingfederation.com\/en\/wp-json\/wp\/v2\/types\/post"}],"author":[{"embeddable":true,"href":"https:\/\/www.czechcyclingfederation.com\/en\/wp-json\/wp\/v2\/users\/15"}],"replies":[{"embeddable":true,"href":"https:\/\/www.czechcyclingfederation.com\/en\/wp-json\/wp\/v2\/comments?post=36633"}],"version-history":[{"count":1,"href":"https:\/\/www.czechcyclingfederation.com\/en\/wp-json\/wp\/v2\/posts\/36633\/revisions"}],"predecessor-version":[{"id":36636,"href":"https:\/\/www.czechcyclingfederation.com\/en\/wp-json\/wp\/v2\/posts\/36633\/revisions\/36636"}],"wp:featuredmedia":[{"embeddable":true,"href":"https:\/\/www.czechcyclingfederation.com\/en\/wp-json\/wp\/v2\/media\/36634"}],"wp:attachment":[{"href":"https:\/\/www.czechcyclingfederation.com\/en\/wp-json\/wp\/v2\/media?parent=36633"}],"wp:term":[{"taxonomy":"category","embeddable":true,"href":"https:\/\/www.czechcyclingfederation.com\/en\/wp-json\/wp\/v2\/categories?post=36633"},{"taxonomy":"post_tag","embeddable":true,"href":"https:\/\/www.czechcyclingfederation.com\/en\/wp-json\/wp\/v2\/tags?post=36633"}],"curies":[{"name":"wp","href":"https:\/\/api.w.org\/{rel}","templated":true}]}}