{"id":3659,"date":"2021-03-04T20:58:12","date_gmt":"2021-03-04T19:58:12","guid":{"rendered":"http:\/\/www.czechcyclingfederation.com\/?p=3659"},"modified":"2021-03-04T21:03:13","modified_gmt":"2021-03-04T20:03:13","slug":"na-tormaletu-prvni-sablikova-a-skarnitzl","status":"publish","type":"post","link":"https:\/\/www.czechcyclingfederation.com\/en\/na-tormaletu-prvni-sablikova-a-skarnitzl\/","title":{"rendered":"Na Tormaletu prvn\u00ed S\u00e1bl\u00edkov\u00e1 a \u0160karnitzl"},"content":{"rendered":"\n<p>Nejt\u011b\u017e\u0161\u00ed z\u00e1vod seri\u00e1lu virtu\u00e1ln\u00edch cyklistick\u00fdch z\u00e1vod\u016f \u0160KODA eCUP 2021 &#8211; Tourmalet zn\u00e1 sv\u00e9 v\u00edt\u011bze. Kl\u00e1n\u00ed dlouh\u00e9 jen 18,08 km, ale stoup\u00e1n\u00edm od startu a\u017e do c\u00edle, zvl\u00e1dli nejrychleji Martina S\u00e1bl\u00edkov\u00e1 (Sport Invest) a Jan \u0160karnitzl (Cyklostar Trek Pirelli). Seri\u00e1l na platform\u011b ROUVY bude zakon\u010den ofici\u00e1ln\u00edm mistrovstv\u00edm \u010cR v e-cyklistice 2021 25. b\u0159ezna.<\/p>\n\n\n\n<p>Celkem na jezdce \u010dekalo p\u0159ev\u00fd\u0161en\u00ed 1335 metr\u016f, v nejprud\u0161\u00ed pas\u00e1\u017ei se stoup\u00e1n\u00edm 12 stup\u0148\u016f. Mezi mu\u017ei bojovali o prvenstv\u00ed dlouho biker \u0160karnitzl s n\u00edm\u017e nejd\u00e9le dr\u017eel krok Mat\u011bj Zah\u00e1lka (Elkov Kasper), kter\u00fd za n\u00edm zaostal o 29 vte\u0159in. T\u0159et\u00ed p\u0159ekvapiv\u011b skon\u010dil s odstupem 2:02 Radim Greb\u00edm (Titan Trilife).<\/p>\n\n\n\n<p>V \u00favodu z\u00e1vodu \u017een byly na \u010dele v \u00favodu S\u00e1bl\u00edkov\u00e1, Karla \u0160t\u011bp\u00e1nkov\u00e1 (Maloja Pushbikers MTB) . Nikola Noskov\u00e1 (SD Worx). &#8220;Potom ale uk\u00e1zala Martina (S\u00e1bl\u00edkov\u00e1) svoji obrovskou v\u00fdkonnost,&#8221; zhodnotil \u010desk\u00fd reprezenta\u010dn\u00ed tren\u00e9r Tom\u00e1\u0161 Kone\u010dn\u00fd v\u00fdkon S\u00e1bl\u00edkov\u00e9, kter\u00e1 c\u00edlem projela s obrovsk\u00fdm n\u00e1skokem t\u00e9m\u011b\u0159 p\u011bti minut p\u0159ed \u0160t\u011bp\u00e1novou, Noskov\u00e1 zaostala&nbsp; o 6:12.<\/p>\n\n\n\n<p>T\u0159et\u00ed d\u00edl seri\u00e1lu rozhodl o prvn\u00edch jist\u00fdch startuj\u00edc\u00edch pro mistrovstv\u00ed \u010cR. Do hodnocen\u00ed se jezdc\u016fm zapo\u010d\u00edt\u00e1vaj\u00ed dva nejlep\u0161\u00ed v\u00fdsledky a podle nich si \u00fa\u010dast na mistrovstv\u00ed zajistili mezi mu\u017ei Daniel Turek (Team Felbermayr &#8211; Simplon Wels), Filip \u0158eha (Tufo Pardus Prost\u011bjov), Jakub Otruba. Petr Kelemen (oba Elkov Kasper) a \u0160karnitzl, stejn\u011b jako trojice \u017een \u0160t\u011bp\u00e1nov\u00e1, Hanka Runtov\u00e1 (SportRaces Cycling Team) a S\u00e1bl\u00edkov\u00e1 a duo junior\u016f Ren\u00e9 Zoaitter (SportRaces Cycling Team) a Maty\u00e1\u0161 Vondr\u00e1\u010dek (Rouvy Specialized Cycling Team). Zb\u00fdvaj\u00edc\u00ed \u00fa\u010dastn\u00edky nominuj\u00ed jednotliv\u00e9 komise \u010cSC.<\/p>\n\n\n\n<p>V\u00fdsledky:<\/p>\n\n\n\n<p>Tourmalet:<\/p>\n\n\n\n<p>Mu\u017ei:<\/p>\n\n\n\n<p>1. \u0160karnitzl (Cyklostar Trek Pirelli) 52:27, 2. Zah\u00e1lka (Elkov Kasper) +29, 3. 3. Greb\u00edm (Titan Trilife) +2:02, 4. Petr (Salomon\/Suunto) +2:16, 5. Tomasek (\u0160v\u00fdc.) +2:24, 6. Papouch (\u010cR) +2:27.<\/p>\n\n\n\n<p>Po\u0159ad\u00ed po t\u0159ech z\u00e1vodech:<\/p>\n\n\n\n<p>1. Turek (Team Felbermayr &#8211; Simplon Wels) 95, 2. \u0158eha (Tufo Pardus Prost\u011bjov) 67, 3. Otruba (Elkov Kasper) 60, 4. \u0160karnitzl 60, 5. Wolf (Xeelo cycling team) 55, 6. Zatloukal (Nutrend Specialized Racing) 52.<\/p>\n\n\n\n<p>\u017deny:<\/p>\n\n\n\n<p>1. S\u00e1bl\u00edkov\u00e1 (Sport Invest) 1:05:16, 2. \u0160t\u011bp\u00e1nkov\u00e1 (Maloja Pushbikers MTB) +4:51, 3. Noskov\u00e1 (SD Worx) +6:12, 4. Hartychov\u00e1 (AUTO \u0160KODA Mlad\u00e1 Boleslav) +7:17, 5 Schwarzov\u00e1 (Rocktechnik Triatlon) +12:13, 6. Hillerov\u00e1 (USA) +13:49.<\/p>\n\n\n\n<p>Po\u0159ad\u00ed po t\u0159ech z\u00e1vodech:<\/p>\n\n\n\n<p>1. \u0160t\u011bp\u00e1nov\u00e1 150, 2. Hanka Runtov\u00e1 (SportRaces Cycling Team) 105, 3. S\u00e1bl\u00edkov\u00e1 60, 4. Krti\u010dkov\u00e1 (HSK Cycling team) 55, 5. Kadlecov\u00e1 (ADASTRA cycling team) 49, 6. Hartychov\u00e1 47.<\/p>\n\n\n\n<p>Junio\u0159i:<\/p>\n\n\n\n<p>Po\u0159ad\u00ed po t\u0159ech z\u00e1vodech:<\/p>\n\n\n\n<p>1. Zoaitter (SportRaces Cycling Team) 130, 2. Vondr\u00e1\u010dek (Rouvy Specialized Cycling Team) 124, 3. Kopeck\u00fd (Rouvy Specialized Cycling Team) 64.<\/p>\n\n\n\n<p>FOTO Rouvy<\/p>\n\n\n\n<figure class=\"wp-block-image size-large\"><img loading=\"lazy\" decoding=\"async\" width=\"1024\" height=\"576\" src=\"http:\/\/www.czechcyclingfederation.com\/wp-content\/uploads\/2021\/03\/156932492_2167026123432792_996131980517142432_o-1024x576.jpg\" alt=\"\" class=\"wp-image-3660\" srcset=\"https:\/\/www.czechcyclingfederation.com\/wp-content\/uploads\/2021\/03\/156932492_2167026123432792_996131980517142432_o-1024x576.jpg 1024w, https:\/\/www.czechcyclingfederation.com\/wp-content\/uploads\/2021\/03\/156932492_2167026123432792_996131980517142432_o-300x169.jpg 300w, https:\/\/www.czechcyclingfederation.com\/wp-content\/uploads\/2021\/03\/156932492_2167026123432792_996131980517142432_o-768x432.jpg 768w, https:\/\/www.czechcyclingfederation.com\/wp-content\/uploads\/2021\/03\/156932492_2167026123432792_996131980517142432_o-1536x864.jpg 1536w, https:\/\/www.czechcyclingfederation.com\/wp-content\/uploads\/2021\/03\/156932492_2167026123432792_996131980517142432_o-1320x743.jpg 1320w, https:\/\/www.czechcyclingfederation.com\/wp-content\/uploads\/2021\/03\/156932492_2167026123432792_996131980517142432_o.jpg 1920w\" sizes=\"auto, (max-width: 1024px) 100vw, 1024px\" \/><\/figure>\n","protected":false},"excerpt":{"rendered":"<p>Nejt\u011b\u017e\u0161\u00ed z\u00e1vod seri\u00e1lu virtu\u00e1ln\u00edch cyklistick\u00fdch z\u00e1vod\u016f \u0160KODA eCUP 2021 &#8211; Tourmalet zn\u00e1 sv\u00e9 v\u00edt\u011bze. Kl\u00e1n\u00ed dlouh\u00e9 jen 18,08 km, ale stoup\u00e1n\u00edm od startu a\u017e do c\u00edle, zvl\u00e1dli nejrychleji Martina S\u00e1bl\u00edkov\u00e1 (Sport Invest) a Jan \u0160karnitzl (Cyklostar Trek Pirelli). Seri\u00e1l na platform\u011b ROUVY bude zakon\u010den ofici\u00e1ln\u00edm mistrovstv\u00edm \u010cR v e-cyklistice 2021 25. b\u0159ezna. Celkem na jezdce [&hellip;]<\/p>\n","protected":false},"author":8,"featured_media":3662,"comment_status":"closed","ping_status":"open","sticky":false,"template":"","format":"standard","meta":{"footnotes":""},"categories":[2,65],"tags":[],"class_list":["post-3659","post","type-post","status-publish","format-standard","has-post-thumbnail","hentry","category-novinky","category-subdisciplina"],"_links":{"self":[{"href":"https:\/\/www.czechcyclingfederation.com\/en\/wp-json\/wp\/v2\/posts\/3659","targetHints":{"allow":["GET"]}}],"collection":[{"href":"https:\/\/www.czechcyclingfederation.com\/en\/wp-json\/wp\/v2\/posts"}],"about":[{"href":"https:\/\/www.czechcyclingfederation.com\/en\/wp-json\/wp\/v2\/types\/post"}],"author":[{"embeddable":true,"href":"https:\/\/www.czechcyclingfederation.com\/en\/wp-json\/wp\/v2\/users\/8"}],"replies":[{"embeddable":true,"href":"https:\/\/www.czechcyclingfederation.com\/en\/wp-json\/wp\/v2\/comments?post=3659"}],"version-history":[{"count":2,"href":"https:\/\/www.czechcyclingfederation.com\/en\/wp-json\/wp\/v2\/posts\/3659\/revisions"}],"predecessor-version":[{"id":3663,"href":"https:\/\/www.czechcyclingfederation.com\/en\/wp-json\/wp\/v2\/posts\/3659\/revisions\/3663"}],"wp:featuredmedia":[{"embeddable":true,"href":"https:\/\/www.czechcyclingfederation.com\/en\/wp-json\/wp\/v2\/media\/3662"}],"wp:attachment":[{"href":"https:\/\/www.czechcyclingfederation.com\/en\/wp-json\/wp\/v2\/media?parent=3659"}],"wp:term":[{"taxonomy":"category","embeddable":true,"href":"https:\/\/www.czechcyclingfederation.com\/en\/wp-json\/wp\/v2\/categories?post=3659"},{"taxonomy":"post_tag","embeddable":true,"href":"https:\/\/www.czechcyclingfederation.com\/en\/wp-json\/wp\/v2\/tags?post=3659"}],"curies":[{"name":"wp","href":"https:\/\/api.w.org\/{rel}","templated":true}]}}