{"id":36545,"date":"2025-07-18T18:33:58","date_gmt":"2025-07-18T16:33:58","guid":{"rendered":"https:\/\/www.czechcyclingfederation.com\/?p=36545"},"modified":"2025-07-18T18:34:01","modified_gmt":"2025-07-18T16:34:01","slug":"rauchfuss-dotahl-v-den-narozenin-stafetu-k-titulu","status":"publish","type":"post","link":"https:\/\/www.czechcyclingfederation.com\/en\/rauchfuss-dotahl-v-den-narozenin-stafetu-k-titulu\/","title":{"rendered":"Rauchfuss dot\u00e1hl v\u00a0den narozenin \u0161tafetu k\u00a0titulu"},"content":{"rendered":"\n<p>Zku\u0161en\u00fd biker <strong>Marek Rauchfuss<\/strong> oslavil sv\u00e9 35. narozeniny stylov\u011b. D\u00edky fam\u00f3zn\u00edmu v\u00fdkonu na posledn\u00edm \u00faseku toti\u017e dot\u00e1hl kombinovanou \u0161tafetu t\u00fdm\u016f \u010cS \u2013 Accolade a Brilon Racing Team MB na dom\u00e1c\u00edm \u0161ampion\u00e1tu v&nbsp;cross country v&nbsp;Bed\u0159ichov\u011b k&nbsp;titulu! Spolu s n\u00edm se ze zlat\u00fdch medail\u00ed radovali <strong>Luk\u00e1\u0161 Kristl, Eva Drhov\u00e1 a Tereza Tvar\u016f\u017ekov\u00e1.<\/strong><\/p>\n\n\n\n<figure class=\"wp-block-image size-large\"><img loading=\"lazy\" decoding=\"async\" width=\"1024\" height=\"683\" src=\"http:\/\/www.czechcyclingfederation.com\/wp-content\/uploads\/2025\/07\/rauchfuss-1-1024x683.jpg\" alt=\"\" class=\"wp-image-36547\" srcset=\"https:\/\/www.czechcyclingfederation.com\/wp-content\/uploads\/2025\/07\/rauchfuss-1-1024x683.jpg 1024w, https:\/\/www.czechcyclingfederation.com\/wp-content\/uploads\/2025\/07\/rauchfuss-1-300x200.jpg 300w, https:\/\/www.czechcyclingfederation.com\/wp-content\/uploads\/2025\/07\/rauchfuss-1-768x512.jpg 768w, https:\/\/www.czechcyclingfederation.com\/wp-content\/uploads\/2025\/07\/rauchfuss-1-1536x1024.jpg 1536w, https:\/\/www.czechcyclingfederation.com\/wp-content\/uploads\/2025\/07\/rauchfuss-1-1320x880.jpg 1320w, https:\/\/www.czechcyclingfederation.com\/wp-content\/uploads\/2025\/07\/rauchfuss-1.jpg 2048w\" sizes=\"auto, (max-width: 1024px) 100vw, 1024px\" \/><\/figure>\n\n\n\n<p>Na druh\u00e9m m\u00edst\u011b skon\u010dila t\u011bsn\u011b s\u00a0odstupem pouh\u00fdch 3 vte\u0159in mlad\u00e1 sestava Dukly Praha (<strong>Daniel Soukup, Lucie Grohov\u00e1, Am\u00e1lie Gottwaldov\u00e1, Patrik Rek<\/strong>) bronz bral t\u00fdm Cyklostar Pirelli (<strong>V\u00e1clav Kratochv\u00edl, Ema Jir\u00e1skov\u00e1, Ane\u017eka Ba\u017eantov\u00e1, Kry\u0161tof Ba\u017eant<\/strong>).<\/p>\n\n\n\n<figure class=\"wp-block-image size-large\"><img loading=\"lazy\" decoding=\"async\" width=\"1024\" height=\"683\" src=\"https:\/\/www.czechcyclingfederation.com\/wp-content\/uploads\/2025\/07\/dukla-1-1024x683.jpg\" alt=\"\" class=\"wp-image-36555\" srcset=\"https:\/\/www.czechcyclingfederation.com\/wp-content\/uploads\/2025\/07\/dukla-1-1024x683.jpg 1024w, https:\/\/www.czechcyclingfederation.com\/wp-content\/uploads\/2025\/07\/dukla-1-300x200.jpg 300w, https:\/\/www.czechcyclingfederation.com\/wp-content\/uploads\/2025\/07\/dukla-1-768x512.jpg 768w, https:\/\/www.czechcyclingfederation.com\/wp-content\/uploads\/2025\/07\/dukla-1-1536x1024.jpg 1536w, https:\/\/www.czechcyclingfederation.com\/wp-content\/uploads\/2025\/07\/dukla-1-1320x880.jpg 1320w, https:\/\/www.czechcyclingfederation.com\/wp-content\/uploads\/2025\/07\/dukla-1.jpg 2048w\" sizes=\"auto, (max-width: 1024px) 100vw, 1024px\" \/><\/figure>\n\n\n\n<p><em>\u201eUd\u011blali jsme z&nbsp;toho pro v\u0161echny p\u011bkn\u00e9 drama,\u201c<\/em> \u0159ekl fini\u0161man zlat\u00e9 \u0161tafety Rauchfuss, kter\u00fd vyr\u00e1\u017eel na tra\u0165 na druh\u00e9m m\u00edst\u011b. <em>\u201eDukla, a\u010d slo\u017een\u00e1 z&nbsp;mlad\u00edk\u016f, jela fakt ostr\u00e9 tempo a na m\u011b u\u017e to bylo fest n\u00e1ro\u010dn\u00fd. Ale bavilo m\u011b to. Na t\u0159et\u00edm \u00faseku se zd\u00e1lo, \u017ee je hotovo a up\u0159\u00edmn\u011b jsem moc nev\u011b\u0159il, \u017ee by to je\u0161t\u011b mohlo klapnout na tu jedni\u010dku. Byla tam skoro minuta,\u201c<\/em> popisoval Rauchfuss.<\/p>\n\n\n\n<figure class=\"wp-block-image size-large\"><img loading=\"lazy\" decoding=\"async\" width=\"1024\" height=\"683\" src=\"http:\/\/www.czechcyclingfederation.com\/wp-content\/uploads\/2025\/07\/rauchfuss-4-1-1024x683.jpg\" alt=\"\" class=\"wp-image-36551\" srcset=\"https:\/\/www.czechcyclingfederation.com\/wp-content\/uploads\/2025\/07\/rauchfuss-4-1-1024x683.jpg 1024w, https:\/\/www.czechcyclingfederation.com\/wp-content\/uploads\/2025\/07\/rauchfuss-4-1-300x200.jpg 300w, https:\/\/www.czechcyclingfederation.com\/wp-content\/uploads\/2025\/07\/rauchfuss-4-1-768x512.jpg 768w, https:\/\/www.czechcyclingfederation.com\/wp-content\/uploads\/2025\/07\/rauchfuss-4-1-1536x1024.jpg 1536w, https:\/\/www.czechcyclingfederation.com\/wp-content\/uploads\/2025\/07\/rauchfuss-4-1-1320x880.jpg 1320w, https:\/\/www.czechcyclingfederation.com\/wp-content\/uploads\/2025\/07\/rauchfuss-4-1.jpg 2048w\" sizes=\"auto, (max-width: 1024px) 100vw, 1024px\" \/><\/figure>\n\n\n\n<p>Nakonec v\u0161ak z\u00edsk\u00e1val hlavn\u011b v&nbsp;technick\u00fdch pas\u00e1\u017e\u00edch a sjezdech. <em>\u201eVenca Je\u017eek mi naho\u0159e hl\u00e1sil, \u017ee ztr\u00e1c\u00edm asi 20 vte\u0159in. \u0158\u00edkal jsem si, \u017ee to na tak kr\u00e1tk\u00e9m \u00faseku u\u017e ned\u00e1m, ale drtil jsem to dol\u016f a v&nbsp;posledn\u00edch t\u0159ech zat\u00e1\u010dk\u00e1ch jsem se dostal na prvn\u00ed m\u00edsto. Ud\u011blala se tam mez\u00edrka, \u0161el jsem dop\u0159edu a u\u017e jsem to nepustil,\u201c<\/em> dodal hrdina z\u00e1vodu.<\/p>\n\n\n\n<figure class=\"wp-block-image size-large\"><img loading=\"lazy\" decoding=\"async\" width=\"1024\" height=\"683\" src=\"https:\/\/www.czechcyclingfederation.com\/wp-content\/uploads\/2025\/07\/bedna-1024x683.jpg\" alt=\"\" class=\"wp-image-36557\" srcset=\"https:\/\/www.czechcyclingfederation.com\/wp-content\/uploads\/2025\/07\/bedna-1024x683.jpg 1024w, https:\/\/www.czechcyclingfederation.com\/wp-content\/uploads\/2025\/07\/bedna-300x200.jpg 300w, https:\/\/www.czechcyclingfederation.com\/wp-content\/uploads\/2025\/07\/bedna-768x512.jpg 768w, https:\/\/www.czechcyclingfederation.com\/wp-content\/uploads\/2025\/07\/bedna-1536x1024.jpg 1536w, https:\/\/www.czechcyclingfederation.com\/wp-content\/uploads\/2025\/07\/bedna-1320x880.jpg 1320w, https:\/\/www.czechcyclingfederation.com\/wp-content\/uploads\/2025\/07\/bedna.jpg 2048w\" sizes=\"auto, (max-width: 1024px) 100vw, 1024px\" \/><\/figure>\n\n\n\n<p><strong>V\u00fdsledky M\u010cR \u0161tafet \u2013 elite: 1. \u010cS &#8211; Accolade + Brilon Racing Team MB<\/strong> (Kristl, Drhov\u00e1, Tvar\u016f\u017ekov\u00e1, Rauchfuss) 44:44, <strong>2. Dukla Praha<\/strong> (Soukup, Grohov\u00e1, Gottwaldov\u00e1, Rek) +4 s, <strong>3. Cyklostar Pirelli<\/strong> (Kratochv\u00edl, Jir\u00e1skov\u00e1, Ba\u017eantov\u00e1, Ba\u017eant) +2:56, <strong>4. Czech Multisport Coaching I<\/strong> (Du\u0161kov\u00e1, Kar\u00e1sek, Erbenov\u00e1, Hata\u0161) +3:03, <strong>5. Head KMC Team Opava<\/strong> (Kucha\u0159, Novotn\u00e1, Brad\u00e1\u010dov\u00e1, Mu\u0161\u00e1lek) +3:25.<\/p>\n\n\n\n<p>Foto: Pavel K\u0159ikava<\/p>\n","protected":false},"excerpt":{"rendered":"<p>Zku\u0161en\u00fd biker Marek Rauchfuss oslavil sv\u00e9 35. narozeniny stylov\u011b. D\u00edky fam\u00f3zn\u00edmu v\u00fdkonu na posledn\u00edm \u00faseku toti\u017e dot\u00e1hl kombinovanou \u0161tafetu t\u00fdm\u016f \u010cS \u2013 Accolade a Brilon Racing Team MB na dom\u00e1c\u00edm \u0161ampion\u00e1tu v&nbsp;cross country v&nbsp;Bed\u0159ichov\u011b k&nbsp;titulu! Spolu s n\u00edm se ze zlat\u00fdch medail\u00ed radovali Luk\u00e1\u0161 Kristl, Eva Drhov\u00e1 a Tereza Tvar\u016f\u017ekov\u00e1. Na druh\u00e9m m\u00edst\u011b skon\u010dila t\u011bsn\u011b [&hellip;]<\/p>\n","protected":false},"author":15,"featured_media":36553,"comment_status":"closed","ping_status":"open","sticky":false,"template":"","format":"standard","meta":{"footnotes":""},"categories":[6,2],"tags":[10],"class_list":["post-36545","post","type-post","status-publish","format-standard","has-post-thumbnail","hentry","category-mtb","category-novinky","tag-mtb"],"_links":{"self":[{"href":"https:\/\/www.czechcyclingfederation.com\/en\/wp-json\/wp\/v2\/posts\/36545","targetHints":{"allow":["GET"]}}],"collection":[{"href":"https:\/\/www.czechcyclingfederation.com\/en\/wp-json\/wp\/v2\/posts"}],"about":[{"href":"https:\/\/www.czechcyclingfederation.com\/en\/wp-json\/wp\/v2\/types\/post"}],"author":[{"embeddable":true,"href":"https:\/\/www.czechcyclingfederation.com\/en\/wp-json\/wp\/v2\/users\/15"}],"replies":[{"embeddable":true,"href":"https:\/\/www.czechcyclingfederation.com\/en\/wp-json\/wp\/v2\/comments?post=36545"}],"version-history":[{"count":3,"href":"https:\/\/www.czechcyclingfederation.com\/en\/wp-json\/wp\/v2\/posts\/36545\/revisions"}],"predecessor-version":[{"id":36560,"href":"https:\/\/www.czechcyclingfederation.com\/en\/wp-json\/wp\/v2\/posts\/36545\/revisions\/36560"}],"wp:featuredmedia":[{"embeddable":true,"href":"https:\/\/www.czechcyclingfederation.com\/en\/wp-json\/wp\/v2\/media\/36553"}],"wp:attachment":[{"href":"https:\/\/www.czechcyclingfederation.com\/en\/wp-json\/wp\/v2\/media?parent=36545"}],"wp:term":[{"taxonomy":"category","embeddable":true,"href":"https:\/\/www.czechcyclingfederation.com\/en\/wp-json\/wp\/v2\/categories?post=36545"},{"taxonomy":"post_tag","embeddable":true,"href":"https:\/\/www.czechcyclingfederation.com\/en\/wp-json\/wp\/v2\/tags?post=36545"}],"curies":[{"name":"wp","href":"https:\/\/api.w.org\/{rel}","templated":true}]}}