{"id":36531,"date":"2025-07-17T09:16:13","date_gmt":"2025-07-17T07:16:13","guid":{"rendered":"https:\/\/www.czechcyclingfederation.com\/?p=36531"},"modified":"2025-07-17T09:17:16","modified_gmt":"2025-07-17T07:17:16","slug":"cink-i-cabelicka-mohou-v-bedrichove-prepisovat-historii","status":"publish","type":"post","link":"https:\/\/www.czechcyclingfederation.com\/en\/cink-i-cabelicka-mohou-v-bedrichove-prepisovat-historii\/","title":{"rendered":"Cink i \u010c\u00e1belick\u00e1 mohou v Bed\u0159ichov\u011b p\u0159episovat historii"},"content":{"rendered":"\n<p>Ond\u0159ej Cink (Cube Factory Racing) a Jitka \u010c\u00e1belick\u00e1 (Cabtech Racing Team) mohou na nadch\u00e1zej\u00edc\u00edm mistrovstv\u00ed republiky v cross country horsk\u00fdch kol v Bed\u0159ichov\u011b m\u011bnit historii. Oba zku\u0161en\u00ed bike\u0159i toti\u017e maj\u00ed v p\u0159\u00edpad\u011b v\u00edt\u011bzstv\u00ed \u0161anci osamostatnit se na \u010dele v po\u010dtu z\u00edskan\u00fdch titul\u016f.<\/p>\n\n\n\n<p>Cink vloni v Harrachov\u011b vyrovnal sedm\u00fdm titulem rekord Jaroslava Kulhav\u00e9ho, \u010c\u00e1belick\u00e1 se \u0161est\u00fdm zlatem dot\u00e1hla na nej\u00fasp\u011b\u0161n\u011bj\u0161\u00ed \u017eenu v historii \u0161ampion\u00e1t\u016f Kate\u0159inu Nash.<\/p>\n\n\n\n<p>Oba i letos pat\u0159\u00ed k favorit\u016fm, zejm\u00e9na o v\u00edt\u011bzstv\u00ed Cinka prakticky nikdo nepochybuje. Do mistrovsk\u00e9ho z\u00e1vodu jde povzbuzen skv\u011bl\u00fdmi v\u00fdsledky ve Sv\u011btov\u00e9m poh\u00e1ru, v jeho posledn\u00edm d\u00edle v Ando\u0159e skon\u010dil po v\u00fdborn\u00e9m v\u00fdkonu v cross country dev\u00e1t\u00fd, a je\u0161t\u011b p\u0159idal p\u00e1tou p\u0159\u00ed\u010dku v discipl\u00edn\u011b short track.&nbsp;<\/p>\n\n\n\n<p>\u201eForma a pozice Ond\u0159eje Cinka d\u011bl\u00e1 z \u010desk\u00e9 jedni\u010dky absolutn\u00edho favorita z\u00e1vodu, co\u017e je psychicky v\u017edy n\u00e1ro\u010dn\u00e9. Ond\u0159ej je ale zku\u0161en\u00fd, um\u00ed se stresem pracovat. Pokud nebude m\u00edt technick\u00e9 pot\u00ed\u017ee, nem\u011bl by m\u00edt v z\u00e1vod\u011b probl\u00e9my. Podobn\u011b dominantn\u00ed postaven\u00ed mohou m\u00edt v Bed\u0159ichov\u011b je\u0161t\u011b junio\u0159i, v\u00edt\u011bzka z\u00e1vodu Juniorsk\u00e9 sv\u011btov\u00e9 s\u00e9rie v Nov\u00e9m M\u011bsta na Morav\u011b Barbora Bukovsk\u00e1 a vicemistr Evropy Kry\u0161tof Ba\u017eant,\u201c \u0159\u00edk\u00e1 reprezenta\u010dn\u00ed tren\u00e9r Viktor Zapletal.<\/p>\n\n\n\n<figure class=\"wp-block-image size-large\"><img loading=\"lazy\" decoding=\"async\" width=\"1024\" height=\"683\" src=\"https:\/\/www.czechcyclingfederation.com\/wp-content\/uploads\/2025\/07\/20230722_JSvoboda_Bedrichov_005-1024x683.jpg\" alt=\"\" class=\"wp-image-36534\" srcset=\"https:\/\/www.czechcyclingfederation.com\/wp-content\/uploads\/2025\/07\/20230722_JSvoboda_Bedrichov_005-1024x683.jpg 1024w, https:\/\/www.czechcyclingfederation.com\/wp-content\/uploads\/2025\/07\/20230722_JSvoboda_Bedrichov_005-300x200.jpg 300w, https:\/\/www.czechcyclingfederation.com\/wp-content\/uploads\/2025\/07\/20230722_JSvoboda_Bedrichov_005-768x512.jpg 768w, https:\/\/www.czechcyclingfederation.com\/wp-content\/uploads\/2025\/07\/20230722_JSvoboda_Bedrichov_005-1536x1024.jpg 1536w, https:\/\/www.czechcyclingfederation.com\/wp-content\/uploads\/2025\/07\/20230722_JSvoboda_Bedrichov_005-1320x880.jpg 1320w, https:\/\/www.czechcyclingfederation.com\/wp-content\/uploads\/2025\/07\/20230722_JSvoboda_Bedrichov_005.jpg 2048w\" sizes=\"auto, (max-width: 1024px) 100vw, 1024px\" \/><figcaption class=\"wp-element-caption\">Mistrovstv\u00ed \u010cesk\u00e9 republiky a z\u00e1vod \u010cesk\u00e9ho poh\u00e1ru v cross-country horsk\u00fdch kol, 22. \u010dervence 2023, Bed\u0159ichov u Jablonce nad Nisou.<\/figcaption><\/figure>\n\n\n\n<p>\u201eTvrd\u011b jsem tr\u00e9noval a p\u0159ipravoval se na obhajobu titulu. Douf\u00e1m, \u017ee to p\u016fjde dob\u0159e, moc se na souboj s \u010deskou \u0161pi\u010dkou t\u011b\u0161\u00edm. A v\u011b\u0159\u00edm, \u017ee doraz\u00ed co nejv\u00edc fanou\u0161k\u016f,\u201c uvedl Ond\u0159ej Cink, kter\u00fd na bed\u0159ichovsk\u00e9 trati slavil titul v roce 2013, p\u0159ed dv\u011bma lety, kdy se v Bed\u0159ichov\u011b rovn\u011b\u017e bojovalo o dom\u00e1c\u00ed tituly, v z\u00e1vod\u011b nestartoval.<\/p>\n\n\n\n<p>Ve startovn\u00ed listin\u011b z aktu\u00e1ln\u00ed \u010desk\u00e9 \u0161pi\u010dky chyb\u00ed pouze zran\u011bn\u00fd Jan Zatloukal. \u201eBohu\u017eel, Honza m\u00e1 po p\u00e1du v z\u00e1vod\u011b Sv\u011btov\u00e9ho poh\u00e1ru ve Val di Sole zlomeninu v oblasti hlavice tibie a po\u0161kozen\u00e9 k\u0159\u00ed\u017eov\u00e9 vazy v koleni. L\u00e9\u010dba a rekonvalescence si vy\u017e\u00e1d\u00e1 pom\u011brn\u011b dlouhou dobu,\u201c prozradil Viktor Zapletal. Ne\u00fa\u010dast Zatloukala je ztr\u00e1tou i pro n\u00e1rodn\u00ed t\u00fdm, jeho\u017e z\u00e1vodn\u00edci p\u0159\u00edmo z Bed\u0159ichova odj\u00ed\u017ed\u011bj\u00ed na evropsk\u00fd \u0161ampion\u00e1t do Portugalska.<\/p>\n\n\n\n<p>Na jakou tra\u0165 se z\u00e1vodn\u00edci mohou letos t\u011b\u0161it? \u201eJe z velk\u00e9 \u010d\u00e1sti podobn\u00e1 jako v p\u0159edchoz\u00edch letech. Za\u0159adili jsme tam p\u00e1r nov\u00fdch prvk\u016f jako nap\u0159\u00edklad p\u0159idanou l\u00e1vku ve sjezdu nebo kl\u00e1dy p\u0159ed c\u00edlovou rovinkou. Je to klasick\u00e1 p\u0159\u00edrodn\u00ed tra\u0165, spravedliv\u00e1,\u201c p\u0159iznal \u0159editel z\u00e1vodu Miloslav Holl\u00f3si.&nbsp;<\/p>\n\n\n\n<p>Bed\u0159ichov host\u00ed mistrovstv\u00ed republiky v cross country horsk\u00fdch kol u\u017e po\u010dtvrt\u00e9. \u0160ampion\u00e1t prob\u011bhne od p\u00e1tku do ned\u011ble. V p\u00e1tek jsou na programu \u0161tafety, v sobotu mistrovsk\u00e9 z\u00e1vody hlavn\u00edch kategori\u00ed, v ned\u011bli pak kategorie d\u011btsk\u00e9 a ml\u00e1de\u017enick\u00e9. Sobotn\u00ed hlavn\u00ed program budou moci div\u00e1ci sledovat na livestreamu a tak\u00e9 \u010cT Sport Plus.<\/p>\n\n\n\n<p>FOTO: Jaroslav Svoboda + Michal \u010cerven\u00fd<\/p>\n","protected":false},"excerpt":{"rendered":"<p>Ond\u0159ej Cink (Cube Factory Racing) a Jitka \u010c\u00e1belick\u00e1 (Cabtech Racing Team) mohou na nadch\u00e1zej\u00edc\u00edm mistrovstv\u00ed republiky v cross country horsk\u00fdch kol v Bed\u0159ichov\u011b m\u011bnit historii. Oba zku\u0161en\u00ed bike\u0159i toti\u017e maj\u00ed v p\u0159\u00edpad\u011b v\u00edt\u011bzstv\u00ed \u0161anci osamostatnit se na \u010dele v po\u010dtu z\u00edskan\u00fdch titul\u016f. Cink vloni v Harrachov\u011b vyrovnal sedm\u00fdm titulem rekord Jaroslava Kulhav\u00e9ho, \u010c\u00e1belick\u00e1 se \u0161est\u00fdm [&hellip;]<\/p>\n","protected":false},"author":30,"featured_media":36532,"comment_status":"closed","ping_status":"open","sticky":false,"template":"","format":"standard","meta":{"footnotes":""},"categories":[6,2],"tags":[10],"class_list":["post-36531","post","type-post","status-publish","format-standard","has-post-thumbnail","hentry","category-mtb","category-novinky","tag-mtb"],"_links":{"self":[{"href":"https:\/\/www.czechcyclingfederation.com\/en\/wp-json\/wp\/v2\/posts\/36531","targetHints":{"allow":["GET"]}}],"collection":[{"href":"https:\/\/www.czechcyclingfederation.com\/en\/wp-json\/wp\/v2\/posts"}],"about":[{"href":"https:\/\/www.czechcyclingfederation.com\/en\/wp-json\/wp\/v2\/types\/post"}],"author":[{"embeddable":true,"href":"https:\/\/www.czechcyclingfederation.com\/en\/wp-json\/wp\/v2\/users\/30"}],"replies":[{"embeddable":true,"href":"https:\/\/www.czechcyclingfederation.com\/en\/wp-json\/wp\/v2\/comments?post=36531"}],"version-history":[{"count":1,"href":"https:\/\/www.czechcyclingfederation.com\/en\/wp-json\/wp\/v2\/posts\/36531\/revisions"}],"predecessor-version":[{"id":36536,"href":"https:\/\/www.czechcyclingfederation.com\/en\/wp-json\/wp\/v2\/posts\/36531\/revisions\/36536"}],"wp:featuredmedia":[{"embeddable":true,"href":"https:\/\/www.czechcyclingfederation.com\/en\/wp-json\/wp\/v2\/media\/36532"}],"wp:attachment":[{"href":"https:\/\/www.czechcyclingfederation.com\/en\/wp-json\/wp\/v2\/media?parent=36531"}],"wp:term":[{"taxonomy":"category","embeddable":true,"href":"https:\/\/www.czechcyclingfederation.com\/en\/wp-json\/wp\/v2\/categories?post=36531"},{"taxonomy":"post_tag","embeddable":true,"href":"https:\/\/www.czechcyclingfederation.com\/en\/wp-json\/wp\/v2\/tags?post=36531"}],"curies":[{"name":"wp","href":"https:\/\/api.w.org\/{rel}","templated":true}]}}