{"id":36513,"date":"2025-07-16T22:43:24","date_gmt":"2025-07-16T20:43:24","guid":{"rendered":"https:\/\/www.czechcyclingfederation.com\/?p=36513"},"modified":"2025-07-23T09:59:30","modified_gmt":"2025-07-23T07:59:30","slug":"muzi-v-kategorii-u23-v-tymovem-sprintu-vybojovali-na-me-stribro","status":"publish","type":"post","link":"https:\/\/www.czechcyclingfederation.com\/en\/muzi-v-kategorii-u23-v-tymovem-sprintu-vybojovali-na-me-stribro\/","title":{"rendered":"Mu\u017ei U23 v t\u00fdmov\u00e9m sprintu vybojovali na ME st\u0159\u00edbro!"},"content":{"rendered":"\n<p>Skv\u011bl\u00fd \u00fasp\u011bch vybojovalo trio sprinter\u016f <strong>David Peterka, Adam Rauschgold a Jan Po\u0159\u00edzek<\/strong> v kategorii U23 na evropsk\u00e9m \u0161ampion\u00e1tu v dr\u00e1hov\u00e9 cyklistice v portugalsk\u00e9 Anadii, kdy\u017e v t\u00fdmov\u00e9m sprintu bralo st\u0159\u00edbrn\u00e9 medaile!  V nejsiln\u011bj\u0161\u00ed konkurenci postoupili \u010de\u0161t\u00ed sprinte\u0159i a\u017e do boje o zlat\u00e9 medaile, kde nesta\u010dili na It\u00e1lii. Ti ve slo\u017een\u00ed Stefano Minuta, Mattia Predomo, Daniele Napolitano z\u00edskali evropsk\u00fd titul.<\/p>\n\n\n\n<p>\u010ce\u0161i zajeli v kvalifikaci t\u0159et\u00ed nejrychlej\u0161\u00ed \u010das 43,956. V prvn\u00edm kole si hladce poradili s N\u011bmeckem a d\u00edky druh\u00e9mu nejrychlej\u0161\u00edmu \u010dasu 43,782 postoupili do fin\u00e1le proti It\u00e1lii, v n\u011bm\u017e soupe\u0159 ale jasn\u011b vyhr\u00e1l.\u00a0I tak jde o skv\u011bl\u00fd \u00fasp\u011bch \u010desk\u00fdch reprezentant\u016f.<\/p>\n\n\n\n<p><em>&#8220;Spokojeni jsme nadm\u00edru, takov\u00fd v\u00fdsledek jsme p\u0159ed \u0161ampion\u00e1tem ani ne\u010dekali a m\u00e1me z toho velikou radost. N\u011bjak\u00e9 chyby tam je\u0161t\u011b byly a mo\u017en\u00e1 jsme mohli zajet i rychleji. Z m\u00e9 pozice t\u0159et\u00edho to bylo hodn\u011b t\u011b\u017ek\u00e9 se za klukama udr\u017eet, jeli skute\u010dn\u011b skv\u011ble,&#8221;<\/em> \u0159ekl David Peterka.\u00a0<\/p>\n\n\n\n<figure class=\"wp-block-image size-large\"><img loading=\"lazy\" decoding=\"async\" width=\"1024\" height=\"585\" src=\"https:\/\/www.czechcyclingfederation.com\/wp-content\/uploads\/2025\/07\/518325495_1272891690840546_7143329625283816653_n-1024x585.jpg\" alt=\"\" class=\"wp-image-36523\" srcset=\"https:\/\/www.czechcyclingfederation.com\/wp-content\/uploads\/2025\/07\/518325495_1272891690840546_7143329625283816653_n-1024x585.jpg 1024w, https:\/\/www.czechcyclingfederation.com\/wp-content\/uploads\/2025\/07\/518325495_1272891690840546_7143329625283816653_n-300x171.jpg 300w, https:\/\/www.czechcyclingfederation.com\/wp-content\/uploads\/2025\/07\/518325495_1272891690840546_7143329625283816653_n-768x439.jpg 768w, https:\/\/www.czechcyclingfederation.com\/wp-content\/uploads\/2025\/07\/518325495_1272891690840546_7143329625283816653_n-1536x878.jpg 1536w, https:\/\/www.czechcyclingfederation.com\/wp-content\/uploads\/2025\/07\/518325495_1272891690840546_7143329625283816653_n-1320x754.jpg 1320w, https:\/\/www.czechcyclingfederation.com\/wp-content\/uploads\/2025\/07\/518325495_1272891690840546_7143329625283816653_n.jpg 2002w\" sizes=\"auto, (max-width: 1024px) 100vw, 1024px\" \/><figcaption class=\"wp-element-caption\">Foto: Tommaso Pelagalli\/SprintCyclingAgency\u00a92025<\/figcaption><\/figure>\n\n\n\n<p><em>&#8220;Italov\u00e9 byli ve fin\u00e1le jednozna\u010dn\u011b siln\u011bj\u0161\u00ed t\u00fdm a my do boje o zlato \u0161li s t\u00edm, \u017ee nem\u00e1me co ztratit a m\u016f\u017eeme jen z\u00edskat, p\u0159ekvapit. M\u011b te\u010f na \u0161ampion\u00e1tu \u010dek\u00e1 je\u0161t\u011b sprint a keirin. Ve sprintu m\u00e1m vysok\u00e9 ambice, p\u0159ed \u010dtrn\u00e1cti dny jsem v Polsku postoupil a\u017e do fin\u00e1le proti Rudykovi a to m\u011b hodn\u011b povzbudilo,&#8221; <\/em>dodal Peterka.\u00a0<\/p>\n\n\n\n<p>Do elitn\u00ed des\u00edtky v\u00fdsledkov\u00e9 listiny se je\u0161t\u011b dostal junior <strong>Filip Richter<\/strong>, kter\u00fd obsadil ve vylu\u010dovac\u00edm z\u00e1vodu v\u00fdborn\u00e9 \u0161est\u00e9 m\u00edsto. <strong>Be\u00e1ta Hermanov\u00e1<\/strong> mezi juniorkami skon\u010dila ve stejn\u00e9 discipl\u00edn\u011b.<\/p>\n\n\n\n<p><strong>Kate\u0159ina Fojt\u016f<\/strong> ve sprintu juniorek zajela v kvalifikaci osm\u00fd nejrychlej\u0161\u00ed \u010das, \u010dtrn\u00e1ct\u00fd pak <strong>Krist\u00fdna K\u0159upalov\u00e1.<\/strong> V osmifin\u00e1le K\u0159upalov\u00e1 porazila Grondinovou z Francie, ale ve \u010dtvrtfin\u00e1le prohr\u00e1la s Belgi\u010dankou Gheysensovou, ve stejn\u00e9 f\u00e1zi nesta\u010dila Fojt\u016f na Italku Trevisanovou.\u00a0<\/p>\n\n\n\n<p><strong>V\u00fdsledky<\/strong><\/p>\n\n\n\n<p>Junio\u0159i:<\/p>\n\n\n\n<p>1 km s pevn\u00fdm startem:<\/p>\n\n\n\n<p>1. Pavlovskij (AIN) 1:02,456, 2. Rekowski (N\u011bm.) 1:02,615, 3. Dentelli (It.) 1:03,333.<\/p>\n\n\n\n<p>St\u00edhac\u00ed z\u00e1vod dru\u017estev:<\/p>\n\n\n\n<p>Fin\u00e1le: It\u00e1lie (Cornacchini, Magagnotti, Colombo, Matteoli) 3:55,635 &#8211; Brit\u00e1nie 3:56,843, 3. N\u011bmecko.<\/p>\n\n\n\n<p>Vylu\u010dovac\u00ed z\u00e1vod:<\/p>\n\n\n\n<p>1. Fugger (Rak.), 2. Jakovlev, 3. Slesarenko (oba AIN), &#8230;6. Richter (\u010cR).<\/p>\n\n\n\n<p>Juniorky:<\/p>\n\n\n\n<p>St\u00edhac\u00ed z\u00e1vod dru\u017estev:<\/p>\n\n\n\n<p>Fin\u00e1le: Brit\u00e1nie (Taylorov\u00e1, Millerov\u00e1, Boothmanov\u00e1, Smithov\u00e1) 4:20,376 &#8211; It\u00e1lie<\/p>\n\n\n\n<p>4:28,149, 3. N\u011bmecko<\/p>\n\n\n\n<p>Vylu\u010dovac\u00ed z\u00e1vod:<\/p>\n\n\n\n<p>1. Fiallaov\u00e1 (D\u00e1n.), 2. Kaczmarczykov\u00e1 (Pol.), 3.&nbsp;&nbsp;Kokarevov\u00e1 (AIN), &#8230;8.&nbsp;&nbsp;Hermanov\u00e1 (\u010cR).<\/p>\n\n\n\n<p>\u017deny U23:<\/p>\n\n\n\n<p>Scratch:<\/p>\n\n\n\n<p>1. Br\u00e4utigamov\u00e1 (N\u011bm.), 2. Fioriniov\u00e1 (It.), 3. Auerbachov\u00e1-Lindov\u00e1 (D\u00e1n.), &#8230;18. B\u00e1rtov\u00e1 (\u010cR)<\/p>\n\n\n\n<p>T\u00fdmov\u00fd sprint:<\/p>\n\n\n\n<p>Fin\u00e1le: Polsko (Gercov\u00e1, Waleck\u00e1, Jankowsk\u00e1)&nbsp;&nbsp;51,484&nbsp;&nbsp;&#8211; Brit\u00e1nie 52,845.<\/p>\n\n\n\n<p>Mu\u017ei U23:<\/p>\n\n\n\n<p>Scratch:<\/p>\n\n\n\n<p>1. Stells (It.), 2. Menanteau (Fr.), 3. Feldman (Nor.), &#8230;14. M. Kobl\u00ed\u017eek (\u010cR).<\/p>\n\n\n\n<p>T\u00fdmov\u00fd sprint:<\/p>\n\n\n\n<p>Fin\u00e1le: It\u00e1lie (Minuty, Predomo, Napolitano) 43,344 &#8211; \u010cR (Peterka, Rauschgold, Po\u0159\u00edzek) 43,951, o 3. m\u00edsto: Francie (Sylvanise, Caro, Oliviero) 43,984 &#8211; Belgie (de Schrijver, Vingerhoeta, Nulens) 44,803.<\/p>\n\n\n\n<p>FOTO: Aneta V\u00e1lkov\u00e1 + UEC<\/p>\n","protected":false},"excerpt":{"rendered":"<p>Skv\u011bl\u00fd \u00fasp\u011bch vybojovalo trio sprinter\u016f David Peterka, Adam Rauschgold a Jan Po\u0159\u00edzek v kategorii U23 na evropsk\u00e9m \u0161ampion\u00e1tu v dr\u00e1hov\u00e9 cyklistice v portugalsk\u00e9 Anadii, kdy\u017e v t\u00fdmov\u00e9m sprintu bralo st\u0159\u00edbrn\u00e9 medaile! V nejsiln\u011bj\u0161\u00ed konkurenci postoupili \u010de\u0161t\u00ed sprinte\u0159i a\u017e do boje o zlat\u00e9 medaile, kde nesta\u010dili na It\u00e1lii. Ti ve slo\u017een\u00ed Stefano Minuta, Mattia Predomo, Daniele [&hellip;]<\/p>\n","protected":false},"author":8,"featured_media":36525,"comment_status":"closed","ping_status":"open","sticky":false,"template":"","format":"standard","meta":{"footnotes":""},"categories":[54,2,103],"tags":[9],"class_list":["post-36513","post","type-post","status-publish","format-standard","has-post-thumbnail","hentry","category-draha","category-novinky","category-reprezentace","tag-draha"],"_links":{"self":[{"href":"https:\/\/www.czechcyclingfederation.com\/en\/wp-json\/wp\/v2\/posts\/36513","targetHints":{"allow":["GET"]}}],"collection":[{"href":"https:\/\/www.czechcyclingfederation.com\/en\/wp-json\/wp\/v2\/posts"}],"about":[{"href":"https:\/\/www.czechcyclingfederation.com\/en\/wp-json\/wp\/v2\/types\/post"}],"author":[{"embeddable":true,"href":"https:\/\/www.czechcyclingfederation.com\/en\/wp-json\/wp\/v2\/users\/8"}],"replies":[{"embeddable":true,"href":"https:\/\/www.czechcyclingfederation.com\/en\/wp-json\/wp\/v2\/comments?post=36513"}],"version-history":[{"count":3,"href":"https:\/\/www.czechcyclingfederation.com\/en\/wp-json\/wp\/v2\/posts\/36513\/revisions"}],"predecessor-version":[{"id":36530,"href":"https:\/\/www.czechcyclingfederation.com\/en\/wp-json\/wp\/v2\/posts\/36513\/revisions\/36530"}],"wp:featuredmedia":[{"embeddable":true,"href":"https:\/\/www.czechcyclingfederation.com\/en\/wp-json\/wp\/v2\/media\/36525"}],"wp:attachment":[{"href":"https:\/\/www.czechcyclingfederation.com\/en\/wp-json\/wp\/v2\/media?parent=36513"}],"wp:term":[{"taxonomy":"category","embeddable":true,"href":"https:\/\/www.czechcyclingfederation.com\/en\/wp-json\/wp\/v2\/categories?post=36513"},{"taxonomy":"post_tag","embeddable":true,"href":"https:\/\/www.czechcyclingfederation.com\/en\/wp-json\/wp\/v2\/tags?post=36513"}],"curies":[{"name":"wp","href":"https:\/\/api.w.org\/{rel}","templated":true}]}}