{"id":36502,"date":"2025-07-15T21:57:38","date_gmt":"2025-07-15T19:57:38","guid":{"rendered":"https:\/\/www.czechcyclingfederation.com\/?p=36502"},"modified":"2025-07-23T10:00:16","modified_gmt":"2025-07-23T08:00:16","slug":"juniorske-sprinterky-na-me-v-anadii-skoncily-ctvrte","status":"publish","type":"post","link":"https:\/\/www.czechcyclingfederation.com\/en\/juniorske-sprinterky-na-me-v-anadii-skoncily-ctvrte\/","title":{"rendered":"Juniorsk\u00e9 sprinterky na ME v Anadii skon\u010dily \u010dtvrt\u00e9"},"content":{"rendered":"\n<p>V \u00favodn\u00edm dnu evropsk\u00e9ho \u0161ampion\u00e1tu juniorsk\u00fdch kategori\u00ed a jezdc\u016f kategori\u00ed U23 v portugalsk\u00e9 Anadii vybojovaly nejlep\u0161\u00ed \u010desk\u00fd v\u00fdsledek juniorky v t\u00fdmov\u00e9m sprintu. Trio ve slo\u017een\u00ed Ema Bene\u0161ov\u00e1, Kate\u0159ina Fojt\u016f a Krist\u00fdna K\u0159upalov\u00e1 obsadilo \u010dtvrt\u00e9 m\u00edsto, kdy\u017e v boji o bronz podlehlo Belgii.<\/p>\n\n\n\n<p>\u0160est\u00e1 skon\u010dila dal\u0161\u00ed juniorka Vendula Strakat\u00e1 ve scratchi. &#8220;Vendula zajela kr\u00e1sn\u00fd scratch. Po celou dobu z\u00e1vodu se pohybovala na p\u0159edn\u00edch p\u0159\u00ed\u010dk\u00e1ch, kontrolovala pozice. Ale nechala se asi jeden a p\u016fl kilometru p\u0159ed c\u00edlem zav\u0159\u00edt. Tak\u017ee pozice do spurtu nebyla ide\u00e1ln\u00ed. P\u0159edjela sice n\u011bkolik soupe\u0159ek, ale ji\u017e to nebyl boj o medaile, ale o \u0161est\u00e9 m\u00edsto. Nicm\u00e9n\u011b i to pova\u017eujme za velmi \u00fasp\u011b\u0161n\u00fd v\u00fdsledek,&#8221; \u0159ekl tren\u00e9r Luk\u00e1\u0161 Thun na adresu Venduly Strakat\u00e9.<\/p>\n\n\n\n<figure class=\"wp-block-image size-large\"><img loading=\"lazy\" decoding=\"async\" width=\"627\" height=\"1024\" src=\"http:\/\/www.czechcyclingfederation.com\/wp-content\/uploads\/2025\/07\/Strakata-Vendula-Thun-627x1024.jpg\" alt=\"\" class=\"wp-image-36503\" srcset=\"https:\/\/www.czechcyclingfederation.com\/wp-content\/uploads\/2025\/07\/Strakata-Vendula-Thun-627x1024.jpg 627w, https:\/\/www.czechcyclingfederation.com\/wp-content\/uploads\/2025\/07\/Strakata-Vendula-Thun-122x200.jpg 122w, https:\/\/www.czechcyclingfederation.com\/wp-content\/uploads\/2025\/07\/Strakata-Vendula-Thun-768x1255.jpg 768w, https:\/\/www.czechcyclingfederation.com\/wp-content\/uploads\/2025\/07\/Strakata-Vendula-Thun-940x1536.jpg 940w, https:\/\/www.czechcyclingfederation.com\/wp-content\/uploads\/2025\/07\/Strakata-Vendula-Thun.jpg 979w\" sizes=\"auto, (max-width: 627px) 100vw, 627px\" \/><\/figure>\n\n\n\n<p>Po dlouh\u00e9 dob\u011b nastoupil \u010desk\u00fd mu\u017e do st\u00edhac\u00edho z\u00e1vodu na 4 kilometry a Maty\u00e1\u0161 Kobl\u00ed\u017eek p\u0159edvedl skv\u011bl\u00fd v\u00fdkon. \u010casom\u00edra se mu zastavila na 4:20,195, \u010d\u00edm\u017e o \u0161est vte\u0159in p\u0159ekonal \u010desk\u00fd rekord, kter\u00fd zajel 12. \u010dervence 2016 v italsk\u00e9m Montichiari Nicolas Pietrula. P\u0159esto to sta\u010dilo pouze na 12. m\u00edsto.<\/p>\n\n\n\n<p>\u201ePro n\u00e1s to byl docela smoln\u00fd den. Maty\u00e1\u0161i Kobl\u00ed\u017ekovi po p\u016fl kole praskl \u0159et\u011bz, tak\u017ee musel nastoupit do z\u00e1vodu podruh\u00e9, co\u017e jej jist\u011b poznamenalo. P\u0159esto zajel hodn\u011b hodnotn\u00fd \u010desk\u00fd rekord, ale v jeho sil\u00e1ch asi bylo i v\u00edce,\u201c p\u0159idal \u0161\u00e9ftren\u00e9r Milan Kadlec.<\/p>\n\n\n\n<p>V\u00fdsledky:<\/p>\n\n\n\n<p>Junio\u0159i:<\/p>\n\n\n\n<p>Scratch:<\/p>\n\n\n\n<p>1. Vendramin (It.), 2. Fitzgerald (Ir.), 3. Jakovlev (AIN), &#8230;12. Vr\u00e1na (\u010cR).<\/p>\n\n\n\n<p>T\u00fdmov\u00fd sprint:<\/p>\n\n\n\n<p>Fin\u00e1le: Brit\u00e1nie (Larigo, Gill, Hepburn) 44,586, 2. N\u011bmecko 44,923, 3. Francie 46,234.<\/p>\n\n\n\n<p>Juniorky:<\/p>\n\n\n\n<p>Scratch:<\/p>\n\n\n\n<p>1. Fiallaov\u00e1 (D\u00e1n.), 2. Campanov\u00e1 (It.), 3. Jueckenov\u00e1 (Niz.), &#8230;6. Strakat\u00e1 (\u010cR).<\/p>\n\n\n\n<p>T\u00fdmov\u00fd sprint:<\/p>\n\n\n\n<p>Fin\u00e1le:&nbsp; It\u00e1lie (Cenciov\u00e1, Trevisanov\u00e1, Fiscrelliov\u00e1) 49,747 &#8211; N\u011bmecko 49,858, o 3. m\u00edsto: Belgie 50,643 &#8211; \u010cR (Bene\u0161ov\u00e1, Fojt\u016f, K\u0159upalov\u00e1) 52,417.<\/p>\n\n\n\n<p>Mu\u017ei U23:<\/p>\n\n\n\n<p>St\u00edhac\u00ed z\u00e1vod:<\/p>\n\n\n\n<p>Fin\u00e1le: Charlton (Brit.) 4:00,842 &#8211; Favero dojet, 3. Giaimi (oba It.) 4:10,634, &#8230;12. M. Kobl\u00ed\u017eek (\u010cR) 4:20,195<\/p>\n\n\n\n<p>Vylu\u010dovac\u00ed z\u00e1vod:<\/p>\n\n\n\n<p>1. Crabbe (Belg.), 2. Houcou (Fr.), 3. Lowth (D\u00e1n.), &#8230;15. Kadlec (\u010cR).<\/p>\n\n\n\n<p>\u017deny U23:<\/p>\n\n\n\n<p>Vylu\u010dovac\u00ed z\u00e1vod:<\/p>\n\n\n\n<p>1. Valhonenov\u00e1 (AIN), 2. Escalerov\u00e1 (\u0160p.), 3. Baimaov\u00e1 (It.), &#8230;16. B\u00e1rtov\u00e1 (\u010cR).<\/p>\n\n\n\n<p>St\u00edhac\u00ed z\u00e1vod:<\/p>\n\n\n\n<p>Fin\u00e1le: Venturelliov\u00e1 (It.) 3:22,622 &#8211; Listerov\u00e1 (Brit.) dojeta, 3. van Belleov\u00e1 (Niz.) 4:37,906.<\/p>\n\n\n\n<p>FOTO: ASC Dukla<\/p>\n","protected":false},"excerpt":{"rendered":"<p>V \u00favodn\u00edm dnu evropsk\u00e9ho \u0161ampion\u00e1tu juniorsk\u00fdch kategori\u00ed a jezdc\u016f kategori\u00ed U23 v portugalsk\u00e9 Anadii vybojovaly nejlep\u0161\u00ed \u010desk\u00fd v\u00fdsledek juniorky v t\u00fdmov\u00e9m sprintu. Trio ve slo\u017een\u00ed Ema Bene\u0161ov\u00e1, Kate\u0159ina Fojt\u016f a Krist\u00fdna K\u0159upalov\u00e1 obsadilo \u010dtvrt\u00e9 m\u00edsto, kdy\u017e v boji o bronz podlehlo Belgii. \u0160est\u00e1 skon\u010dila dal\u0161\u00ed juniorka Vendula Strakat\u00e1 ve scratchi. &#8220;Vendula zajela kr\u00e1sn\u00fd scratch. Po [&hellip;]<\/p>\n","protected":false},"author":8,"featured_media":36510,"comment_status":"closed","ping_status":"open","sticky":false,"template":"","format":"standard","meta":{"footnotes":""},"categories":[54,2,103],"tags":[9],"class_list":["post-36502","post","type-post","status-publish","format-standard","has-post-thumbnail","hentry","category-draha","category-novinky","category-reprezentace","tag-draha"],"_links":{"self":[{"href":"https:\/\/www.czechcyclingfederation.com\/en\/wp-json\/wp\/v2\/posts\/36502","targetHints":{"allow":["GET"]}}],"collection":[{"href":"https:\/\/www.czechcyclingfederation.com\/en\/wp-json\/wp\/v2\/posts"}],"about":[{"href":"https:\/\/www.czechcyclingfederation.com\/en\/wp-json\/wp\/v2\/types\/post"}],"author":[{"embeddable":true,"href":"https:\/\/www.czechcyclingfederation.com\/en\/wp-json\/wp\/v2\/users\/8"}],"replies":[{"embeddable":true,"href":"https:\/\/www.czechcyclingfederation.com\/en\/wp-json\/wp\/v2\/comments?post=36502"}],"version-history":[{"count":3,"href":"https:\/\/www.czechcyclingfederation.com\/en\/wp-json\/wp\/v2\/posts\/36502\/revisions"}],"predecessor-version":[{"id":36512,"href":"https:\/\/www.czechcyclingfederation.com\/en\/wp-json\/wp\/v2\/posts\/36502\/revisions\/36512"}],"wp:featuredmedia":[{"embeddable":true,"href":"https:\/\/www.czechcyclingfederation.com\/en\/wp-json\/wp\/v2\/media\/36510"}],"wp:attachment":[{"href":"https:\/\/www.czechcyclingfederation.com\/en\/wp-json\/wp\/v2\/media?parent=36502"}],"wp:term":[{"taxonomy":"category","embeddable":true,"href":"https:\/\/www.czechcyclingfederation.com\/en\/wp-json\/wp\/v2\/categories?post=36502"},{"taxonomy":"post_tag","embeddable":true,"href":"https:\/\/www.czechcyclingfederation.com\/en\/wp-json\/wp\/v2\/tags?post=36502"}],"curies":[{"name":"wp","href":"https:\/\/api.w.org\/{rel}","templated":true}]}}