{"id":3650,"date":"2021-03-04T16:30:16","date_gmt":"2021-03-04T15:30:16","guid":{"rendered":"http:\/\/www.czechcyclingfederation.com\/?p=3650"},"modified":"2021-03-04T16:35:24","modified_gmt":"2021-03-04T15:35:24","slug":"ctyri-cesti-bikeri-jsou-v-top-10-rankingu-uci","status":"publish","type":"post","link":"https:\/\/www.czechcyclingfederation.com\/en\/ctyri-cesti-bikeri-jsou-v-top-10-rankingu-uci\/","title":{"rendered":"\u010cty\u0159i \u010de\u0161t\u00ed bike\u0159i jsou v TOP 10 Rankingu UCI!"},"content":{"rendered":"\n<p><strong>\u010cty\u0159i \u010de\u0161t\u00ed bike\u0159i aktu\u00e1ln\u011b figuruj\u00ed ve sv\u011btov\u00e9 elitn\u00ed des\u00edtce Rankingu <\/strong><a href=\"https:\/\/www.uci.org\/mountain-bike\/rankings\" target=\"_blank\" rel=\"noreferrer noopener\"><strong>Mezin\u00e1rodn\u00ed cyklistick\u00e9 unie<\/strong><\/a><strong> (UCI). V\u00a0p\u0159\u00edpad\u011b Rankingu st\u00e1t\u016f pak \u017een\u00e1m i mu\u017e\u016fm aktu\u00e1ln\u011b n\u00e1le\u017e\u00ed um\u00edst\u011bn\u00ed v\u00a0elitn\u00ed sv\u011btov\u00e9 p\u011btce.<\/strong><\/p>\n\n\n\n<p>N\u011bkolikr\u00e1t jsme v pr\u016fb\u011bhu minul\u00e9 sez\u00f3ny zmi\u0148ovali rostouc\u00ed v\u00fdkonnost \u010desk\u00e9 Reprezentace MTB a to nejenom z&nbsp;pohledu dlouhodob\u011b \u00fasp\u011b\u0161n\u00fdch jedinc\u016f. Mnohem z\u0159eteln\u011bj\u0161\u00ed a povzbudiv\u00fd je fakt, \u017ee \u010desk\u00fd t\u00fdm v&nbsp;sou\u010dasn\u00e9 dob\u011b disponuje pom\u011brn\u011b po\u010detnou skupinou mlad\u00fdch jezdc\u016f, kte\u0159\u00ed jsou schopni konkurovat absolutn\u00ed sv\u011btov\u00e9 \u0161pi\u010dce. D\u016fvod\u016f je hned n\u011bkolik, jak zmi\u0148uje reprezenta\u010dn\u00ed tren\u00e9r Viktor Zapletal:&nbsp;<\/p>\n\n\n\n<p><em>\u201eP\u0159edev\u0161\u00edm jde o dlouhodob\u011b kvalitn\u00ed pr\u00e1ci na \u00farovni klub\u016f. Znovu opakuji, \u017ee v&nbsp;\u010cesk\u00e9 republice m\u00e1me jedny z&nbsp;nejlep\u0161\u00edch tren\u00e9r\u016f ml\u00e1de\u017ee na sv\u011bt\u011b, co\u017e si mnohokr\u00e1t v&nbsp;t\u00e9 typicky \u010desk\u00e9 kriti\u010dnosti a sout\u011b\u017eivosti jen obt\u00ed\u017en\u011b p\u0159ipou\u0161t\u00edme. Ale oni, na\u0161e kluby a zdrav\u011b zap\u00e1len\u00ed a nad\u0161en\u00ed rodi\u010de, jsou skute\u010dn\u011b t\u00edm pil\u00ed\u0159em sou\u010dasn\u00fdch \u00fasp\u011bch\u016f,\u201d <\/em>up\u0159es\u0148uje Viktor Zapletal<\/p>\n\n\n\n<p><em>\u201cDruhou v\u011bc\u00ed je skute\u010dnost, \u017ee se n\u00e1m ve spolupr\u00e1ci a podpo\u0159e \u010cesk\u00e9ho svazu cyklistiky poda\u0159ilo vytvo\u0159it pro ty nejtalentovan\u011bj\u0161\u00ed podm\u00ednky v&nbsp;re\u017eimu \u010d\u00e1ste\u010dn\u011b centr\u00e1ln\u00ed p\u0159\u00edpravy v&nbsp;r\u00e1mci Reprezentace MTB, tak\u017ee junio\u0159i a jezdci kategorie U23 absolvuj\u00ed v&nbsp;sez\u00f3n\u011b pom\u011brn\u011b bohat\u00fd program z\u00e1vodn\u00ed i tr\u00e9ninkov\u00fd spole\u010dn\u011b s&nbsp;reprezenta\u010dn\u00edm \u201e\u00e1\u010dkem\u201c, co\u017e je pro n\u011b rozv\u00edjej\u00edc\u00ed a umo\u017e\u0148uje n\u00e1m to rychle a p\u0159\u00edmo reagovat na v\u0161echny souvisej\u00edc\u00ed tr\u00e9ninkov\u00e9 ukazatele a t\u00edm zvy\u0161ujeme v\u00fdkonnost cel\u00e9 skupiny. Projekt Czech MTB Junior + U23 Talent bude pokra\u010dovat i v&nbsp;roce 2021 a p\u0159edpokl\u00e1d\u00e1me jeho p\u0159enesen\u00ed na cel\u00fd dal\u0161\u00ed olympijsk\u00fd cyklus 2021 &#8211; 2024,\u201c<\/em> dopl\u0148uje reprezenta\u010dn\u00ed kou\u010d. &nbsp;&nbsp;&nbsp;&nbsp;<\/p>\n\n\n\n<p>Poj\u010fme se podrobn\u011b pod\u00edvat na aktu\u00e1ln\u00ed podobu Rankingu UCI.<\/p>\n\n\n\n<p><\/p>\n\n\n\n<h4 class=\"wp-block-heading\"><strong><em>\u017deny Elite<\/em><\/strong><\/h4>\n\n\n\n<figure class=\"wp-block-image size-large is-resized\"><img decoding=\"async\" src=\"http:\/\/www.czechcyclingfederation.com\/wp-content\/uploads\/2021\/03\/Sn\u00edmek-obrazovky-2021-03-04-v-16.18.19-1024x418.png\" alt=\"\" class=\"wp-image-3651\" width=\"800\" srcset=\"https:\/\/www.czechcyclingfederation.com\/wp-content\/uploads\/2021\/03\/Sn\u00edmek-obrazovky-2021-03-04-v-16.18.19-1024x418.png 1024w, https:\/\/www.czechcyclingfederation.com\/wp-content\/uploads\/2021\/03\/Sn\u00edmek-obrazovky-2021-03-04-v-16.18.19-300x122.png 300w, https:\/\/www.czechcyclingfederation.com\/wp-content\/uploads\/2021\/03\/Sn\u00edmek-obrazovky-2021-03-04-v-16.18.19-768x314.png 768w, https:\/\/www.czechcyclingfederation.com\/wp-content\/uploads\/2021\/03\/Sn\u00edmek-obrazovky-2021-03-04-v-16.18.19-1536x627.png 1536w, https:\/\/www.czechcyclingfederation.com\/wp-content\/uploads\/2021\/03\/Sn\u00edmek-obrazovky-2021-03-04-v-16.18.19-2048x836.png 2048w, https:\/\/www.czechcyclingfederation.com\/wp-content\/uploads\/2021\/03\/Sn\u00edmek-obrazovky-2021-03-04-v-16.18.19-1320x539.png 1320w\" sizes=\"(max-width: 1024px) 100vw, 1024px\" \/><\/figure>\n\n\n\n<p>Na v\u00fdborn\u00e9m osm\u00e9m m\u00edst\u011b je drobn\u00e1 bikerka t\u00fdmu Expres CZ-Tufo Team Kol\u00edn, Tereza Tvar\u016f\u017ekov\u00e1, kter\u00e1 v&nbsp;pr\u016fb\u011bhu listopadu a \u00favodn\u00ed \u010d\u00e1sti sez\u00f3ny \u00fasp\u011b\u0161n\u011b bodovala v&nbsp;z\u00e1vodech kategorie C1 a C2 v&nbsp;Turecku. Mnohem v\u00edce pot\u011b\u0161iteln\u00e1 je ale v\u00fdkonnost, kterou Tereza z\u00edskala a velmi re\u00e1ln\u011b n\u00e1m v&nbsp;p\u016fvodn\u011b reprezentantce v&nbsp;b\u011bhu na ly\u017e\u00edch roste dal\u0161\u00ed z\u00e1vodnice absolutn\u00ed sv\u011btov\u00e9 \u0161pi\u010dky.<\/p>\n\n\n\n<p>V&nbsp;elitn\u00ed sv\u011btov\u00e9 \u010dty\u0159ic\u00edtce pak jsou hned dal\u0161\u00ed t\u0159i \u00fasp\u011b\u0161n\u00e9 \u010desk\u00e9 reprezentantky: 18. Jitka \u010c\u00e1belick\u00e1 (Gapp System Kolofix MTB Racing Team), 34. Karla \u0160t\u011bp\u00e1nov\u00e1 (Maloja Pushbikers MTB) a 36. Jana Czeczinkarov\u00e1 (Liv Cycling Team).<\/p>\n\n\n\n<p>V&nbsp;hodnocen\u00ed st\u00e1t\u016f jsou \u010desk\u00e9 \u017eeny na presti\u017en\u00edm t\u0159et\u00edm m\u00edst\u011b rankingu UCI za bikov\u00fdmi velmocemi Franci\u00ed a \u0160v\u00fdcarskem, co\u017e je nejlep\u0161\u00ed postaven\u00ed \u010desk\u00e9ho t\u00fdmu \u017een v&nbsp;posledn\u00edch t\u0159ech olympijsk\u00fdch cyklech.<\/p>\n\n\n\n<p>V\u00a0\u017eenami vysoce nastaven\u00e9m standardu se pohybuj\u00ed i \u010desk\u00e9 juniorky. Aneta Novotn\u00e1 (Adastra Cycling Team) je sou\u010dasnou sv\u011btovou dvojkou a Karol\u00edn\u011b Bedrn\u00edkov\u00e9 (Expres CZ-Tufo Team Kol\u00edn) n\u00e1le\u017e\u00ed pozice sv\u011btov\u00e9 p\u011btky.<\/p>\n\n\n\n<p><\/p>\n\n\n\n<h4 class=\"wp-block-heading\"><strong><em>Mu\u017ei Elite<\/em><\/strong><\/h4>\n\n\n\n<figure class=\"wp-block-image size-large is-resized\"><img decoding=\"async\" src=\"http:\/\/www.czechcyclingfederation.com\/wp-content\/uploads\/2021\/03\/Sn\u00edmek-obrazovky-2021-03-04-v-16.18.45-1024x399.png\" alt=\"\" class=\"wp-image-3652\" width=\"800\" srcset=\"https:\/\/www.czechcyclingfederation.com\/wp-content\/uploads\/2021\/03\/Sn\u00edmek-obrazovky-2021-03-04-v-16.18.45-1024x399.png 1024w, https:\/\/www.czechcyclingfederation.com\/wp-content\/uploads\/2021\/03\/Sn\u00edmek-obrazovky-2021-03-04-v-16.18.45-300x117.png 300w, https:\/\/www.czechcyclingfederation.com\/wp-content\/uploads\/2021\/03\/Sn\u00edmek-obrazovky-2021-03-04-v-16.18.45-768x299.png 768w, https:\/\/www.czechcyclingfederation.com\/wp-content\/uploads\/2021\/03\/Sn\u00edmek-obrazovky-2021-03-04-v-16.18.45-1536x598.png 1536w, https:\/\/www.czechcyclingfederation.com\/wp-content\/uploads\/2021\/03\/Sn\u00edmek-obrazovky-2021-03-04-v-16.18.45-2048x797.png 2048w, https:\/\/www.czechcyclingfederation.com\/wp-content\/uploads\/2021\/03\/Sn\u00edmek-obrazovky-2021-03-04-v-16.18.45-1320x514.png 1320w\" sizes=\"(max-width: 1024px) 100vw, 1024px\" \/><\/figure>\n\n\n\n<p>Na m\u00edst\u011b dev\u00e1t\u00e9m rankingu UCI je nyn\u00ed n\u00e1\u0161 nejlep\u0161\u00ed biker Ond\u0159ej Cink (Kross Orlen Cycling Team). Dvojn\u00e1sobn\u00fd olympionik a zat\u00edm n\u00e1\u0161 jedin\u00fd mistr sv\u011bta kategorie U23 je stabiln\u00edm \u010dlenem presti\u017en\u00ed sv\u011btov\u00e9 des\u00edtky hv\u011bzdn\u00fdch a velmi vyrovnan\u00fdch jezdc\u016f. Odborn\u00edci hodnot\u00ed sou\u010dasnou prvn\u00ed sv\u011btovou patn\u00e1ctku jezdc\u016f za natolik vyrovnanou, \u017ee v&nbsp;podstat\u011b kdokoliv z&nbsp;t\u00e9to skupiny m\u016f\u017ee vyhr\u00e1t olympijsk\u00fd z\u00e1vod nebo mistrovstv\u00ed sv\u011bta. Je to velk\u00e1 zm\u011bna oproti p\u0159edchoz\u00edm olympijsk\u00fdm obdob\u00edm, kdy sv\u011btu diktovala tempo legend\u00e1rn\u00ed trojice: Nino Shurter, Julien Absolon a Jaroslav Kulhav\u00fd a jsme r\u00e1di, \u017ee \u010desk\u00e1 reprezentace m\u016f\u017ee znovu v&nbsp;postav\u011b Ond\u0159eje bojovat o um\u00edst\u011bn\u00ed nejvy\u0161\u0161\u00ed.<\/p>\n\n\n\n<p>V prvn\u00ed sv\u011btov\u00e9 pades\u00e1tce rankingu UCI jsou je\u0161t\u011b dal\u0161\u00ed dva \u010de\u0161t\u00ed reprezentanti: 32. Jan Vastl (Maloja Pushbikers MTB) a 42. Jan \u0160karnizl (Cyklostar Trek Pirelli).<\/p>\n\n\n\n<p>Mezi n\u00e1rody n\u00e1le\u017e\u00ed mu\u017e\u016fm p\u00e1t\u00e9 m\u00edsto na sv\u011bt\u011b ve skute\u010dn\u011b elitn\u00ed spole\u010dnosti: 1. Francie, 2. \u0160v\u00fdcarsko, 3. It\u00e1lie, 4. Braz\u00edlie.&nbsp;<\/p>\n\n\n\n<p>V\u00a0prvn\u00ed sv\u011btov\u00e9 \u010dty\u0159ic\u00edtce jsou i dva \u010de\u0161t\u00ed junio\u0159i: 31. V\u00e1clav Veverka (Cyklostar Trek Pirelli) a 40. Filip Kone\u010dn\u00fd (Dukla Praha), co\u017e je velmi slibn\u00e9 i pro z\u00e1vod \u0161tafet na mistrovstv\u00ed sv\u011bta a Evropy, kde startuje celkem \u0161est jezdc\u016f nap\u0159\u00ed\u010d v\u0161emi kategoriemi (junior, U23, Elite) mu\u017e\u016f a \u017een a vyrovnanost t\u00fdmu je z\u00e1kladem \u00fasp\u011bchu cel\u00e9ho t\u00fdmu.<\/p>\n\n\n\n<p><em>Foto: Mat\u011bj Charv\u00e1t<\/em><\/p>\n","protected":false},"excerpt":{"rendered":"<p>\u010cty\u0159i \u010de\u0161t\u00ed bike\u0159i aktu\u00e1ln\u011b figuruj\u00ed ve sv\u011btov\u00e9 elitn\u00ed des\u00edtce Rankingu Mezin\u00e1rodn\u00ed cyklistick\u00e9 unie (UCI). V\u00a0p\u0159\u00edpad\u011b Rankingu st\u00e1t\u016f pak \u017een\u00e1m i mu\u017e\u016fm aktu\u00e1ln\u011b n\u00e1le\u017e\u00ed um\u00edst\u011bn\u00ed v\u00a0elitn\u00ed sv\u011btov\u00e9 p\u011btce. N\u011bkolikr\u00e1t jsme v pr\u016fb\u011bhu minul\u00e9 sez\u00f3ny zmi\u0148ovali rostouc\u00ed v\u00fdkonnost \u010desk\u00e9 Reprezentace MTB a to nejenom z&nbsp;pohledu dlouhodob\u011b \u00fasp\u011b\u0161n\u00fdch jedinc\u016f. Mnohem z\u0159eteln\u011bj\u0161\u00ed a povzbudiv\u00fd je fakt, \u017ee \u010desk\u00fd t\u00fdm [&hellip;]<\/p>\n","protected":false},"author":9,"featured_media":3548,"comment_status":"closed","ping_status":"open","sticky":false,"template":"","format":"standard","meta":{"footnotes":""},"categories":[6,2],"tags":[],"class_list":["post-3650","post","type-post","status-publish","format-standard","has-post-thumbnail","hentry","category-mtb","category-novinky"],"_links":{"self":[{"href":"https:\/\/www.czechcyclingfederation.com\/en\/wp-json\/wp\/v2\/posts\/3650","targetHints":{"allow":["GET"]}}],"collection":[{"href":"https:\/\/www.czechcyclingfederation.com\/en\/wp-json\/wp\/v2\/posts"}],"about":[{"href":"https:\/\/www.czechcyclingfederation.com\/en\/wp-json\/wp\/v2\/types\/post"}],"author":[{"embeddable":true,"href":"https:\/\/www.czechcyclingfederation.com\/en\/wp-json\/wp\/v2\/users\/9"}],"replies":[{"embeddable":true,"href":"https:\/\/www.czechcyclingfederation.com\/en\/wp-json\/wp\/v2\/comments?post=3650"}],"version-history":[{"count":6,"href":"https:\/\/www.czechcyclingfederation.com\/en\/wp-json\/wp\/v2\/posts\/3650\/revisions"}],"predecessor-version":[{"id":3658,"href":"https:\/\/www.czechcyclingfederation.com\/en\/wp-json\/wp\/v2\/posts\/3650\/revisions\/3658"}],"wp:featuredmedia":[{"embeddable":true,"href":"https:\/\/www.czechcyclingfederation.com\/en\/wp-json\/wp\/v2\/media\/3548"}],"wp:attachment":[{"href":"https:\/\/www.czechcyclingfederation.com\/en\/wp-json\/wp\/v2\/media?parent=3650"}],"wp:term":[{"taxonomy":"category","embeddable":true,"href":"https:\/\/www.czechcyclingfederation.com\/en\/wp-json\/wp\/v2\/categories?post=3650"},{"taxonomy":"post_tag","embeddable":true,"href":"https:\/\/www.czechcyclingfederation.com\/en\/wp-json\/wp\/v2\/tags?post=3650"}],"curies":[{"name":"wp","href":"https:\/\/api.w.org\/{rel}","templated":true}]}}