{"id":36494,"date":"2025-07-14T18:58:55","date_gmt":"2025-07-14T16:58:55","guid":{"rendered":"https:\/\/www.czechcyclingfederation.com\/?p=36494"},"modified":"2025-07-14T18:58:57","modified_gmt":"2025-07-14T16:58:57","slug":"cesi-maji-na-drahovem-me-medailove-ambice","status":"publish","type":"post","link":"https:\/\/www.czechcyclingfederation.com\/en\/cesi-maji-na-drahovem-me-medailove-ambice\/","title":{"rendered":"\u010ce\u0161i maj\u00ed na dr\u00e1hov\u00e9m ME medailov\u00e9 ambice"},"content":{"rendered":"\n<p>Portugalsk\u00e1 Anadia host\u00ed od \u00fater\u00fd do ned\u011ble mistrovstv\u00ed Evropy v&nbsp;dr\u00e1hov\u00e9 cyklistice U23 a juniorsk\u00fdch kategori\u00ed. \u010cesk\u00e9 barvy tam bude h\u00e1jit celkem 21 reprezentant\u016f a \u0159ada z&nbsp;nich m\u00e1 ty nejvy\u0161\u0161\u00ed ambice.<\/p>\n\n\n\n<p><em>\u201eLid\u00ed, kte\u0159\u00ed od n\u00e1s mohou myslet na medaili, je ur\u010dit\u011b v\u00edc. A\u0165 jsou to sprinte\u0159i Peterka nebo Jaborn\u00edkov\u00e1, z\u00a0vytrvalc\u016f ur\u010dit\u011b N\u011bmcov\u00e1 i n\u011bkdo z\u00a0kluk\u016f,\u201c<\/em> \u0159\u00edk\u00e1 reprezenta\u010dn\u00ed tren\u00e9r <strong>Milan Kadlec.<\/strong><\/p>\n\n\n\n<p>Jednou z&nbsp;hv\u011bzd v&nbsp;\u010desk\u00e9m t\u00fdmu je pr\u00e1v\u011b <strong>David Peterka<\/strong>, kter\u00fd v&nbsp;lednu na seniorsk\u00e9m mistrovstv\u00ed Evropy v&nbsp;Zolderu vybojoval coby osmn\u00e1ctilet\u00fd benjam\u00ednek senza\u010dn\u00ed bronz na kilometru s&nbsp;pevn\u00fdm startem. V&nbsp;Portugalsku bude startovat je\u0161t\u011b v&nbsp;keirinu, sprintu i t\u00fdmov\u00e9m sprintu. <em>\u201eDavid m\u016f\u017ee pom\u00fd\u0161let na medaili v&nbsp;ka\u017ed\u00e9 discipl\u00edn\u011b,\u201c<\/em> mysl\u00ed si Kadlec.<\/p>\n\n\n\n<figure class=\"wp-block-image size-large\"><img loading=\"lazy\" decoding=\"async\" width=\"1024\" height=\"590\" src=\"http:\/\/www.czechcyclingfederation.com\/wp-content\/uploads\/2025\/02\/Peterka-David-2-e1740129722351-1024x590.jpg\" alt=\"\" class=\"wp-image-33965\" srcset=\"https:\/\/www.czechcyclingfederation.com\/wp-content\/uploads\/2025\/02\/Peterka-David-2-e1740129722351-1024x590.jpg 1024w, https:\/\/www.czechcyclingfederation.com\/wp-content\/uploads\/2025\/02\/Peterka-David-2-e1740129722351-300x173.jpg 300w, https:\/\/www.czechcyclingfederation.com\/wp-content\/uploads\/2025\/02\/Peterka-David-2-e1740129722351-768x443.jpg 768w, https:\/\/www.czechcyclingfederation.com\/wp-content\/uploads\/2025\/02\/Peterka-David-2-e1740129722351-1536x885.jpg 1536w, https:\/\/www.czechcyclingfederation.com\/wp-content\/uploads\/2025\/02\/Peterka-David-2-e1740129722351-1320x761.jpg 1320w, https:\/\/www.czechcyclingfederation.com\/wp-content\/uploads\/2025\/02\/Peterka-David-2-e1740129722351.jpg 1693w\" sizes=\"auto, (max-width: 1024px) 100vw, 1024px\" \/><\/figure>\n\n\n\n<p><em>\u201eOt\u00e1zkou je, jak to bude v&nbsp;juniorsk\u00fdch kategori\u00edch, hodn\u011b bude z\u00e1le\u017eet na konkurenci a moment\u00e1ln\u00edm rozpolo\u017een\u00ed. Medail\u00edm se ur\u010dit\u011b n\u011bkdo p\u0159ibl\u00ed\u017eit m\u016f\u017ee, ale za \u00fasp\u011bch budeme pova\u017eovat um\u00edst\u011bn\u00ed v&nbsp;prvn\u00ed polovin\u011b startovn\u00edho pole,\u201c<\/em> \u0159ekl reprezenta\u010dn\u00ed tren\u00e9r.<\/p>\n\n\n\n<figure class=\"wp-block-image size-large\"><img loading=\"lazy\" decoding=\"async\" width=\"1024\" height=\"683\" src=\"https:\/\/www.czechcyclingfederation.com\/wp-content\/uploads\/2025\/07\/kadlec-milan-1024x683.jpg\" alt=\"\" class=\"wp-image-36496\" srcset=\"https:\/\/www.czechcyclingfederation.com\/wp-content\/uploads\/2025\/07\/kadlec-milan-1024x683.jpg 1024w, https:\/\/www.czechcyclingfederation.com\/wp-content\/uploads\/2025\/07\/kadlec-milan-300x200.jpg 300w, https:\/\/www.czechcyclingfederation.com\/wp-content\/uploads\/2025\/07\/kadlec-milan-768x512.jpg 768w, https:\/\/www.czechcyclingfederation.com\/wp-content\/uploads\/2025\/07\/kadlec-milan-1536x1024.jpg 1536w, https:\/\/www.czechcyclingfederation.com\/wp-content\/uploads\/2025\/07\/kadlec-milan-2048x1365.jpg 2048w, https:\/\/www.czechcyclingfederation.com\/wp-content\/uploads\/2025\/07\/kadlec-milan-1320x880.jpg 1320w\" sizes=\"auto, (max-width: 1024px) 100vw, 1024px\" \/><\/figure>\n\n\n\n<p><em>\u201eLeto\u0161n\u00ed poolympijsk\u00e1 sezona je trochu specifick\u00e1. Mistrovstv\u00ed Evropy bylo u\u017e v&nbsp;lednu, jel se jen jeden Nations Cup. A je pom\u011brn\u011b slo\u017eit\u00e9 se chystat na \u010dervencov\u00fd \u0161ampion\u00e1t. M\u011bli jsme to rozd\u011blen\u00e9 na dv\u011b party: jedna se te\u010f chystala na velodromu v&nbsp;polsk\u00e9m Pruszkow\u011b, kde byly i p\u0159\u00edpravn\u00e9 z\u00e1vody, druh\u00e1 v&nbsp;Prost\u011bjov\u011b. Sprinte\u0159i m\u011bli mistrovstv\u00ed republiky na dr\u00e1ze, vytrvalci z\u00e1vodili na silnici a jeli silni\u010dn\u00ed mistr\u00e1k. Vytrvalci do toho jdou prakticky z&nbsp;pln\u00e9 sezony a sta\u010d\u00ed jen spr\u00e1vn\u011b vyladit formu,\u201c<\/em> popsal pl\u00e1n p\u0159\u00edpravy Kadlec.<\/p>\n\n\n\n<p class=\"has-medium-font-size\"><strong>Nominace reprezentace \u010cR<\/strong><\/p>\n\n\n\n<p><strong>Mu\u017ei U23: Milan Kadlec<\/strong> (vylu\u010dovac\u00ed z\u00e1vod, omnium, scratch, bodovac\u00ed z\u00e1vod, madison), <strong>Maty\u00e1\u0161 Kobl\u00ed\u017eek<\/strong> (st\u00edhac\u00ed z\u00e1vod, omnium, scratch, madison), <strong>Viktor Pad\u011blek<\/strong> (vylu\u010dovac\u00ed z\u00e1vod, bodovac\u00ed z\u00e1vod, madison), <strong>David Peterka<\/strong> (1 km s&nbsp;pevn\u00fdm startem, keirin, sprint, t\u00fdmov\u00fd sprint), <strong>Jan Po\u0159\u00edzek<\/strong> (keirin, sprint, t\u00fdmov\u00fd sprint), <strong>Adam Rauschgold<\/strong> (1 km s&nbsp;pevn\u00fdm startem, keirin, sprint, t\u00fdmov\u00fd sprint).<\/p>\n\n\n\n<p><strong>\u017deny U23:<\/strong> <strong>Barbora N\u011bmcov\u00e1<\/strong> (vylu\u010dovac\u00ed z\u00e1vod, omnium, scratch, bodovac\u00ed z\u00e1vod, madison), <strong>Gabriela B\u00e1rtov\u00e1<\/strong> (vylu\u010dovac\u00ed z\u00e1vod, madison, omnium, bodovac\u00ed z\u00e1vod, scratch), <strong>Anna Jaborn\u00edkov\u00e1<\/strong> (1 km s&nbsp;pevn\u00fdm startem, keirin, sprint), <strong>Kate\u0159ina S\u00e1ra Peterkov\u00e1<\/strong> (1 km s&nbsp;pevn\u00fdm startem, keirin, sprint).<\/p>\n\n\n\n<p><strong>Junio\u0159i: Adam Frajbi\u0161<\/strong> (omnium, bodovac\u00ed z\u00e1vod, madison), <strong>Albert Rauschert<\/strong> (st\u00edhac\u00ed z\u00e1vod, vylu\u010dovac\u00ed z\u00e1vod, madison), <strong>Filip Richter<\/strong> (vylu\u010dovac\u00ed z\u00e1vod, scratch), <strong>Tom\u00e1\u0161 Vr\u00e1na<\/strong> (omnium, bodovac\u00ed z\u00e1vod, scratch, madison).<\/p>\n\n\n\n<p><strong>Juniorky:<\/strong> <strong>Nat\u00e1lie N\u011bmcov\u00e1<\/strong> (st\u00edhac\u00ed z\u00e1vod, bodovac\u00ed z\u00e1vod), <strong>Vendula Strakat\u00e1<\/strong> (omnium, scratch, madison), <strong>Be\u00e1ta Hermanov\u00e1<\/strong> (vylu\u010dovac\u00ed z\u00e1vod, scratch, bodovac\u00ed z\u00e1vod, omnium, madison), <strong>Zuzka Kr\u00e1tk\u00e1<\/strong> (madison), <strong>Ema Bene\u0161ov\u00e1, Kate\u0159ina Fojt\u016f<\/strong> (ob\u011b 1 km s&nbsp;pevn\u00fdm startem, keirin, sprint, t\u00fdmov\u00fd sprint), <strong>Krist\u00fdna K\u0159upalov\u00e1<\/strong> (1 km s&nbsp;pevn\u00fdm startem, keirin, sprint, t\u00fdmov\u00fd sprint).<\/p>\n\n\n\n<p>Foto: Filip Bezd\u011bk a Aneta V\u00e1lkov\u00e1<\/p>\n","protected":false},"excerpt":{"rendered":"<p>Portugalsk\u00e1 Anadia host\u00ed od \u00fater\u00fd do ned\u011ble mistrovstv\u00ed Evropy v&nbsp;dr\u00e1hov\u00e9 cyklistice U23 a juniorsk\u00fdch kategori\u00ed. \u010cesk\u00e9 barvy tam bude h\u00e1jit celkem 21 reprezentant\u016f a \u0159ada z&nbsp;nich m\u00e1 ty nejvy\u0161\u0161\u00ed ambice. \u201eLid\u00ed, kte\u0159\u00ed od n\u00e1s mohou myslet na medaili, je ur\u010dit\u011b v\u00edc. A\u0165 jsou to sprinte\u0159i Peterka nebo Jaborn\u00edkov\u00e1, z\u00a0vytrvalc\u016f ur\u010dit\u011b N\u011bmcov\u00e1 i n\u011bkdo z\u00a0kluk\u016f,\u201c \u0159\u00edk\u00e1 [&hellip;]<\/p>\n","protected":false},"author":15,"featured_media":33961,"comment_status":"closed","ping_status":"open","sticky":false,"template":"","format":"standard","meta":{"footnotes":""},"categories":[54,2],"tags":[9],"class_list":["post-36494","post","type-post","status-publish","format-standard","has-post-thumbnail","hentry","category-draha","category-novinky","tag-draha"],"_links":{"self":[{"href":"https:\/\/www.czechcyclingfederation.com\/en\/wp-json\/wp\/v2\/posts\/36494","targetHints":{"allow":["GET"]}}],"collection":[{"href":"https:\/\/www.czechcyclingfederation.com\/en\/wp-json\/wp\/v2\/posts"}],"about":[{"href":"https:\/\/www.czechcyclingfederation.com\/en\/wp-json\/wp\/v2\/types\/post"}],"author":[{"embeddable":true,"href":"https:\/\/www.czechcyclingfederation.com\/en\/wp-json\/wp\/v2\/users\/15"}],"replies":[{"embeddable":true,"href":"https:\/\/www.czechcyclingfederation.com\/en\/wp-json\/wp\/v2\/comments?post=36494"}],"version-history":[{"count":4,"href":"https:\/\/www.czechcyclingfederation.com\/en\/wp-json\/wp\/v2\/posts\/36494\/revisions"}],"predecessor-version":[{"id":36500,"href":"https:\/\/www.czechcyclingfederation.com\/en\/wp-json\/wp\/v2\/posts\/36494\/revisions\/36500"}],"wp:featuredmedia":[{"embeddable":true,"href":"https:\/\/www.czechcyclingfederation.com\/en\/wp-json\/wp\/v2\/media\/33961"}],"wp:attachment":[{"href":"https:\/\/www.czechcyclingfederation.com\/en\/wp-json\/wp\/v2\/media?parent=36494"}],"wp:term":[{"taxonomy":"category","embeddable":true,"href":"https:\/\/www.czechcyclingfederation.com\/en\/wp-json\/wp\/v2\/categories?post=36494"},{"taxonomy":"post_tag","embeddable":true,"href":"https:\/\/www.czechcyclingfederation.com\/en\/wp-json\/wp\/v2\/tags?post=36494"}],"curies":[{"name":"wp","href":"https:\/\/api.w.org\/{rel}","templated":true}]}}