{"id":36487,"date":"2025-07-14T17:22:08","date_gmt":"2025-07-14T15:22:08","guid":{"rendered":"https:\/\/www.czechcyclingfederation.com\/?p=36487"},"modified":"2025-07-14T17:22:11","modified_gmt":"2025-07-14T15:22:11","slug":"trhovy-stepanov-hostil-sampionat-mladeze-v-silnicni-cyklistice","status":"publish","type":"post","link":"https:\/\/www.czechcyclingfederation.com\/en\/trhovy-stepanov-hostil-sampionat-mladeze-v-silnicni-cyklistice\/","title":{"rendered":"Trhov\u00fd \u0160t\u011bp\u00e1nov hostil \u0161ampion\u00e1t ml\u00e1de\u017ee v silni\u010dn\u00ed cyklistice"},"content":{"rendered":"\n<p>Trhov\u00fd \u0160t\u011bp\u00e1nov se stal o v\u00edkendu mezi 12. a 13. \u010dervencem centrem ml\u00e1de\u017enick\u00e9 silni\u010dn\u00ed cyklistiky. Mistrovstv\u00ed \u010cesk\u00e9 republiky v \u010dasovce a hromadn\u00e9m z\u00e1vod\u011b zde absolvovaly kategorie od mlad\u0161\u00edch \u017e\u00e1k\u016f p\u0159es \u017e\u00e1ky star\u0161\u00ed po kadety.&nbsp;<\/p>\n\n\n\n<p>Sobota pat\u0159ila \u010dasovce, je\u017e se jela na 13,4 kilometru dlouh\u00e9 trati z Trhov\u00e9ho \u0160t\u011bp\u00e1nova do obce Sedmp\u00e1ny, kde se z\u00e1vodn\u00edci ot\u00e1\u010deli a po stejn\u00e9 trase se vydali vst\u0159\u00edc c\u00edli. Sobotn\u00ed po\u010das\u00ed jezdc\u016fm nep\u0159\u00e1lo. D\u00e9\u0161\u0165 tra\u0165 svla\u017eil, p\u0159esto si se v\u0161emi \u017eivly z\u00e1vodn\u00edci poradili a zvln\u011bnou technickou tra\u0165 zvl\u00e1dli bez komplikac\u00ed.&nbsp;<\/p>\n\n\n\n<p>V\u00edt\u011bzstv\u00ed mezi mlad\u0161\u00edmi \u017e\u00e1kyn\u011bmi z\u00edskala Emma H\u00e1jkov\u00e1 (TJ Favorit Brno), v mlad\u0161\u00edch \u017e\u00e1c\u00edch \u0160t\u011bp\u00e1n Hur\u00e1k (TJ Auto \u0160koda MB), ve star\u0161\u00edch \u017e\u00e1kyn\u00edch Ema Svit\u00e1lkov\u00e1 (CK Dacom Pharma Kyjov), ve star\u0161\u00edch \u017e\u00e1c\u00edch Adam Jindr\u00e1k (Mapei Merida Ka\u0148kovsk\u00fd), v kadetk\u00e1ch Linda S\u00edtkov\u00e1 (ACK Star\u00e1 Ves nad Ond\u0159ejnic\u00ed) a v kadetech Adam Kment (Brilon Racing Team).<\/p>\n\n\n\n<figure class=\"wp-block-image size-large\"><img loading=\"lazy\" decoding=\"async\" width=\"1024\" height=\"683\" src=\"https:\/\/www.czechcyclingfederation.com\/wp-content\/uploads\/2025\/07\/D802551-1024x683.jpg\" alt=\"\" class=\"wp-image-36490\" srcset=\"https:\/\/www.czechcyclingfederation.com\/wp-content\/uploads\/2025\/07\/D802551-1024x683.jpg 1024w, https:\/\/www.czechcyclingfederation.com\/wp-content\/uploads\/2025\/07\/D802551-300x200.jpg 300w, https:\/\/www.czechcyclingfederation.com\/wp-content\/uploads\/2025\/07\/D802551-768x513.jpg 768w, https:\/\/www.czechcyclingfederation.com\/wp-content\/uploads\/2025\/07\/D802551-1536x1025.jpg 1536w, https:\/\/www.czechcyclingfederation.com\/wp-content\/uploads\/2025\/07\/D802551-2048x1367.jpg 2048w, https:\/\/www.czechcyclingfederation.com\/wp-content\/uploads\/2025\/07\/D802551-1320x881.jpg 1320w\" sizes=\"auto, (max-width: 1024px) 100vw, 1024px\" \/><\/figure>\n\n\n\n<p>V ned\u011bli byly na programu z\u00e1vody s hromadn\u00fdm startem. Mistrovsk\u00fd program odstartoval ve 12:00 z\u00e1vodem mlad\u0161\u00edch \u017e\u00e1k\u016f, kte\u0159\u00ed absolvovali jeden 18 kilometr\u016f dlouh\u00fd okruh s p\u0159ev\u00fd\u0161en\u00edm 150 metr\u016f. Dres \u010desk\u00e9ho \u0161ampiona vybojoval \u0160t\u011bp\u00e1n Hur\u00e1k a bere tak mistrovsk\u00fd dabl. V mlad\u0161\u00edch \u017e\u00e1kyn\u00edch vyhr\u00e1la Roz\u00e1lie Kazdov\u00e1 (Cykloklub Ji\u010d\u00edn). Ve star\u0161\u00edch \u017e\u00e1kyn\u00edch, kter\u00e9 absolvovaly dva okruhy, zv\u00edt\u011bzila Nela Dr\u00e1bkov\u00e1 (Express CZ BMD Team Kol\u00edn), ve star\u0161\u00edch \u017e\u00e1c\u00edch bere dabl Adam Jindr\u00e1k, v kadetk\u00e1ch stejn\u00fd \u00fasp\u011bch zaznamenala Linda S\u00edtkov\u00e1 (ACK Star\u00e1 Ves nad Ond\u0159ejnic\u00ed) a v kadetech zv\u00edt\u011bzil \u0160t\u011bp\u00e1n Kala\u0161 (TJ Stadion Louny).<\/p>\n","protected":false},"excerpt":{"rendered":"<p>Trhov\u00fd \u0160t\u011bp\u00e1nov se stal o v\u00edkendu mezi 12. a 13. \u010dervencem centrem ml\u00e1de\u017enick\u00e9 silni\u010dn\u00ed cyklistiky. Mistrovstv\u00ed \u010cesk\u00e9 republiky v \u010dasovce a hromadn\u00e9m z\u00e1vod\u011b zde absolvovaly kategorie od mlad\u0161\u00edch \u017e\u00e1k\u016f p\u0159es \u017e\u00e1ky star\u0161\u00ed po kadety.&nbsp; Sobota pat\u0159ila \u010dasovce, je\u017e se jela na 13,4 kilometru dlouh\u00e9 trati z Trhov\u00e9ho \u0160t\u011bp\u00e1nova do obce Sedmp\u00e1ny, kde se z\u00e1vodn\u00edci ot\u00e1\u010deli [&hellip;]<\/p>\n","protected":false},"author":30,"featured_media":36488,"comment_status":"closed","ping_status":"open","sticky":false,"template":"","format":"standard","meta":{"footnotes":""},"categories":[2,18],"tags":[11],"class_list":["post-36487","post","type-post","status-publish","format-standard","has-post-thumbnail","hentry","category-novinky","category-silnice","tag-silnice"],"_links":{"self":[{"href":"https:\/\/www.czechcyclingfederation.com\/en\/wp-json\/wp\/v2\/posts\/36487","targetHints":{"allow":["GET"]}}],"collection":[{"href":"https:\/\/www.czechcyclingfederation.com\/en\/wp-json\/wp\/v2\/posts"}],"about":[{"href":"https:\/\/www.czechcyclingfederation.com\/en\/wp-json\/wp\/v2\/types\/post"}],"author":[{"embeddable":true,"href":"https:\/\/www.czechcyclingfederation.com\/en\/wp-json\/wp\/v2\/users\/30"}],"replies":[{"embeddable":true,"href":"https:\/\/www.czechcyclingfederation.com\/en\/wp-json\/wp\/v2\/comments?post=36487"}],"version-history":[{"count":1,"href":"https:\/\/www.czechcyclingfederation.com\/en\/wp-json\/wp\/v2\/posts\/36487\/revisions"}],"predecessor-version":[{"id":36492,"href":"https:\/\/www.czechcyclingfederation.com\/en\/wp-json\/wp\/v2\/posts\/36487\/revisions\/36492"}],"wp:featuredmedia":[{"embeddable":true,"href":"https:\/\/www.czechcyclingfederation.com\/en\/wp-json\/wp\/v2\/media\/36488"}],"wp:attachment":[{"href":"https:\/\/www.czechcyclingfederation.com\/en\/wp-json\/wp\/v2\/media?parent=36487"}],"wp:term":[{"taxonomy":"category","embeddable":true,"href":"https:\/\/www.czechcyclingfederation.com\/en\/wp-json\/wp\/v2\/categories?post=36487"},{"taxonomy":"post_tag","embeddable":true,"href":"https:\/\/www.czechcyclingfederation.com\/en\/wp-json\/wp\/v2\/tags?post=36487"}],"curies":[{"name":"wp","href":"https:\/\/api.w.org\/{rel}","templated":true}]}}