{"id":36482,"date":"2025-07-14T06:30:48","date_gmt":"2025-07-14T04:30:48","guid":{"rendered":"https:\/\/www.czechcyclingfederation.com\/?p=36482"},"modified":"2025-07-14T06:30:51","modified_gmt":"2025-07-14T04:30:51","slug":"slavik-vyhral-v-desti-zavod-jbc-4x-revelations","status":"publish","type":"post","link":"https:\/\/www.czechcyclingfederation.com\/en\/slavik-vyhral-v-desti-zavod-jbc-4x-revelations\/","title":{"rendered":"Slav\u00edk vyhr\u00e1l v\u00a0de\u0161ti z\u00e1vod JBC 4x Revelations"},"content":{"rendered":"\n<p><strong>Tom\u00e1\u0161 Slav\u00edk<\/strong> potvrdil, \u017ee mu dom\u00e1c\u00ed tra\u0165 p\u0159i z\u00e1vod\u011b Sv\u011btov\u00e9 fourcrossov\u00e9 s\u00e9rie JBC 4x Revelations sv\u011bd\u010d\u00ed. V&nbsp;are\u00e1lu Dobr\u00e1 voda u Jablonce toti\u017e vyhr\u00e1l i podvan\u00e1ct\u00e9 v&nbsp;\u0159ad\u011b a z\u016fst\u00e1v\u00e1 nepora\u017een.<\/p>\n\n\n\n<p>Organiz\u00e1tor\u016fm letos p\u0159\u00edli\u0161 nep\u0159\u00e1lo po\u010das\u00ed a cel\u00e9 kl\u00e1n\u00ed se konalo za de\u0161t\u011b. <em>\u201eV\u0161echno bylo za t\u011bchto podm\u00ednek hrozn\u011b t\u011b\u017ek\u00e9. Po\u010das\u00ed n\u00e1m prost\u011b trochu zatopilo, ale m\u00e1m stra\u0161nou radost, \u017ee i kdy\u017e bylo tak o\u0161klivo, p\u0159i\u0161lo tolik lid\u00ed. Za to v\u0161em d\u011bkuju,\u201c <\/em>\u0159ekl Slav\u00edk, kter\u00fd je i hlavn\u00edm organiz\u00e1torem z\u00e1vodu.<\/p>\n\n\n\n<p>Ve \u010dty\u0159\u010dlenn\u00e9m mu\u017esk\u00e9m fin\u00e1le s\u00a0n\u00edm startovali J<strong>akub Pivni\u010dka, Jan \u010cepel\u00e1k <\/strong>a N\u011bmec <strong>Johannes Fischbach<\/strong>. Slav\u00edk na bl\u00e1tiv\u00e9 trati vyhr\u00e1l syst\u00e9mem start-c\u00edl. Druh\u00fd skon\u010dil Fischbach, t\u0159et\u00ed Pivni\u010dka. V\u00a0z\u00e1vod\u011b \u017een slavila prvenstv\u00ed <strong>Nela Viktorov\u00e1<\/strong>.<\/p>\n\n\n\n<p><em>\u201eBylo to tot\u00e1ln\u011b nestandardn\u00ed fin\u00e1le. Fischiho z\u00a0minulosti dob\u0159e zn\u00e1m, ale s\u00a0dal\u0161\u00edma klukama jsem tolik nejezdil. Musel jsem si je tam tro\u0161ku porovnat na prvn\u00ed rovince a pak jsem upaloval pry\u010d,\u201c <\/em>popsal \u010desk\u00fd \u0161ampion JBC 4x Revelations. <em>\u201eAle smek\u00e1m p\u0159ed v\u0161emi z\u00e1vodn\u00edky. Pustili se do toho, jako kdyby d\u00e9\u0161\u0165 neexistoval a fanou\u0161ci zase kopec obsypali stejn\u011b, jako kdy\u017e je modr\u00e9 nebe,\u201c<\/em> dodal Slav\u00edk.<\/p>\n\n\n\n<p>Foto: JBC 4x Revelations<\/p>\n","protected":false},"excerpt":{"rendered":"<p>Tom\u00e1\u0161 Slav\u00edk potvrdil, \u017ee mu dom\u00e1c\u00ed tra\u0165 p\u0159i z\u00e1vod\u011b Sv\u011btov\u00e9 fourcrossov\u00e9 s\u00e9rie JBC 4x Revelations sv\u011bd\u010d\u00ed. V&nbsp;are\u00e1lu Dobr\u00e1 voda u Jablonce toti\u017e vyhr\u00e1l i podvan\u00e1ct\u00e9 v&nbsp;\u0159ad\u011b a z\u016fst\u00e1v\u00e1 nepora\u017een. Organiz\u00e1tor\u016fm letos p\u0159\u00edli\u0161 nep\u0159\u00e1lo po\u010das\u00ed a cel\u00e9 kl\u00e1n\u00ed se konalo za de\u0161t\u011b. \u201eV\u0161echno bylo za t\u011bchto podm\u00ednek hrozn\u011b t\u011b\u017ek\u00e9. Po\u010das\u00ed n\u00e1m prost\u011b trochu zatopilo, ale m\u00e1m [&hellip;]<\/p>\n","protected":false},"author":15,"featured_media":36483,"comment_status":"closed","ping_status":"open","sticky":false,"template":"","format":"standard","meta":{"footnotes":""},"categories":[6,2],"tags":[10],"class_list":["post-36482","post","type-post","status-publish","format-standard","has-post-thumbnail","hentry","category-mtb","category-novinky","tag-mtb"],"_links":{"self":[{"href":"https:\/\/www.czechcyclingfederation.com\/en\/wp-json\/wp\/v2\/posts\/36482","targetHints":{"allow":["GET"]}}],"collection":[{"href":"https:\/\/www.czechcyclingfederation.com\/en\/wp-json\/wp\/v2\/posts"}],"about":[{"href":"https:\/\/www.czechcyclingfederation.com\/en\/wp-json\/wp\/v2\/types\/post"}],"author":[{"embeddable":true,"href":"https:\/\/www.czechcyclingfederation.com\/en\/wp-json\/wp\/v2\/users\/15"}],"replies":[{"embeddable":true,"href":"https:\/\/www.czechcyclingfederation.com\/en\/wp-json\/wp\/v2\/comments?post=36482"}],"version-history":[{"count":1,"href":"https:\/\/www.czechcyclingfederation.com\/en\/wp-json\/wp\/v2\/posts\/36482\/revisions"}],"predecessor-version":[{"id":36485,"href":"https:\/\/www.czechcyclingfederation.com\/en\/wp-json\/wp\/v2\/posts\/36482\/revisions\/36485"}],"wp:featuredmedia":[{"embeddable":true,"href":"https:\/\/www.czechcyclingfederation.com\/en\/wp-json\/wp\/v2\/media\/36483"}],"wp:attachment":[{"href":"https:\/\/www.czechcyclingfederation.com\/en\/wp-json\/wp\/v2\/media?parent=36482"}],"wp:term":[{"taxonomy":"category","embeddable":true,"href":"https:\/\/www.czechcyclingfederation.com\/en\/wp-json\/wp\/v2\/categories?post=36482"},{"taxonomy":"post_tag","embeddable":true,"href":"https:\/\/www.czechcyclingfederation.com\/en\/wp-json\/wp\/v2\/tags?post=36482"}],"curies":[{"name":"wp","href":"https:\/\/api.w.org\/{rel}","templated":true}]}}