{"id":3647,"date":"2021-03-04T13:26:18","date_gmt":"2021-03-04T12:26:18","guid":{"rendered":"http:\/\/www.czechcyclingfederation.com\/?p=3647"},"modified":"2021-03-18T22:36:43","modified_gmt":"2021-03-18T21:36:43","slug":"prvni-kolo-sp-sjezdaru-v-mariboru-odlozeno","status":"publish","type":"post","link":"https:\/\/www.czechcyclingfederation.com\/en\/prvni-kolo-sp-sjezdaru-v-mariboru-odlozeno\/","title":{"rendered":"Prvn\u00ed kolo SP sjezda\u0159\u016f v Mariboru odlo\u017eeno"},"content":{"rendered":"\n<p>\u00davodn\u00ed podnik seri\u00e1lu Sv\u011btov\u00e9ho poh\u00e1ru ve sjezdu horsk\u00fdch kol, kter\u00fd se m\u011bl uskute\u010dnit 24. \u2013 25. dubna ve slovinsk\u00e9m Mariboru byl odlo\u017een. V komunik\u00e9 to sd\u011blila na sv\u00fdch str\u00e1nk\u00e1ch Mezin\u00e1rodn\u00ed cyklistick\u00e1 unie (UCI).<\/p>\n\n\n\n<p>&#8220;Kv\u016fli pandemii Covid-19 mus\u00ed b\u00fdt p\u0159elo\u017een prvn\u00ed z\u00e1vod SP na v\u00edkend 14.-15. srpna.. T\u00edmto rozhodnut\u00edm vyhovujeme \u017e\u00e1dosti slovinsk\u00fdch zdravotnick\u00fdch \u00fa\u0159ad\u016f. UCI d\u011bkuje organiz\u00e1tor\u016fm za spolupr\u00e1ci v t\u00e9to obt\u00ed\u017en\u00e9 situaci, stejn\u011b jako jezdc\u016fm, t\u00fdm\u016fm a v\u0161ichni znepokojeni jejich porozum\u011bn\u00edm,&#8221; stoj\u00ed v prohl\u00e1\u0161en\u00ed.<\/p>\n","protected":false},"excerpt":{"rendered":"<p>\u00davodn\u00ed podnik seri\u00e1lu Sv\u011btov\u00e9ho poh\u00e1ru ve sjezdu horsk\u00fdch kol, kter\u00fd se m\u011bl uskute\u010dnit 24. \u2013 25. dubna ve slovinsk\u00e9m Mariboru byl odlo\u017een. V komunik\u00e9 to sd\u011blila na sv\u00fdch str\u00e1nk\u00e1ch Mezin\u00e1rodn\u00ed cyklistick\u00e1 unie (UCI). &#8220;Kv\u016fli pandemii Covid-19 mus\u00ed b\u00fdt p\u0159elo\u017een prvn\u00ed z\u00e1vod SP na v\u00edkend 14.-15. srpna.. T\u00edmto rozhodnut\u00edm vyhovujeme \u017e\u00e1dosti slovinsk\u00fdch zdravotnick\u00fdch \u00fa\u0159ad\u016f. UCI d\u011bkuje [&hellip;]<\/p>\n","protected":false},"author":8,"featured_media":3648,"comment_status":"closed","ping_status":"open","sticky":false,"template":"","format":"standard","meta":{"footnotes":""},"categories":[6,2],"tags":[10],"class_list":["post-3647","post","type-post","status-publish","format-standard","has-post-thumbnail","hentry","category-mtb","category-novinky","tag-mtb"],"_links":{"self":[{"href":"https:\/\/www.czechcyclingfederation.com\/en\/wp-json\/wp\/v2\/posts\/3647","targetHints":{"allow":["GET"]}}],"collection":[{"href":"https:\/\/www.czechcyclingfederation.com\/en\/wp-json\/wp\/v2\/posts"}],"about":[{"href":"https:\/\/www.czechcyclingfederation.com\/en\/wp-json\/wp\/v2\/types\/post"}],"author":[{"embeddable":true,"href":"https:\/\/www.czechcyclingfederation.com\/en\/wp-json\/wp\/v2\/users\/8"}],"replies":[{"embeddable":true,"href":"https:\/\/www.czechcyclingfederation.com\/en\/wp-json\/wp\/v2\/comments?post=3647"}],"version-history":[{"count":2,"href":"https:\/\/www.czechcyclingfederation.com\/en\/wp-json\/wp\/v2\/posts\/3647\/revisions"}],"predecessor-version":[{"id":3675,"href":"https:\/\/www.czechcyclingfederation.com\/en\/wp-json\/wp\/v2\/posts\/3647\/revisions\/3675"}],"wp:featuredmedia":[{"embeddable":true,"href":"https:\/\/www.czechcyclingfederation.com\/en\/wp-json\/wp\/v2\/media\/3648"}],"wp:attachment":[{"href":"https:\/\/www.czechcyclingfederation.com\/en\/wp-json\/wp\/v2\/media?parent=3647"}],"wp:term":[{"taxonomy":"category","embeddable":true,"href":"https:\/\/www.czechcyclingfederation.com\/en\/wp-json\/wp\/v2\/categories?post=3647"},{"taxonomy":"post_tag","embeddable":true,"href":"https:\/\/www.czechcyclingfederation.com\/en\/wp-json\/wp\/v2\/tags?post=3647"}],"curies":[{"name":"wp","href":"https:\/\/api.w.org\/{rel}","templated":true}]}}