{"id":36465,"date":"2025-07-13T20:00:44","date_gmt":"2025-07-13T18:00:44","guid":{"rendered":"https:\/\/www.czechcyclingfederation.com\/?p=36465"},"modified":"2025-07-13T20:04:37","modified_gmt":"2025-07-13T18:04:37","slug":"cink-devaty-ve-svetovem-poharu-v-andore","status":"publish","type":"post","link":"https:\/\/www.czechcyclingfederation.com\/en\/cink-devaty-ve-svetovem-poharu-v-andore\/","title":{"rendered":"Cink dev\u00e1t\u00fd ve Sv\u011btov\u00e9m poh\u00e1ru v Ando\u0159e\u00a0"},"content":{"rendered":"\n<p><strong>Ve vysokohorsk\u00e9m st\u0159edisku Vallnord &#8211; Pal Arinsal v Ando\u0159e pokra\u010doval Sv\u011btov\u00fd poh\u00e1r horsk\u00fdch kol sv\u00fdm \u0161est\u00fdm z\u00e1vodem sez\u00f3ny.&nbsp;<\/strong><\/p>\n\n\n\n<p>V extr\u00e9mn\u00edch podm\u00ednk\u00e1ch &#8211; technick\u00e1 tra\u0165, nadmo\u0159sk\u00e1 v\u00fd\u0161ka p\u0159es 2000 m n. m. a teploty atakuj\u00edc\u00ed 35 \u00b0C &#8211; p\u0159edvedli \u010de\u0161t\u00ed reprezentanti velmi dobr\u00e9 v\u00fdkony.<\/p>\n\n\n\n<figure class=\"wp-block-image size-large\"><img loading=\"lazy\" decoding=\"async\" width=\"1024\" height=\"683\" src=\"https:\/\/www.czechcyclingfederation.com\/wp-content\/uploads\/2025\/07\/MC_Pal_Arinsal_XCO_009-1024x683.jpg\" alt=\"\" class=\"wp-image-36472\" srcset=\"https:\/\/www.czechcyclingfederation.com\/wp-content\/uploads\/2025\/07\/MC_Pal_Arinsal_XCO_009-1024x683.jpg 1024w, https:\/\/www.czechcyclingfederation.com\/wp-content\/uploads\/2025\/07\/MC_Pal_Arinsal_XCO_009-300x200.jpg 300w, https:\/\/www.czechcyclingfederation.com\/wp-content\/uploads\/2025\/07\/MC_Pal_Arinsal_XCO_009-768x512.jpg 768w, https:\/\/www.czechcyclingfederation.com\/wp-content\/uploads\/2025\/07\/MC_Pal_Arinsal_XCO_009-1536x1024.jpg 1536w, https:\/\/www.czechcyclingfederation.com\/wp-content\/uploads\/2025\/07\/MC_Pal_Arinsal_XCO_009-2048x1365.jpg 2048w, https:\/\/www.czechcyclingfederation.com\/wp-content\/uploads\/2025\/07\/MC_Pal_Arinsal_XCO_009-1320x880.jpg 1320w\" sizes=\"auto, (max-width: 1024px) 100vw, 1024px\" \/><\/figure>\n\n\n\n<p>V hlavn\u00ed kategorii mu\u017e\u016f Elite zajel v\u00fdborn\u00fd z\u00e1vod Ond\u0159ej Cink, kter\u00fd si d\u00edky zku\u0161enostem z vysokohorsk\u00e9ho prost\u0159ed\u00ed a vyrovnan\u00e9mu tempu dojel po p\u00e1t\u00e9m m\u00edstu v Short Tracku pro dev\u00e1t\u00e9 m\u00edsto v z\u00e1vod\u011b Cross country.<\/p>\n\n\n\n<p><em>\u201eV\u00fdkonnostn\u00ed stabilita Ond\u0159eje Cinka p\u0159ed bl\u00ed\u017e\u00edc\u00edm se mistrovstv\u00ed Evropy je z na\u0161eho pohledu velmi optimistick\u00e1,\u201c <\/em>zhodnotil v\u00fdkon v\u00fdsledek reprezenta\u010dn\u00ed tren\u00e9r Viktor Zapletal.<\/p>\n\n\n\n<p>V\u00edt\u011bzem z\u00e1vodu se stal britsk\u00fd olympijsk\u00fd \u0161ampion Tom Pidcock, kter\u00fd ovl\u00e1dl z\u00e1vod s \u010dasem 1:20:30 a potvrdil svou dominanci v technick\u00fdch trat\u00edch. Na druh\u00e9m m\u00edst\u011b dojel Luca Martin z Francie se ztr\u00e1tou 21 vte\u0159in. T\u0159et\u00ed m\u00edsto pat\u0159ilo dal\u0161\u00edmu Britovi, Charliemu Aldridgovi, kter\u00fd zaostal o 52 vte\u0159in. Druh\u00fd \u010desk\u00fd reprezentant &#8211; Jan S\u00e1ska dokon\u010dil z\u00e1vod se ztr\u00e1tou jednoho kola na 55. p\u0159\u00ed\u010dce.<\/p>\n\n\n\n<figure class=\"wp-block-image size-large\"><img loading=\"lazy\" decoding=\"async\" width=\"1024\" height=\"683\" src=\"https:\/\/www.czechcyclingfederation.com\/wp-content\/uploads\/2025\/07\/MC_Pal_Arinsal_XCO_006-1024x683.jpg\" alt=\"\" class=\"wp-image-36475\" srcset=\"https:\/\/www.czechcyclingfederation.com\/wp-content\/uploads\/2025\/07\/MC_Pal_Arinsal_XCO_006-1024x683.jpg 1024w, https:\/\/www.czechcyclingfederation.com\/wp-content\/uploads\/2025\/07\/MC_Pal_Arinsal_XCO_006-300x200.jpg 300w, https:\/\/www.czechcyclingfederation.com\/wp-content\/uploads\/2025\/07\/MC_Pal_Arinsal_XCO_006-768x512.jpg 768w, https:\/\/www.czechcyclingfederation.com\/wp-content\/uploads\/2025\/07\/MC_Pal_Arinsal_XCO_006-1536x1024.jpg 1536w, https:\/\/www.czechcyclingfederation.com\/wp-content\/uploads\/2025\/07\/MC_Pal_Arinsal_XCO_006-2048x1365.jpg 2048w, https:\/\/www.czechcyclingfederation.com\/wp-content\/uploads\/2025\/07\/MC_Pal_Arinsal_XCO_006-1320x880.jpg 1320w\" sizes=\"auto, (max-width: 1024px) 100vw, 1024px\" \/><\/figure>\n\n\n\n<p>Mezi \u017eenami si premi\u00e9rov\u00e9 v\u00edt\u011bzstv\u00ed ve Sv\u011btov\u00e9m poh\u00e1ru si p\u0159ipsala Samara Maxwell z Nov\u00e9ho Z\u00e9landu (Decathlon Ford), kter\u00e1 zvl\u00e1dla n\u00e1ro\u010dnou tra\u0165 za 1:25:31. Druh\u00e1 dojela Alessandra Keller ze \u0160v\u00fdcarska (Th\u00f6mus Maxon) se ztr\u00e1tou 9 vte\u0159in. Na t\u0159et\u00ed pozici skon\u010dila olympijsk\u00e1 v\u00edt\u011bzka z Ria Jenny Rissveds ze \u0160v\u00e9dska (Canyon CLLCTV) se ztr\u00e1tou 15 vte\u0159in.&nbsp; Z \u010desk\u00fdch reprezentantek dojela Jitka \u010c\u00e1belick\u00e1 (Czech MTB Team) na 35. m\u00edst\u011b se ztr\u00e1tou 11 minut a 44 vte\u0159in. Ad\u00e9la Holubov\u00e1 (Rouvy) z\u00e1vod dokon\u010dila na 40. m\u00edst\u011b se ztr\u00e1tou dvou kol.<\/p>\n\n\n\n<p><em>\u201e\u0160patn\u011b si v nevedli v Ando\u0159e ani na\u0161i mlad\u00ed reprezentanti, by\u0165 to v\u00fdsledkov\u011b nen\u00ed a\u017e tak patrn\u00e9. Eli\u0161ka Han\u00e1kov\u00e1 p\u0159i\u0161la o lep\u0161\u00ed v\u00fdsledek kv\u016fli kolizi v \u00favodu z\u00e1vodu \u017een do 23 let a dva defekty st\u00e1ly ve stejn\u00e9 kategorii mu\u017e\u016f Ond\u0159eje Novotn\u00e9ho dobr\u00e9 um\u00edst\u011bn\u00ed,<\/em>&#8221; okomentoval v\u00fdsledky mlad\u00fdch reprezentant\u016f Zapletal.<\/p>\n\n\n\n<figure class=\"wp-block-image size-large\"><img loading=\"lazy\" decoding=\"async\" width=\"1024\" height=\"683\" src=\"https:\/\/www.czechcyclingfederation.com\/wp-content\/uploads\/2025\/07\/MC_Pal_Arinsal_XCO_012-1024x683.jpg\" alt=\"\" class=\"wp-image-36477\" srcset=\"https:\/\/www.czechcyclingfederation.com\/wp-content\/uploads\/2025\/07\/MC_Pal_Arinsal_XCO_012-1024x683.jpg 1024w, https:\/\/www.czechcyclingfederation.com\/wp-content\/uploads\/2025\/07\/MC_Pal_Arinsal_XCO_012-300x200.jpg 300w, https:\/\/www.czechcyclingfederation.com\/wp-content\/uploads\/2025\/07\/MC_Pal_Arinsal_XCO_012-768x512.jpg 768w, https:\/\/www.czechcyclingfederation.com\/wp-content\/uploads\/2025\/07\/MC_Pal_Arinsal_XCO_012-1536x1024.jpg 1536w, https:\/\/www.czechcyclingfederation.com\/wp-content\/uploads\/2025\/07\/MC_Pal_Arinsal_XCO_012-2048x1366.jpg 2048w, https:\/\/www.czechcyclingfederation.com\/wp-content\/uploads\/2025\/07\/MC_Pal_Arinsal_XCO_012-1320x880.jpg 1320w\" sizes=\"auto, (max-width: 1024px) 100vw, 1024px\" \/><\/figure>\n\n\n\n<p>V z\u00e1vod\u011b mu\u017e\u016f do 23 let reprezentoval \u010desk\u00e9 barvy Ond\u0159ej Novotn\u00fd, kter\u00fd se um\u00edstil na 44. m\u00edst\u011b se ztr\u00e1tou 7 minut a 38 vte\u0159in na v\u00edt\u011bze. <\/p>\n\n\n\n<figure class=\"wp-block-image size-large\"><img loading=\"lazy\" decoding=\"async\" width=\"1024\" height=\"683\" src=\"https:\/\/www.czechcyclingfederation.com\/wp-content\/uploads\/2025\/07\/MC_Pal_Arinsal_XCO_004-1024x683.jpg\" alt=\"\" class=\"wp-image-36479\" srcset=\"https:\/\/www.czechcyclingfederation.com\/wp-content\/uploads\/2025\/07\/MC_Pal_Arinsal_XCO_004-1024x683.jpg 1024w, https:\/\/www.czechcyclingfederation.com\/wp-content\/uploads\/2025\/07\/MC_Pal_Arinsal_XCO_004-300x200.jpg 300w, https:\/\/www.czechcyclingfederation.com\/wp-content\/uploads\/2025\/07\/MC_Pal_Arinsal_XCO_004-768x512.jpg 768w, https:\/\/www.czechcyclingfederation.com\/wp-content\/uploads\/2025\/07\/MC_Pal_Arinsal_XCO_004-1536x1024.jpg 1536w, https:\/\/www.czechcyclingfederation.com\/wp-content\/uploads\/2025\/07\/MC_Pal_Arinsal_XCO_004-2048x1365.jpg 2048w, https:\/\/www.czechcyclingfederation.com\/wp-content\/uploads\/2025\/07\/MC_Pal_Arinsal_XCO_004-1320x880.jpg 1320w\" sizes=\"auto, (max-width: 1024px) 100vw, 1024px\" \/><\/figure>\n\n\n\n<p>Z \u010desk\u00fdch z\u00e1vodnic do t\u0159iadvaceti let dojela Eli\u0161ka Han\u00e1kov\u00e1 (Han\u00e1k Sisters) na 22. m\u00edst\u011b se ztr\u00e1tou 9 minut a 31 vte\u0159in. Simona Sp\u011b\u0161n\u00e1 (Massi) obsadila 30. m\u00edsto, ale kv\u016fli ztr\u00e1t\u011b dvou kol byla klasifikov\u00e1na s odstupem.<\/p>\n\n\n\n<p>Z\u00e1vod v Ando\u0159e byl z\u00e1rove\u0148 posledn\u00ed gener\u00e1lkou p\u0159ed bl\u00ed\u017e\u00edc\u00edm se dom\u00e1c\u00edm \u0161ampion\u00e1tem v Bed\u0159ichov\u011b a evropsk\u00fdm \u0161ampion\u00e1tem v Portugalsku.<\/p>\n\n\n\n<p>\u201e<em>Cel\u00fd t\u00fdm nyn\u00ed absolvuje M\u010cR v Bed\u0159ichov\u011b, kam v\u0161echny srde\u010dn\u011b zveme, a p\u0159\u00edmo z Bed\u0159ichova bude \u010desk\u00fd n\u00e1rodn\u00ed t\u00fdm odj\u00ed\u017ed\u011bt na ME do portugalsk\u00e9ho Melga\u00e7a,\u201c<\/em> dopl\u0148uje reprezenta\u010dn\u00ed tren\u00e9r.&nbsp;<\/p>\n\n\n\n<p>Foto: Michal \u010cerven\u00fd <\/p>\n\n\n\n<p><\/p>\n","protected":false},"excerpt":{"rendered":"<p>Ve vysokohorsk\u00e9m st\u0159edisku Vallnord &#8211; Pal Arinsal v Ando\u0159e pokra\u010doval Sv\u011btov\u00fd poh\u00e1r horsk\u00fdch kol sv\u00fdm \u0161est\u00fdm z\u00e1vodem sez\u00f3ny.&nbsp; V extr\u00e9mn\u00edch podm\u00ednk\u00e1ch &#8211; technick\u00e1 tra\u0165, nadmo\u0159sk\u00e1 v\u00fd\u0161ka p\u0159es 2000 m n. m. a teploty atakuj\u00edc\u00ed 35 \u00b0C &#8211; p\u0159edvedli \u010de\u0161t\u00ed reprezentanti velmi dobr\u00e9 v\u00fdkony. V hlavn\u00ed kategorii mu\u017e\u016f Elite zajel v\u00fdborn\u00fd z\u00e1vod Ond\u0159ej Cink, kter\u00fd si [&hellip;]<\/p>\n","protected":false},"author":9,"featured_media":36466,"comment_status":"closed","ping_status":"open","sticky":false,"template":"","format":"standard","meta":{"footnotes":""},"categories":[6,2],"tags":[10],"class_list":["post-36465","post","type-post","status-publish","format-standard","has-post-thumbnail","hentry","category-mtb","category-novinky","tag-mtb"],"_links":{"self":[{"href":"https:\/\/www.czechcyclingfederation.com\/en\/wp-json\/wp\/v2\/posts\/36465","targetHints":{"allow":["GET"]}}],"collection":[{"href":"https:\/\/www.czechcyclingfederation.com\/en\/wp-json\/wp\/v2\/posts"}],"about":[{"href":"https:\/\/www.czechcyclingfederation.com\/en\/wp-json\/wp\/v2\/types\/post"}],"author":[{"embeddable":true,"href":"https:\/\/www.czechcyclingfederation.com\/en\/wp-json\/wp\/v2\/users\/9"}],"replies":[{"embeddable":true,"href":"https:\/\/www.czechcyclingfederation.com\/en\/wp-json\/wp\/v2\/comments?post=36465"}],"version-history":[{"count":2,"href":"https:\/\/www.czechcyclingfederation.com\/en\/wp-json\/wp\/v2\/posts\/36465\/revisions"}],"predecessor-version":[{"id":36481,"href":"https:\/\/www.czechcyclingfederation.com\/en\/wp-json\/wp\/v2\/posts\/36465\/revisions\/36481"}],"wp:featuredmedia":[{"embeddable":true,"href":"https:\/\/www.czechcyclingfederation.com\/en\/wp-json\/wp\/v2\/media\/36466"}],"wp:attachment":[{"href":"https:\/\/www.czechcyclingfederation.com\/en\/wp-json\/wp\/v2\/media?parent=36465"}],"wp:term":[{"taxonomy":"category","embeddable":true,"href":"https:\/\/www.czechcyclingfederation.com\/en\/wp-json\/wp\/v2\/categories?post=36465"},{"taxonomy":"post_tag","embeddable":true,"href":"https:\/\/www.czechcyclingfederation.com\/en\/wp-json\/wp\/v2\/tags?post=36465"}],"curies":[{"name":"wp","href":"https:\/\/api.w.org\/{rel}","templated":true}]}}