{"id":3644,"date":"2021-03-04T13:07:07","date_gmt":"2021-03-04T12:07:07","guid":{"rendered":"http:\/\/www.czechcyclingfederation.com\/?p=3644"},"modified":"2021-03-04T13:07:07","modified_gmt":"2021-03-04T12:07:07","slug":"v-umag-trophy-si-dojel-pro-bronz-tomas-barta","status":"publish","type":"post","link":"https:\/\/www.czechcyclingfederation.com\/en\/v-umag-trophy-si-dojel-pro-bronz-tomas-barta\/","title":{"rendered":"V Umag Trophy si dojel pro bronz Tom\u00e1\u0161 B\u00e1rta"},"content":{"rendered":"\n<p>V prvn\u00edm z\u00e1vod\u011b sez\u00f3ny 2021 si t\u00fdm Topforex ATT Investments p\u0159ipsal skv\u011bl\u00fd \u00fasp\u011bch, kdy\u017e Tom\u00e1\u0161 B\u00e1rta dojel v\u00a0z\u00e1v\u011bre\u010dn\u00e9m hromadn\u00e9m spurtu v presti\u017en\u00ed Umag Trophy pro t\u0159et\u00ed m\u00edsto.<\/p>\n\n\n\n<p>\u201eZa dne\u0161n\u00ed v\u00fdkon chv\u00e1l\u00edm v\u0161echny kluky. V\u0161ichni odvedli velmi dobrou pr\u00e1ci. V sam\u00e9m z\u00e1v\u011bru provezl m\u011bstem B\u00e1rtu na sv\u00e9m zadn\u00edm kole Mat\u00fa\u0161 \u0160to\u010dek a p\u0159ipravil mu tak v\u00fdbornou pozici do z\u00e1v\u011bre\u010dn\u00e9ho spurtu,\u201c komentuje prvn\u00ed leto\u0161n\u00ed start sv\u00fdch sv\u011b\u0159enc\u016f sportovn\u00ed \u0159editel Petr Kaltofen.<\/p>\n\n\n\n<p>V z\u00e1vodu dlouh\u00e9m 154 km se na \u010dele pelotonu dr\u017eeli po cel\u00fd z\u00e1vod cyklist\u00e9 Vini Zab\u00fa, kte\u0159\u00ed cht\u011bli dov\u00e9st sv\u00e9ho l\u00eddra Jakuba Mareczka do hromadn\u00e9ho spurtu. Hned za nimi se dr\u017eeli z\u00e1vodn\u00edci Topforex ATT Investments. \u00dakolem bylo maxim\u00e1ln\u011b chr\u00e1nit B\u00e1rtu a Ji\u0159\u00ed Petru\u0161 v pozici kapit\u00e1na dost\u00e1l sv\u00e9 roli a t\u00fdm perfektn\u011b kou\u010doval. &nbsp;B\u00e1rta dojel za v\u00edt\u011bzem Jakubem Mareczkem a druh\u00fdm Italem Filippem Fortinem. Dal\u0161\u00ed \u010cech v po\u0159ad\u00ed byl Alois Ka\u0148kovsk\u00fd z hradeck\u00e9ho Elkov Kasper, kter\u00fd dojel na 26. m\u00edst\u011b.<\/p>\n\n\n\n<p>V\u00fdsledky:<\/p>\n\n\n\n<p>1. Mareczko 3:33:17, 2. Fortin (oba It.), 3. T. B\u00e1rta (\u010cR), 4. A. Banaszek (Pol.), 5. Jaramillo (Kol.), 6. Burchio (It.), &#8230;26. Ka\u0148kovsk\u00fd, 61. Otruba, 83. Turek, 87. Zah\u00e1lka, 89. Kukrle (v\u0161ichni \u010cR) v\u0161ichni stejn\u00fd \u010das.<\/p>\n\n\n\n<p>FOTO Topforex<\/p>\n","protected":false},"excerpt":{"rendered":"<p>V prvn\u00edm z\u00e1vod\u011b sez\u00f3ny 2021 si t\u00fdm Topforex ATT Investments p\u0159ipsal skv\u011bl\u00fd \u00fasp\u011bch, kdy\u017e Tom\u00e1\u0161 B\u00e1rta dojel v\u00a0z\u00e1v\u011bre\u010dn\u00e9m hromadn\u00e9m spurtu v presti\u017en\u00ed Umag Trophy pro t\u0159et\u00ed m\u00edsto. \u201eZa dne\u0161n\u00ed v\u00fdkon chv\u00e1l\u00edm v\u0161echny kluky. V\u0161ichni odvedli velmi dobrou pr\u00e1ci. V sam\u00e9m z\u00e1v\u011bru provezl m\u011bstem B\u00e1rtu na sv\u00e9m zadn\u00edm kole Mat\u00fa\u0161 \u0160to\u010dek a p\u0159ipravil mu tak v\u00fdbornou [&hellip;]<\/p>\n","protected":false},"author":8,"featured_media":3645,"comment_status":"closed","ping_status":"open","sticky":false,"template":"","format":"standard","meta":{"footnotes":""},"categories":[2,18],"tags":[11],"class_list":["post-3644","post","type-post","status-publish","format-standard","has-post-thumbnail","hentry","category-novinky","category-silnice","tag-silnice"],"_links":{"self":[{"href":"https:\/\/www.czechcyclingfederation.com\/en\/wp-json\/wp\/v2\/posts\/3644","targetHints":{"allow":["GET"]}}],"collection":[{"href":"https:\/\/www.czechcyclingfederation.com\/en\/wp-json\/wp\/v2\/posts"}],"about":[{"href":"https:\/\/www.czechcyclingfederation.com\/en\/wp-json\/wp\/v2\/types\/post"}],"author":[{"embeddable":true,"href":"https:\/\/www.czechcyclingfederation.com\/en\/wp-json\/wp\/v2\/users\/8"}],"replies":[{"embeddable":true,"href":"https:\/\/www.czechcyclingfederation.com\/en\/wp-json\/wp\/v2\/comments?post=3644"}],"version-history":[{"count":1,"href":"https:\/\/www.czechcyclingfederation.com\/en\/wp-json\/wp\/v2\/posts\/3644\/revisions"}],"predecessor-version":[{"id":3646,"href":"https:\/\/www.czechcyclingfederation.com\/en\/wp-json\/wp\/v2\/posts\/3644\/revisions\/3646"}],"wp:featuredmedia":[{"embeddable":true,"href":"https:\/\/www.czechcyclingfederation.com\/en\/wp-json\/wp\/v2\/media\/3645"}],"wp:attachment":[{"href":"https:\/\/www.czechcyclingfederation.com\/en\/wp-json\/wp\/v2\/media?parent=3644"}],"wp:term":[{"taxonomy":"category","embeddable":true,"href":"https:\/\/www.czechcyclingfederation.com\/en\/wp-json\/wp\/v2\/categories?post=3644"},{"taxonomy":"post_tag","embeddable":true,"href":"https:\/\/www.czechcyclingfederation.com\/en\/wp-json\/wp\/v2\/tags?post=3644"}],"curies":[{"name":"wp","href":"https:\/\/api.w.org\/{rel}","templated":true}]}}