{"id":36438,"date":"2025-07-11T15:27:39","date_gmt":"2025-07-11T13:27:39","guid":{"rendered":"https:\/\/www.czechcyclingfederation.com\/?p=36438"},"modified":"2025-07-11T16:03:56","modified_gmt":"2025-07-11T14:03:56","slug":"ondrej-cink-v-andore-paty-v-short-tracku","status":"publish","type":"post","link":"https:\/\/www.czechcyclingfederation.com\/en\/ondrej-cink-v-andore-paty-v-short-tracku\/","title":{"rendered":"Ond\u0159ej Cink v Ando\u0159e p\u00e1t\u00fd v Short tracku"},"content":{"rendered":"\n<p><strong>\u010cesk\u00fd reprezentant Ond\u0159ej Cink (CUBE Factory Racing) obsadil vynikaj\u00edc\u00ed 5. m\u00edsto v z\u00e1vod\u011b UCI Short Track World Cup v Ando\u0159e a potvrdil svoj\u00ed skv\u011blou formu p\u0159ed ned\u011bln\u00edm olympijsk\u00fdm z\u00e1vodem cross country (XCO), do kter\u00e9ho odstartuje z prvn\u00ed \u0159ady.<\/strong><\/p>\n\n\n\n<p>Na technicky i fyzicky extr\u00e9mn\u011b n\u00e1ro\u010dn\u00e9m okruhu v nadmo\u0159sk\u00e9 v\u00fd\u0161ce p\u0159es 2000 metr\u016f p\u0159edvedl Cink perfektn\u00ed v\u00fdkon a v siln\u00e9 mezin\u00e1rodn\u00ed konkurenci nesta\u010dil pouze na \u010dtve\u0159ici jezdc\u016f v \u010dele \u2013 v\u00edt\u011bzn\u00e9ho Luku Martina (FRA), Christophera Blevinse (USA), Mathise Azzara (FRA) a Filippa Colomba (SUI).<\/p>\n\n\n\n<figure class=\"wp-block-image size-large\"><img loading=\"lazy\" decoding=\"async\" width=\"1024\" height=\"683\" src=\"https:\/\/www.czechcyclingfederation.com\/wp-content\/uploads\/2025\/07\/516599475_1346110230369846_4538162642342322081_n-1024x683.jpg\" alt=\"\" class=\"wp-image-36441\" srcset=\"https:\/\/www.czechcyclingfederation.com\/wp-content\/uploads\/2025\/07\/516599475_1346110230369846_4538162642342322081_n-1024x683.jpg 1024w, https:\/\/www.czechcyclingfederation.com\/wp-content\/uploads\/2025\/07\/516599475_1346110230369846_4538162642342322081_n-300x200.jpg 300w, https:\/\/www.czechcyclingfederation.com\/wp-content\/uploads\/2025\/07\/516599475_1346110230369846_4538162642342322081_n-768x512.jpg 768w, https:\/\/www.czechcyclingfederation.com\/wp-content\/uploads\/2025\/07\/516599475_1346110230369846_4538162642342322081_n-1536x1025.jpg 1536w, https:\/\/www.czechcyclingfederation.com\/wp-content\/uploads\/2025\/07\/516599475_1346110230369846_4538162642342322081_n-1320x880.jpg 1320w, https:\/\/www.czechcyclingfederation.com\/wp-content\/uploads\/2025\/07\/516599475_1346110230369846_4538162642342322081_n.jpg 2048w\" sizes=\"auto, (max-width: 1024px) 100vw, 1024px\" \/><\/figure>\n\n\n\n<p>Reprezenta\u010dn\u00ed tren\u00e9r Viktor Zapletal k v\u00fdkonu Ond\u0159eje uvedl:<\/p>\n\n\n\n<p><em>\u201eOnd\u0159ej m\u00e1 za sebou vysokohorsk\u00e9 soust\u0159ed\u011bn\u00ed v Livignu, na kter\u00e9 odj\u00ed\u017ed\u011bl p\u0159\u00edmo z Val di Sole a pot\u00e9 p\u0159ej\u00ed\u017ed\u011bl rovnou do Andorry. Um\u00ed s v\u00fd\u0161kou pracovat, n\u00e1ro\u010dn\u00fd okruh v Ando\u0159e se startem ve v\u00fd\u0161ce 2.000 metr\u016f nad mo\u0159em mu vyhovuje a tak\u00e9 nem\u00e1 probl\u00e9m s horkem, kter\u00e9 se zde pohybuje kolem 35 stup\u0148\u016f. Ond\u0159ej je v pohod\u011b, je zdrav\u00fd a vyhovuje mu prost\u0159ed\u00ed t\u00fdmu CUBE i st\u00e1l\u00e1 p\u0159\u00edtomnost jednoho z na\u0161ich reprezenta\u010dn\u00edch mechanik\u016f, Kuby \u0160ulce. V\u0161ichni m\u00e1me z jeho sou\u010dasn\u00e9 formy a v\u00fdkonnosti velkou radost.\u201c<\/em><\/p>\n\n\n\n<figure class=\"wp-block-image size-large\"><img loading=\"lazy\" decoding=\"async\" width=\"1024\" height=\"683\" src=\"http:\/\/www.czechcyclingfederation.com\/wp-content\/uploads\/2025\/07\/516765312_1346110257036510_3352744416882468151_n-1024x683.jpg\" alt=\"\" class=\"wp-image-36446\" srcset=\"https:\/\/www.czechcyclingfederation.com\/wp-content\/uploads\/2025\/07\/516765312_1346110257036510_3352744416882468151_n-1024x683.jpg 1024w, https:\/\/www.czechcyclingfederation.com\/wp-content\/uploads\/2025\/07\/516765312_1346110257036510_3352744416882468151_n-300x200.jpg 300w, https:\/\/www.czechcyclingfederation.com\/wp-content\/uploads\/2025\/07\/516765312_1346110257036510_3352744416882468151_n-768x512.jpg 768w, https:\/\/www.czechcyclingfederation.com\/wp-content\/uploads\/2025\/07\/516765312_1346110257036510_3352744416882468151_n-1536x1025.jpg 1536w, https:\/\/www.czechcyclingfederation.com\/wp-content\/uploads\/2025\/07\/516765312_1346110257036510_3352744416882468151_n-1320x880.jpg 1320w, https:\/\/www.czechcyclingfederation.com\/wp-content\/uploads\/2025\/07\/516765312_1346110257036510_3352744416882468151_n.jpg 2048w\" sizes=\"auto, (max-width: 1024px) 100vw, 1024px\" \/><\/figure>\n\n\n\n<p>Ond\u0159ej Cink z\u00edskal za p\u00e1t\u00e9 m\u00edsto 140 bod\u016f do sv\u011btov\u00e9ho \u017eeb\u0159\u00ed\u010dku XCC a v ned\u011bli bude bojovat v hlavn\u00edm olympijsk\u00e9m z\u00e1vod\u011b, kde op\u011bt m\u00ed\u0159\u00ed vysoko.<\/p>\n\n\n\n<p>V z\u00e1vod\u011b \u017een do 23 let zv\u00edt\u011bzila Katharina Sadnik (AUT), kter\u00e1 projela c\u00edlem v \u010dase 20:59. Za n\u00ed se na stupn\u00edch v\u00edt\u011bz\u016f um\u00edstily Valentina Corvi (ITA, +0:01) a Sina Van Thiel (GER, +0:29). Z \u010desk\u00fdch z\u00e1vodnic se p\u0159edstavily dv\u011b reprezentantky &#8211; Simona Sp\u011b\u0161n\u00e1 (MASSI), kter\u00e1 fini\u0161ovala na 21. m\u00edst\u011b&nbsp; a Eli\u0161ka Han\u00e1kov\u00e1 na 29. m\u00edst\u011b.<\/p>\n\n\n\n<p><strong>V\u00fdsledky:<\/strong><\/p>\n\n\n\n<p>Mu\u017ei Elite:&nbsp;<\/p>\n\n\n\n<p>1. Luca Martin (FRA) \u2013 Cannondale Factory Racing \u2013 22:00<\/p>\n\n\n\n<p>2. Christopher Blevins (USA) \u2013 Specialized Factory Racing \u2013 22:00<\/p>\n\n\n\n<p>3. Mathis Azzaro (FRA) \u2013 Origine Racing Division \u2013 22:02<\/p>\n\n\n\n<p>4. Filippo Colombo (SUI) \u2013 Scott-SRAM MTB Racing Team \u2013 22:02<\/p>\n\n\n\n<p><strong>5. Ond\u0159ej Cink (CZE) \u2013 Cube Factory Racing \u2013 22:13<\/strong><\/p>\n\n\n\n<p>\u017deny U23:<\/p>\n\n\n\n<p>1. Katharina Sadnik (AUT) \u2013 20:59<\/p>\n\n\n\n<p>2. Valentina Corvi (ITA) \u2013 +0:01<\/p>\n\n\n\n<p>3. Sina Van Thiel (GER) \u2013 +0:29<\/p>\n\n\n\n<p>4. Ella MacPhee (CAN) \u2013 +0:33<\/p>\n\n\n\n<p>5. Ella MacLean-Howell (GBR) \u2013 +0:46<\/p>\n\n\n\n<p>..<\/p>\n\n\n\n<p><strong>21. Simona Sp\u011b\u0161n\u00e1 \u2013 ztr\u00e1ta -2 kola<\/strong><\/p>\n\n\n\n<p><strong>29. Eli\u0161ka Han\u00e1kov\u00e1 \u2013&nbsp; ztr\u00e1ta -3 kola<\/strong><\/p>\n","protected":false},"excerpt":{"rendered":"<p>\u010cesk\u00fd reprezentant Ond\u0159ej Cink (CUBE Factory Racing) obsadil vynikaj\u00edc\u00ed 5. m\u00edsto v z\u00e1vod\u011b UCI Short Track World Cup v Ando\u0159e a potvrdil svoj\u00ed skv\u011blou formu p\u0159ed ned\u011bln\u00edm olympijsk\u00fdm z\u00e1vodem cross country (XCO), do kter\u00e9ho odstartuje z prvn\u00ed \u0159ady. Na technicky i fyzicky extr\u00e9mn\u011b n\u00e1ro\u010dn\u00e9m okruhu v nadmo\u0159sk\u00e9 v\u00fd\u0161ce p\u0159es 2000 metr\u016f p\u0159edvedl Cink perfektn\u00ed v\u00fdkon [&hellip;]<\/p>\n","protected":false},"author":9,"featured_media":36444,"comment_status":"closed","ping_status":"open","sticky":false,"template":"","format":"standard","meta":{"footnotes":""},"categories":[2,1],"tags":[10],"class_list":["post-36438","post","type-post","status-publish","format-standard","has-post-thumbnail","hentry","category-novinky","category-uncategorized-cs","tag-mtb"],"_links":{"self":[{"href":"https:\/\/www.czechcyclingfederation.com\/en\/wp-json\/wp\/v2\/posts\/36438","targetHints":{"allow":["GET"]}}],"collection":[{"href":"https:\/\/www.czechcyclingfederation.com\/en\/wp-json\/wp\/v2\/posts"}],"about":[{"href":"https:\/\/www.czechcyclingfederation.com\/en\/wp-json\/wp\/v2\/types\/post"}],"author":[{"embeddable":true,"href":"https:\/\/www.czechcyclingfederation.com\/en\/wp-json\/wp\/v2\/users\/9"}],"replies":[{"embeddable":true,"href":"https:\/\/www.czechcyclingfederation.com\/en\/wp-json\/wp\/v2\/comments?post=36438"}],"version-history":[{"count":3,"href":"https:\/\/www.czechcyclingfederation.com\/en\/wp-json\/wp\/v2\/posts\/36438\/revisions"}],"predecessor-version":[{"id":36448,"href":"https:\/\/www.czechcyclingfederation.com\/en\/wp-json\/wp\/v2\/posts\/36438\/revisions\/36448"}],"wp:featuredmedia":[{"embeddable":true,"href":"https:\/\/www.czechcyclingfederation.com\/en\/wp-json\/wp\/v2\/media\/36444"}],"wp:attachment":[{"href":"https:\/\/www.czechcyclingfederation.com\/en\/wp-json\/wp\/v2\/media?parent=36438"}],"wp:term":[{"taxonomy":"category","embeddable":true,"href":"https:\/\/www.czechcyclingfederation.com\/en\/wp-json\/wp\/v2\/categories?post=36438"},{"taxonomy":"post_tag","embeddable":true,"href":"https:\/\/www.czechcyclingfederation.com\/en\/wp-json\/wp\/v2\/tags?post=36438"}],"curies":[{"name":"wp","href":"https:\/\/api.w.org\/{rel}","templated":true}]}}