{"id":36395,"date":"2025-07-08T09:40:39","date_gmt":"2025-07-08T07:40:39","guid":{"rendered":"https:\/\/www.czechcyclingfederation.com\/?p=36395"},"modified":"2025-07-08T09:41:45","modified_gmt":"2025-07-08T07:41:45","slug":"silnicni-mcr-masters-na-slovensku-pro-vsechny-kategorie","status":"publish","type":"post","link":"https:\/\/www.czechcyclingfederation.com\/en\/silnicni-mcr-masters-na-slovensku-pro-vsechny-kategorie\/","title":{"rendered":"SILNI\u010cN\u00cd M\u010cR MASTERS NA SLOVENSKU PRO V\u0160ECHNY KATEGORIE"},"content":{"rendered":"\n<p>P\u0159edposledn\u00ed srpnov\u00fd v\u00edkend bude na Slovensku pat\u0159it silni\u010dn\u00edm z\u00e1vod\u016fm nejen kategorie Masters. Na z\u00e1vody s m\u00edstem startu a c\u00edle v obci\u00a0Kl\u00e1\u0161tor pod Znievom se postav\u00ed v\u0161echny v\u011bkov\u00e9 kategorie.\u00a0<\/p>\n\n\n\n<p>V\u00a0sobotu 23. 8. 2025 se uskute\u010dn\u00ed historicky druh\u00e9 spole\u010dn\u00e9 Mistrovstv\u00ed \u010cesk\u00e9 a Slovensk\u00e9 republiky pro jezdce kategorie Masters. Letos se tento typ z\u00e1vodu uskute\u010dn\u00ed na 50 kilometrov\u00e9m okruhu, v\u00a0r\u00e1mci kter\u00e9ho jezdci p\u0159ekonaj\u00ed 571 v\u00fd\u0161kov\u00fdch metr\u016f. Jezdci do 69 let tento okruh absolvuj\u00ed celkem dvakr\u00e1t, a jezdci ve v\u011bku 70 let a v\u00edce pouze jednou. V p\u0159\u00edpad\u011b \u017een spadaj\u00edc\u00edch do kategorie Masters pojedou jezdkyn\u011b do 49 let okruhy dva a op\u011bt jezdkyn\u011b star\u0161\u00ed pouze jeden okruh. V\u00edt\u011bz ka\u017ed\u00e9 v\u011bkov\u00e9 kategorie zde obdr\u017e\u00ed krom\u011b titulu mistra dan\u00e9ho n\u00e1rodu nav\u00edc p\u0159\u00edmou nominaci na Mistrovstv\u00ed sv\u011bta Masters, kter\u00e9 se v\u00a0leto\u0161n\u00edm roce kon\u00e1 ve dnech 16. \u2013 19. 10. v\u00a0Austr\u00e1lii.\u00a0<\/p>\n\n\n\n<p>Odpoledne stejn\u00e9ho dne se ve stejn\u00e9 obci uskute\u010dn\u00ed \u010dasovka jednotlivc\u016f pro ml\u00e1de\u017enick\u00e9 kategorie, p\u0159i\u010dem\u017e mlad\u0161\u00ed \u017e\u00e1ci a \u017e\u00e1kyn\u011b pojedou sv\u016fj z\u00e1vod na 7,5km a ostatn\u00ed ml\u00e1de\u017enick\u00e9 kategorie celkem na 11,5 km. Tento z\u00e1vod se jede jako memori\u00e1l Karola Hercega, kter\u00fd z\u00e1vodil jak na kole, tak jako b\u011b\u017eec na dlouh\u00e9 vzd\u00e1lenosti a po ukon\u010den\u00ed aktivn\u00ed kari\u00e9ry byl krom\u011b cyklistick\u00e9ho tren\u00e9ra, tak\u00e9 sportovn\u00ed funkcion\u00e1\u0159 a metodik.\u00a0<\/p>\n\n\n\n<p>Dne n\u00e1sleduj\u00edc\u00edho, tedy v\u00a0ned\u011bli 24. 8., se bude konat\u00a0na stejn\u00e9m 50 kilometrov\u00e9m okruhu z\u00e1vod SLOVENSK\u00c9 PYRENEJE, jako memori\u00e1l Juraje Farbiaka, zakladatele a dlouholet\u00e9ho \u0159editele tohoto z\u00e1vodu s nejdel\u0161\u00ed histori\u00ed na Slovensku. Po des\u00e1t\u00e9 hodin\u011b odstartuj\u00ed postupn\u011b v\u0161echny kategorie od nejstar\u0161\u00edch mu\u017e\u016f ELITE, kte\u0159\u00ed pojedou z\u00e1vod na 3 okruhy o celkov\u00e9 vzd\u00e1lenosti 150 km a s celkov\u00fdm p\u0159ev\u00fd\u0161en\u00edm 2 871 m, a\u017e po nejmlad\u0161\u00ed \u017e\u00e1\u010dky a kadetky kte\u0159\u00ed pojedou jeden okruh.<\/p>\n\n\n\n<figure class=\"wp-block-image size-large\"><img loading=\"lazy\" decoding=\"async\" width=\"1024\" height=\"682\" src=\"https:\/\/www.czechcyclingfederation.com\/wp-content\/uploads\/2025\/07\/BrychtaJan_MRSAC_AMR_20240714_091106_D4C_0738-1-1024x682.jpg\" alt=\"\" class=\"wp-image-36398\" srcset=\"https:\/\/www.czechcyclingfederation.com\/wp-content\/uploads\/2025\/07\/BrychtaJan_MRSAC_AMR_20240714_091106_D4C_0738-1-1024x682.jpg 1024w, https:\/\/www.czechcyclingfederation.com\/wp-content\/uploads\/2025\/07\/BrychtaJan_MRSAC_AMR_20240714_091106_D4C_0738-1-300x200.jpg 300w, https:\/\/www.czechcyclingfederation.com\/wp-content\/uploads\/2025\/07\/BrychtaJan_MRSAC_AMR_20240714_091106_D4C_0738-1-768x511.jpg 768w, https:\/\/www.czechcyclingfederation.com\/wp-content\/uploads\/2025\/07\/BrychtaJan_MRSAC_AMR_20240714_091106_D4C_0738-1-1536x1022.jpg 1536w, https:\/\/www.czechcyclingfederation.com\/wp-content\/uploads\/2025\/07\/BrychtaJan_MRSAC_AMR_20240714_091106_D4C_0738-1-2048x1363.jpg 2048w, https:\/\/www.czechcyclingfederation.com\/wp-content\/uploads\/2025\/07\/BrychtaJan_MRSAC_AMR_20240714_091106_D4C_0738-1-1320x879.jpg 1320w\" sizes=\"auto, (max-width: 1024px) 100vw, 1024px\" \/><\/figure>\n\n\n\n<p><em><strong>Program sobota (23. 8. 2025):&nbsp;<\/strong><\/em><\/p>\n\n\n\n<p><em>A) Dopoledne* (M\u010cR a MSR Masters &#8211; silni\u010dn\u00ed z\u00e1vod)<\/em><\/p>\n\n\n\n<p><em>9:00 &#8211; mu\u017ei Masters 30 &#8211; 39 let -&gt; 2 okruhy; 100 km&nbsp;<\/em><\/p>\n\n\n\n<p><em>9:03 &#8211; mu\u017ei Masters 40 &#8211; 49 let -&gt; 2 okruhy; 100 km&nbsp;<\/em><\/p>\n\n\n\n<p><em>9:06 &#8211; mu\u017ei Masters 50 &#8211; 59 let -&gt; 2 okruhy; 100 km&nbsp;<\/em><\/p>\n\n\n\n<p><em>9:09 &#8211; mu\u017ei Masters 60 &#8211; 69 let + \u017eeny Masters 30 &#8211; 39, 40 &#8211; 49 let -&gt; 2 okruhy; 91 km (+ 9 km slavnostn\u00ed start)<\/em><\/p>\n\n\n\n<p><em>9:25 &#8211; mu\u017ei Masters 70 &#8211; 79 let, 80+ let + \u017eeny 50 &#8211; 59 let, \u017eeny 60+ let -&gt; 1 okruh; 50 km&nbsp;<\/em><\/p>\n\n\n\n<p><em>B) Odpoledne (\u010dasovka jednotlivc\u016f &#8211; ml\u00e1de\u017e)<\/em><\/p>\n\n\n\n<p><em>14:30 &#8211; mlad\u0161\u00ed \u017e\u00e1ci + \u017e\u00e1kyn\u011b -&gt; 7,5 km&nbsp;<\/em><\/p>\n\n\n\n<p><em>15:30 &#8211; star\u0161\u00ed \u017e\u00e1ci, kadetky, kadeti, juniorky, \u017eeny -&gt; 11,5 km&nbsp;<\/em><\/p>\n\n\n\n<p><em>Pozn: uveden\u00e9 kategorie Masters odpov\u00eddaj\u00ed pouze kategori\u00edm podle pravidel \u010cSC (MSR m\u00e1 v\u011bkov\u00e9 kategorie odli\u0161n\u00e9)&nbsp;<\/em><\/p>\n\n\n\n<p><em><strong>Program ned\u011ble (24. 8. 2025):&nbsp;<\/strong><\/em><\/p>\n\n\n\n<p><em>10:00 &#8211; mu\u017ei (U23 + ELITE) -&gt; 3 okruhy; 150 km<\/em><\/p>\n\n\n\n<p><em>10:05 &#8211; junio\u0159i&nbsp;<\/em><em>-&gt; 2 okruhy; 100 km<\/em><\/p>\n\n\n\n<p><em>10:10 &#8211; kadeti, juniorky, \u017eeny&nbsp;<\/em><em>-&gt; 1 okruh; 50 km<\/em><\/p>\n\n\n\n<p><em>10:15 &#8211; star\u0161\u00ed \u017e\u00e1ci, kadetky&nbsp;<\/em><em>-&gt; 1 okruh; 50 km<\/em><\/p>\n\n\n\n<p><em>Podrobn\u00e9 informace k\u00a0z\u00e1vod\u016fm kategorie Masters dostupn\u00e9 zde:\u00a0<a href=\"https:\/\/my.raceresult.com\/349252\/registration\">https:\/\/my.raceresult.com\/349252\/registration<\/a><\/em><\/p>\n\n\n\n<p><em>Podrobn\u00e9 informace k&nbsp;z\u00e1vod\u016fm ml\u00e1de\u017ee a mu\u017e\u016f dostupn\u00e9 zde:&nbsp;<a href=\"https:\/\/www.cyklistikaszc.sk\/sk\/cestna-cyklistika\/kalendar\">https:\/\/www.cyklistikaszc.sk\/sk\/cestna-cyklistika\/kalendar<\/a><\/em><\/p>\n","protected":false},"excerpt":{"rendered":"<p>P\u0159edposledn\u00ed srpnov\u00fd v\u00edkend bude na Slovensku pat\u0159it silni\u010dn\u00edm z\u00e1vod\u016fm nejen kategorie Masters. Na z\u00e1vody s m\u00edstem startu a c\u00edle v obci\u00a0Kl\u00e1\u0161tor pod Znievom se postav\u00ed v\u0161echny v\u011bkov\u00e9 kategorie.\u00a0 V\u00a0sobotu 23. 8. 2025 se uskute\u010dn\u00ed historicky druh\u00e9 spole\u010dn\u00e9 Mistrovstv\u00ed \u010cesk\u00e9 a Slovensk\u00e9 republiky pro jezdce kategorie Masters. Letos se tento typ z\u00e1vodu uskute\u010dn\u00ed na 50 kilometrov\u00e9m [&hellip;]<\/p>\n","protected":false},"author":30,"featured_media":36396,"comment_status":"closed","ping_status":"open","sticky":false,"template":"","format":"standard","meta":{"footnotes":""},"categories":[2,18],"tags":[11],"class_list":["post-36395","post","type-post","status-publish","format-standard","has-post-thumbnail","hentry","category-novinky","category-silnice","tag-silnice"],"_links":{"self":[{"href":"https:\/\/www.czechcyclingfederation.com\/en\/wp-json\/wp\/v2\/posts\/36395","targetHints":{"allow":["GET"]}}],"collection":[{"href":"https:\/\/www.czechcyclingfederation.com\/en\/wp-json\/wp\/v2\/posts"}],"about":[{"href":"https:\/\/www.czechcyclingfederation.com\/en\/wp-json\/wp\/v2\/types\/post"}],"author":[{"embeddable":true,"href":"https:\/\/www.czechcyclingfederation.com\/en\/wp-json\/wp\/v2\/users\/30"}],"replies":[{"embeddable":true,"href":"https:\/\/www.czechcyclingfederation.com\/en\/wp-json\/wp\/v2\/comments?post=36395"}],"version-history":[{"count":2,"href":"https:\/\/www.czechcyclingfederation.com\/en\/wp-json\/wp\/v2\/posts\/36395\/revisions"}],"predecessor-version":[{"id":36401,"href":"https:\/\/www.czechcyclingfederation.com\/en\/wp-json\/wp\/v2\/posts\/36395\/revisions\/36401"}],"wp:featuredmedia":[{"embeddable":true,"href":"https:\/\/www.czechcyclingfederation.com\/en\/wp-json\/wp\/v2\/media\/36396"}],"wp:attachment":[{"href":"https:\/\/www.czechcyclingfederation.com\/en\/wp-json\/wp\/v2\/media?parent=36395"}],"wp:term":[{"taxonomy":"category","embeddable":true,"href":"https:\/\/www.czechcyclingfederation.com\/en\/wp-json\/wp\/v2\/categories?post=36395"},{"taxonomy":"post_tag","embeddable":true,"href":"https:\/\/www.czechcyclingfederation.com\/en\/wp-json\/wp\/v2\/tags?post=36395"}],"curies":[{"name":"wp","href":"https:\/\/api.w.org\/{rel}","templated":true}]}}