{"id":36384,"date":"2025-07-07T21:17:43","date_gmt":"2025-07-07T19:17:43","guid":{"rendered":"https:\/\/www.czechcyclingfederation.com\/?p=36384"},"modified":"2025-07-07T21:17:46","modified_gmt":"2025-07-07T19:17:46","slug":"pavel-bittner-spurtoval-paty-v-etape-na-tour","status":"publish","type":"post","link":"https:\/\/www.czechcyclingfederation.com\/en\/pavel-bittner-spurtoval-paty-v-etape-na-tour\/","title":{"rendered":"Pavel Bittner spurtoval p\u00e1t\u00fd v\u00a0etap\u011b na Tour!"},"content":{"rendered":"\n<p>\u010cesk\u00fd reprezentant <strong>Pavel Bittner<\/strong> o sob\u011b dal v\u011bd\u011bt ve t\u0159et\u00ed etap\u011b Tour de France, kter\u00e1 podle o\u010dek\u00e1v\u00e1n\u00ed skon\u010dila hromadn\u00fdm dojezdem. Cyklista st\u00e1je Picnic PostNL obsadil p\u00e1t\u00e9 m\u00edsto, v\u00edt\u011bzstv\u00ed vybojoval Belgi\u010dan Tim Merlier.<\/p>\n\n\n\n<p><em>\u201eByla to prvn\u00ed vylo\u017een\u011b sprintersk\u00e1 etapa a je z\u00a0toho prvn\u00ed top 5 pro t\u00fdm na leto\u0161n\u00ed Tour, \u00fapln\u00e1 bomba,\u201c <\/em>radoval se Bittner.<\/p>\n\n\n\n<p><em>\u201eT\u00fdm odvedl super pr\u00e1ci. Sna\u017eili jsme se z\u016fstat v\u0161ichni pohromad\u011b a soust\u0159edit se na z\u00e1v\u011br. Kluci to zvl\u00e1dli dokonale, dovezli m\u011b na hranici 250 metr\u016f p\u0159ed c\u00edlem a pak u\u017e jsem to prost\u011b musel odp\u00e1lit. Dal jsem do toho sto procent, ale n\u011bkte\u0159\u00ed dal\u0161\u00ed prost\u011b byli rychlej\u0161\u00ed. Na prvn\u00ed sprint na Tour to docela jde. Ka\u017ed\u00fd takov\u00fd v\u00fdsledek zlep\u0161uje atmosf\u00e9ru v\u00a0t\u00fdmu a v\u011b\u0159\u00edm, \u017ee t\u011bch p\u0159\u00edle\u017eitost\u00ed na dobr\u00fd v\u00fdsledek bude daleko v\u00edc,\u201c <\/em>dodal Bittner.<\/p>\n\n\n\n<p>Foto: Team Picnic PostNL<\/p>\n","protected":false},"excerpt":{"rendered":"<p>\u010cesk\u00fd reprezentant Pavel Bittner o sob\u011b dal v\u011bd\u011bt ve t\u0159et\u00ed etap\u011b Tour de France, kter\u00e1 podle o\u010dek\u00e1v\u00e1n\u00ed skon\u010dila hromadn\u00fdm dojezdem. Cyklista st\u00e1je Picnic PostNL obsadil p\u00e1t\u00e9 m\u00edsto, v\u00edt\u011bzstv\u00ed vybojoval Belgi\u010dan Tim Merlier. \u201eByla to prvn\u00ed vylo\u017een\u011b sprintersk\u00e1 etapa a je z\u00a0toho prvn\u00ed top 5 pro t\u00fdm na leto\u0161n\u00ed Tour, \u00fapln\u00e1 bomba,\u201c radoval se Bittner. \u201eT\u00fdm [&hellip;]<\/p>\n","protected":false},"author":15,"featured_media":36385,"comment_status":"closed","ping_status":"open","sticky":false,"template":"","format":"standard","meta":{"footnotes":""},"categories":[2,18],"tags":[11],"class_list":["post-36384","post","type-post","status-publish","format-standard","has-post-thumbnail","hentry","category-novinky","category-silnice","tag-silnice"],"_links":{"self":[{"href":"https:\/\/www.czechcyclingfederation.com\/en\/wp-json\/wp\/v2\/posts\/36384","targetHints":{"allow":["GET"]}}],"collection":[{"href":"https:\/\/www.czechcyclingfederation.com\/en\/wp-json\/wp\/v2\/posts"}],"about":[{"href":"https:\/\/www.czechcyclingfederation.com\/en\/wp-json\/wp\/v2\/types\/post"}],"author":[{"embeddable":true,"href":"https:\/\/www.czechcyclingfederation.com\/en\/wp-json\/wp\/v2\/users\/15"}],"replies":[{"embeddable":true,"href":"https:\/\/www.czechcyclingfederation.com\/en\/wp-json\/wp\/v2\/comments?post=36384"}],"version-history":[{"count":1,"href":"https:\/\/www.czechcyclingfederation.com\/en\/wp-json\/wp\/v2\/posts\/36384\/revisions"}],"predecessor-version":[{"id":36387,"href":"https:\/\/www.czechcyclingfederation.com\/en\/wp-json\/wp\/v2\/posts\/36384\/revisions\/36387"}],"wp:featuredmedia":[{"embeddable":true,"href":"https:\/\/www.czechcyclingfederation.com\/en\/wp-json\/wp\/v2\/media\/36385"}],"wp:attachment":[{"href":"https:\/\/www.czechcyclingfederation.com\/en\/wp-json\/wp\/v2\/media?parent=36384"}],"wp:term":[{"taxonomy":"category","embeddable":true,"href":"https:\/\/www.czechcyclingfederation.com\/en\/wp-json\/wp\/v2\/categories?post=36384"},{"taxonomy":"post_tag","embeddable":true,"href":"https:\/\/www.czechcyclingfederation.com\/en\/wp-json\/wp\/v2\/tags?post=36384"}],"curies":[{"name":"wp","href":"https:\/\/api.w.org\/{rel}","templated":true}]}}