{"id":36375,"date":"2025-07-07T06:42:58","date_gmt":"2025-07-07T04:42:58","guid":{"rendered":"https:\/\/www.czechcyclingfederation.com\/?p=36375"},"modified":"2025-07-07T06:43:02","modified_gmt":"2025-07-07T04:43:02","slug":"mistryne-republiky-kristyna-burlova-po-titulu-na-tour-de-france","status":"publish","type":"post","link":"https:\/\/www.czechcyclingfederation.com\/en\/mistryne-republiky-kristyna-burlova-po-titulu-na-tour-de-france\/","title":{"rendered":"Mistryn\u011b republiky Krist\u00fdna Burlov\u00e1: po titulu na Tour de France!"},"content":{"rendered":"\n<p>V&nbsp;B\u00e1novc\u00edch nad Bebravou slavila <strong>Krist\u00fdna Burlov\u00e1<\/strong> p\u0159ed p\u00e1r dny nejv\u011bt\u0161\u00ed \u00fasp\u011bch kari\u00e9ry. Neza\u017e\u00edvala zrovna lehk\u00e9 obdob\u00ed, p\u0159esto dok\u00e1zala vybojovat titul mistryn\u011b republiky v&nbsp;silni\u010dn\u00edm z\u00e1vod\u011b. Na konci \u010dervence \u010dek\u00e1 t\u0159iadvacetiletou cyklistku n\u011bmeck\u00e9ho t\u00fdmu Ceratizit Pro dal\u0161\u00ed velk\u00fd miln\u00edk v&nbsp;podob\u011b startu na \u017eensk\u00e9 Tour de France!<\/p>\n\n\n\n<p><strong>Jak s&nbsp;odstupem t\u00fddne hodnot\u00edte sv\u00e9 v\u00edt\u011bzstv\u00ed?<\/strong><\/p>\n\n\n\n<p>Bylo to moje prvn\u00ed profi v\u00edt\u011bzstv\u00ed, na titul jsem \u010dekala docela dlouho. Beru to jako nejv\u011bt\u0161\u00ed \u00fasp\u011bch dosavadn\u00ed kari\u00e9ry. S&nbsp;na\u0161ima i slovensk\u00fdma holkama, kter\u00e9 z\u00e1vod\u00ed v&nbsp;zahrani\u010dn\u00edch profit\u00fdmech, jsme to dom\u00e1c\u00ed p\u0159esile cht\u011bly ud\u011blat co nejt\u011b\u017e\u0161\u00ed. To se povedlo, vyselektovala se skupinka a j\u00e1 v\u011b\u0159ila, \u017ee bych mohla ve spurtu usp\u011bt. Sprinty po t\u011b\u017e\u0161\u00edm z\u00e1vod\u011b z&nbsp;men\u0161\u00ed skupiny mi jdou, ale kdy\u017e spurtuje cel\u00fd bal\u00edk, tak v&nbsp;porovn\u00e1n\u00ed s&nbsp;t\u011bmi nejlep\u0161\u00edmi ve WorldTour zase a\u017e tak rychl\u00e1 nejsem.<\/p>\n\n\n\n<figure class=\"wp-block-image size-large\"><img loading=\"lazy\" decoding=\"async\" width=\"1024\" height=\"683\" src=\"http:\/\/www.czechcyclingfederation.com\/wp-content\/uploads\/2025\/06\/Burlova-1024x683.jpeg\" alt=\"\" class=\"wp-image-36235\" srcset=\"https:\/\/www.czechcyclingfederation.com\/wp-content\/uploads\/2025\/06\/Burlova-1024x683.jpeg 1024w, https:\/\/www.czechcyclingfederation.com\/wp-content\/uploads\/2025\/06\/Burlova-300x200.jpeg 300w, https:\/\/www.czechcyclingfederation.com\/wp-content\/uploads\/2025\/06\/Burlova-768x512.jpeg 768w, https:\/\/www.czechcyclingfederation.com\/wp-content\/uploads\/2025\/06\/Burlova-1536x1024.jpeg 1536w, https:\/\/www.czechcyclingfederation.com\/wp-content\/uploads\/2025\/06\/Burlova-2048x1365.jpeg 2048w, https:\/\/www.czechcyclingfederation.com\/wp-content\/uploads\/2025\/06\/Burlova-1320x880.jpeg 1320w\" sizes=\"auto, (max-width: 1024px) 100vw, 1024px\" \/><\/figure>\n\n\n\n<p><strong>Po z\u00e1vod\u011b jste \u0159\u00edkala, \u017ee jste \u0161\u0165astn\u00e1 i kv\u016fli v\u0161em ud\u00e1lostem, kter\u00fdmi jste si v&nbsp;posledn\u00ed dob\u011b pro\u0161la. M\u016f\u017eete b\u00fdt konkr\u00e9tn\u00ed?<\/strong><\/p>\n\n\n\n<p>Minulou sezonu se mi neda\u0159ilo \u00fapln\u011b podle p\u0159edstav a v&nbsp;p\u016flce \u010dervna mi zkrachoval t\u00fdm. Za\u010dala jsem novou sezonu v&nbsp;nov\u00e9m t\u00fdmu a na UAE Tour jsem si zlomila z\u00e1p\u011bst\u00ed. To mi hodilo vidle do cel\u00e9ho jara. T\u00fdden p\u0159ed mistr\u00e1kem mi zem\u0159ela babi\u010dka, tak\u017ee to nebylo lehk\u00e9. V\u00edt\u011bzstv\u00ed na mistr\u00e1ku je pro ni.<\/p>\n\n\n\n<p><strong>Jak velkou radost m\u011bli ve va\u0161em t\u00fdmu?<\/strong><\/p>\n\n\n\n<p>Obrovskou, i pro n\u011b ten titul moc znamen\u00e1, v\u00e1\u017e\u00ed si toho. Ne\u0159\u00edk\u00e1m, \u017ee to n\u011bjak dramaticky zm\u011bn\u00ed mou pozici, ale t\u0159eba budu m\u00edt na v\u00edce z\u00e1vod\u016f voln\u011bj\u0161\u00ed ruku.<\/p>\n\n\n\n<figure class=\"wp-block-image size-large\"><img loading=\"lazy\" decoding=\"async\" width=\"1024\" height=\"683\" src=\"https:\/\/www.czechcyclingfederation.com\/wp-content\/uploads\/2025\/07\/burlova-2-1024x683.jpg\" alt=\"\" class=\"wp-image-36378\" srcset=\"https:\/\/www.czechcyclingfederation.com\/wp-content\/uploads\/2025\/07\/burlova-2-1024x683.jpg 1024w, https:\/\/www.czechcyclingfederation.com\/wp-content\/uploads\/2025\/07\/burlova-2-300x200.jpg 300w, https:\/\/www.czechcyclingfederation.com\/wp-content\/uploads\/2025\/07\/burlova-2-768x512.jpg 768w, https:\/\/www.czechcyclingfederation.com\/wp-content\/uploads\/2025\/07\/burlova-2-1536x1024.jpg 1536w, https:\/\/www.czechcyclingfederation.com\/wp-content\/uploads\/2025\/07\/burlova-2-2048x1365.jpg 2048w, https:\/\/www.czechcyclingfederation.com\/wp-content\/uploads\/2025\/07\/burlova-2-1320x880.jpg 1320w\" sizes=\"auto, (max-width: 1024px) 100vw, 1024px\" \/><\/figure>\n\n\n\n<p><strong>Minulou sezonu jste z\u00e1vodila za britsk\u00fd t\u00fdm Lifeplus Wahoo. Co se s&nbsp;n\u00edm stalo?<\/strong><\/p>\n\n\n\n<p>Prost\u011b v&nbsp;p\u016flce \u010dervence zkrachoval kv\u016fli finan\u010dn\u00edm probl\u00e9m\u016fm. Bylo to jako blesk z&nbsp;\u010dist\u00e9ho nebe, netu\u0161ila jsem to. Najednou jsem byla bez anga\u017em\u00e1. Na\u0161t\u011bst\u00ed mi vy\u0161li vst\u0159\u00edc v&nbsp;Dukle Praha, kde jsem mohla sezonu dojet a objela jsem n\u011bjak\u00e9 kvalitn\u00ed z\u00e1vody. Za to jim moc d\u011bkuju.<\/p>\n\n\n\n<p><strong>\u0158\u00edkala jste, \u017ee va\u0161e lo\u0148sk\u00e1 sezona nebyla nic moc, p\u0159esto jste se dostala do WorldTour t\u00fdmu! Jak se anga\u017em\u00e1 v&nbsp;n\u011bmeck\u00e9 st\u00e1ji CERATIZIT Pro zrodilo?<\/strong><\/p>\n\n\n\n<p>Kdy\u017e jsme se dozv\u011bd\u011bli, \u017ee st\u00e1vaj\u00edc\u00ed t\u00fdm kon\u010d\u00ed, m\u016fj nizozemsk\u00fd mana\u017eer za\u010dal hned jednat. Nakonec jsem m\u011bla z&nbsp;WorldTour v\u00edc nab\u00eddek, ale s\u00e1hla jsem hned po t\u00e9 prvn\u00ed. Moc t\u011b\u017eko se tam dost\u00e1v\u00e1. M\u011bla jsem ohromnou radost, \u017ee to vy\u0161lo! V&nbsp;t\u00fdmu Ceratizit ve mn\u011b vid\u011bli potenci\u00e1l, l\u00edbil se jim m\u016fj z\u00e1vodn\u00ed projev. Ale nejv\u011bt\u0161\u00ed z\u00e1sluhu na tom m\u00e1 moje nizozemsk\u00e1 agentura, se kterou spolupracuji ji\u017e n\u011bkolik let a kter\u00e1 mi u\u017e kdysi za\u0159\u00eddila anga\u017em\u00e1 v&nbsp;Lottu.<\/p>\n\n\n\n<p><strong>Je WorldTour velk\u00fd skok?<\/strong><\/p>\n\n\n\n<p>Obrovsk\u00fd, i oproti Lottu, kter\u00e9 v&nbsp;nejvy\u0161\u0161\u00ed divizi nebylo. Sice jsme men\u0161\u00ed t\u00fdm, takov\u00fd v\u00edce rodinn\u00fd, ale m\u00e1me super podm\u00ednky i program. Dostanu se na nejlep\u0161\u00ed z\u00e1vody, poda\u0159ilo se n\u00e1m vybojovat n\u011bkolik velmi dobr\u00fdch v\u00fdsledk\u016f. T\u00fdm mi v\u011b\u0159\u00ed.<\/p>\n\n\n\n<figure class=\"wp-block-image size-large\"><img loading=\"lazy\" decoding=\"async\" width=\"1024\" height=\"683\" src=\"https:\/\/www.czechcyclingfederation.com\/wp-content\/uploads\/2025\/07\/burlova-3-1024x683.jpg\" alt=\"\" class=\"wp-image-36380\" srcset=\"https:\/\/www.czechcyclingfederation.com\/wp-content\/uploads\/2025\/07\/burlova-3-1024x683.jpg 1024w, https:\/\/www.czechcyclingfederation.com\/wp-content\/uploads\/2025\/07\/burlova-3-300x200.jpg 300w, https:\/\/www.czechcyclingfederation.com\/wp-content\/uploads\/2025\/07\/burlova-3-768x512.jpg 768w, https:\/\/www.czechcyclingfederation.com\/wp-content\/uploads\/2025\/07\/burlova-3-1536x1024.jpg 1536w, https:\/\/www.czechcyclingfederation.com\/wp-content\/uploads\/2025\/07\/burlova-3-2048x1365.jpg 2048w, https:\/\/www.czechcyclingfederation.com\/wp-content\/uploads\/2025\/07\/burlova-3-1320x880.jpg 1320w\" sizes=\"auto, (max-width: 1024px) 100vw, 1024px\" \/><\/figure>\n\n\n\n<p><strong>A je v\u00fdsledkem t\u00e9 d\u016fv\u011bry i va\u0161e \u00fa\u010dast na Tour de France?<\/strong><\/p>\n\n\n\n<p>Ur\u010dit\u011b, je to spln\u011bn\u00fd sen. I v&nbsp;\u017eensk\u00e9 cyklistice je to te\u010f nejv\u011bt\u0161\u00ed z\u00e1vod ze v\u0161ech. V\u00edm to u\u017e del\u0161\u00ed dobu, jen jsem to necht\u011bla n\u011bjak brzy prop\u00e1lit.<\/p>\n\n\n\n<p><strong>S&nbsp;jak\u00fdmi ambicemi tam pojedete?<\/strong><\/p>\n\n\n\n<p>Jako t\u00fdm asi nebudeme m\u00edt \u00fapln\u011b ty nejvy\u0161\u0161\u00ed ambice na celkov\u00e9 po\u0159ad\u00ed, i kdy\u017e tam m\u00e1me kvalitn\u00ed vrcha\u0159ky. Sp\u00ed\u0161 se budeme zam\u011b\u0159ovat na jednotliv\u00e9 etapy. J\u00e1 bych m\u011bla b\u00fdt k&nbsp;ruce p\u0159i rozj\u00ed\u017ed\u011bn\u00ed spurt\u016f a budu celkov\u011b hlavn\u011b pom\u00e1hat. Ale ur\u010dit\u011b bude prostor uk\u00e1zat se. Kdy\u017e bude \u0161ance, chci se o n\u011bjak\u00fd p\u011bkn\u00fd v\u00fdsledek porvat.<\/p>\n\n\n\n<p><strong>Co v\u00e1s je\u0161t\u011b do Tour \u010dek\u00e1?<\/strong><\/p>\n\n\n\n<p>Hned po mistr\u00e1ku jsem odjela na soust\u0159ed\u011bn\u00ed do Livigna, kde se p\u0159ipravuje t\u00fdm pro Tour. Budu tady celkem 19 dn\u00ed, abych je\u0161t\u011b kvalitn\u011b potr\u00e9novala ve vysok\u00e9 nadmo\u0159sk\u00e9 v\u00fd\u0161ce.<\/p>\n\n\n\n<p>Foto: Jan Brychta, Filip Bezd\u011bk<\/p>\n","protected":false},"excerpt":{"rendered":"<p>V&nbsp;B\u00e1novc\u00edch nad Bebravou slavila Krist\u00fdna Burlov\u00e1 p\u0159ed p\u00e1r dny nejv\u011bt\u0161\u00ed \u00fasp\u011bch kari\u00e9ry. Neza\u017e\u00edvala zrovna lehk\u00e9 obdob\u00ed, p\u0159esto dok\u00e1zala vybojovat titul mistryn\u011b republiky v&nbsp;silni\u010dn\u00edm z\u00e1vod\u011b. Na konci \u010dervence \u010dek\u00e1 t\u0159iadvacetiletou cyklistku n\u011bmeck\u00e9ho t\u00fdmu Ceratizit Pro dal\u0161\u00ed velk\u00fd miln\u00edk v&nbsp;podob\u011b startu na \u017eensk\u00e9 Tour de France! Jak s&nbsp;odstupem t\u00fddne hodnot\u00edte sv\u00e9 v\u00edt\u011bzstv\u00ed? Bylo to moje prvn\u00ed profi [&hellip;]<\/p>\n","protected":false},"author":15,"featured_media":36376,"comment_status":"closed","ping_status":"open","sticky":false,"template":"","format":"standard","meta":{"footnotes":""},"categories":[2,18,1],"tags":[11],"class_list":["post-36375","post","type-post","status-publish","format-standard","has-post-thumbnail","hentry","category-novinky","category-silnice","category-uncategorized-cs","tag-silnice"],"_links":{"self":[{"href":"https:\/\/www.czechcyclingfederation.com\/en\/wp-json\/wp\/v2\/posts\/36375","targetHints":{"allow":["GET"]}}],"collection":[{"href":"https:\/\/www.czechcyclingfederation.com\/en\/wp-json\/wp\/v2\/posts"}],"about":[{"href":"https:\/\/www.czechcyclingfederation.com\/en\/wp-json\/wp\/v2\/types\/post"}],"author":[{"embeddable":true,"href":"https:\/\/www.czechcyclingfederation.com\/en\/wp-json\/wp\/v2\/users\/15"}],"replies":[{"embeddable":true,"href":"https:\/\/www.czechcyclingfederation.com\/en\/wp-json\/wp\/v2\/comments?post=36375"}],"version-history":[{"count":2,"href":"https:\/\/www.czechcyclingfederation.com\/en\/wp-json\/wp\/v2\/posts\/36375\/revisions"}],"predecessor-version":[{"id":36383,"href":"https:\/\/www.czechcyclingfederation.com\/en\/wp-json\/wp\/v2\/posts\/36375\/revisions\/36383"}],"wp:featuredmedia":[{"embeddable":true,"href":"https:\/\/www.czechcyclingfederation.com\/en\/wp-json\/wp\/v2\/media\/36376"}],"wp:attachment":[{"href":"https:\/\/www.czechcyclingfederation.com\/en\/wp-json\/wp\/v2\/media?parent=36375"}],"wp:term":[{"taxonomy":"category","embeddable":true,"href":"https:\/\/www.czechcyclingfederation.com\/en\/wp-json\/wp\/v2\/categories?post=36375"},{"taxonomy":"post_tag","embeddable":true,"href":"https:\/\/www.czechcyclingfederation.com\/en\/wp-json\/wp\/v2\/tags?post=36375"}],"curies":[{"name":"wp","href":"https:\/\/api.w.org\/{rel}","templated":true}]}}