{"id":3637,"date":"2021-03-02T18:26:32","date_gmt":"2021-03-02T17:26:32","guid":{"rendered":"http:\/\/www.czechcyclingfederation.com\/?p=3637"},"modified":"2021-03-18T22:37:38","modified_gmt":"2021-03-18T21:37:38","slug":"krizova-opatreni-platna-od-1-3-2021","status":"publish","type":"post","link":"https:\/\/www.czechcyclingfederation.com\/en\/krizova-opatreni-platna-od-1-3-2021\/","title":{"rendered":"Krizov\u00e1 opat\u0159en\u00ed platn\u00e1 od 1.3.2021"},"content":{"rendered":"\n<p>V&nbsp;p\u00e1tek 26.2.2021 vydala Vl\u00e1da \u010cR Usnesen\u00ed \u010d. 216 a 217 o p\u0159ijet\u00ed krizov\u00fdch opat\u0159en\u00ed za \u00fa\u010delem p\u0159edch\u00e1zen\u00ed \u0161\u00ed\u0159en\u00ed onemocn\u011bn\u00ed COVID-19. Tato opat\u0159en\u00ed &nbsp;s \u00fa\u010dinnost\u00ed od pond\u011bl\u00ed 1.3.2021 do 21.3.2021 omezuj\u00ed voln\u00fd pohyb osob na \u00fazem\u00ed \u010cesk\u00e9 republiky, co\u017e se \u00fazce dot\u00fdk\u00e1 i v\u00fdkonnostn\u00edch i amat\u00e9rsk\u00fdch cyklist\u016f a ml\u00e1de\u017ee v&nbsp;r\u00e1mci jejich sportovn\u00edch aktivit a p\u0159\u00edpravy.<\/p>\n\n\n\n<p>Veden\u00ed \u010cesk\u00e9ho svazu cyklistiky (\u010cSC) vzhledem k&nbsp;epidemiologick\u00e9 situaci v&nbsp;\u010cR tato opat\u0159en\u00ed vl\u00e1dy pln\u011b respektuje a v&nbsp;r\u00e1mci co nejobjektivn\u011bj\u0161\u00ed informovanosti sv\u00fdch \u010dlen\u016f rekapituluje vl\u00e1dn\u00ed opat\u0159en\u00ed ve vztahu k&nbsp;provozov\u00e1n\u00ed cyklistiky, a to pro obdob\u00ed, po kter\u00e9 je krizov\u00e9 opat\u0159en\u00ed vyhl\u00e1\u0161eno.<\/p>\n\n\n\n<p>Co je povoleno?<\/p>\n\n\n\n<ul class=\"wp-block-list\"><li>Povoleny jsou sportovn\u00ed aktivity ve venkovn\u00edch prostor\u00e1ch, parc\u00edch a p\u0159\u00edrod\u011b, ov\u0161em <strong>pouze v&nbsp;r\u00e1mci katastru obce<\/strong>, kde m\u00e1 dan\u00fd sportovec trval\u00fd pobyt nebo bydli\u0161t\u011b.<\/li><li>Sportovn\u00ed aktivity lze provozovat pouze individu\u00e1ln\u011b nikoli ve skupin\u00e1ch<\/li><li>Sportov\u00e1n\u00ed je povoleno bez zakryt\u00ed nosu a \u00fast<\/li><li><strong>mimo obec trval\u00e9ho pobytu \u010di bydli\u0161t\u011b mohou sportovat pouze profesion\u00e1ln\u00ed sportovci<\/strong><\/li><\/ul>\n\n\n\n<p>Kdo je profesion\u00e1ln\u00ed sportovec?<\/p>\n\n\n\n<ul class=\"wp-block-list\"><li>jedn\u00e1 se o ka\u017ed\u00e9ho, kdo vykon\u00e1v\u00e1 sportovn\u00ed \u010dinnost\u00ed v\u00fdd\u011ble\u010dnou \u010dinnost na z\u00e1klad\u011b smluvn\u00edho vztahu. T\u00edmto smluvn\u00edm vztahem pak m\u016f\u017ee b\u00fdt jak vztah pracovn\u011bpr\u00e1vn\u00ed (pracovn\u00ed smlouva, dohoda o proveden\u00ed pr\u00e1ce, dohoda o pracovn\u00ed \u010dinnosti), tak vztah ob\u010danskopr\u00e1vn\u00ed, kdy je sportovn\u00ed \u010dinnost vykon\u00e1v\u00e1na v re\u017eimu OSV\u010c.<\/li><li>sportovn\u00ed aktivity profi sportovc\u016f jsou povoleny ve vnit\u0159n\u00edch i venkovn\u00edch prostor\u00e1ch<\/li><li>profesion\u00e1ln\u00ed sportovec mus\u00ed b\u00fdt schopen p\u00edsemn\u011b prok\u00e1zat d\u016fvodnost cesty k v\u00fdkonu sportovn\u00ed \u010dinnosti (potvrzen\u00ed zam\u011bstnavatele, smlouva apod.)<\/li><\/ul>\n\n\n\n<p>Na z\u00e1klad\u011b \u010dast\u00fdch dotaz\u016f ze strany na\u0161\u00ed cyklistick\u00e9 obce, zda m\u00e1 dr\u017eitel Licence \u010cSC\/UCI status profesion\u00e1ln\u00edho sportovce, mus\u00edme s&nbsp;politov\u00e1n\u00edm \u0159\u00edci, \u017ee Licence \u010cSC\/UCI nen\u00ed v&nbsp;tomto ohledu po\u017eadovan\u00fdm dokladem pro prok\u00e1z\u00e1n\u00ed smluvn\u00edho stavu o v\u00fdd\u011ble\u010dn\u00e9 \u010dinnosti.<\/p>\n\n\n\n<p>Naprosto si uv\u011bdomujeme dopad omezen\u00ed pohybu nejen na v\u00fdkonnostn\u00ed ale i amat\u00e9rsk\u00fd sport a p\u0159edev\u0161\u00edm sport ml\u00e1de\u017ee, cyklistiku nevyj\u00edmaje. Ale vzhledem k&nbsp;z\u00e1va\u017en\u00e9 epidemiologick\u00e9 situaci v&nbsp;\u010cesk\u00e9 republice bychom cht\u011bli po\u017e\u00e1dat v\u0161echny sportovce, aby v&nbsp;n\u00e1sleduj\u00edc\u00edch t\u0159ech t\u00fddnech respektovali vl\u00e1dn\u00ed opat\u0159en\u00ed a pomohli tak ke zpomalen\u00ed \u0161\u00ed\u0159en\u00ed n\u00e1kazy COVID-19. D\u011bkujeme.<\/p>\n\n\n\n<p><\/p>\n","protected":false},"excerpt":{"rendered":"<p>V&nbsp;p\u00e1tek 26.2.2021 vydala Vl\u00e1da \u010cR Usnesen\u00ed \u010d. 216 a 217 o p\u0159ijet\u00ed krizov\u00fdch opat\u0159en\u00ed za \u00fa\u010delem p\u0159edch\u00e1zen\u00ed \u0161\u00ed\u0159en\u00ed onemocn\u011bn\u00ed COVID-19. Tato opat\u0159en\u00ed &nbsp;s \u00fa\u010dinnost\u00ed od pond\u011bl\u00ed 1.3.2021 do 21.3.2021 omezuj\u00ed voln\u00fd pohyb osob na \u00fazem\u00ed \u010cesk\u00e9 republiky, co\u017e se \u00fazce dot\u00fdk\u00e1 i v\u00fdkonnostn\u00edch i amat\u00e9rsk\u00fdch cyklist\u016f a ml\u00e1de\u017ee v&nbsp;r\u00e1mci jejich sportovn\u00edch aktivit a p\u0159\u00edpravy. Veden\u00ed [&hellip;]<\/p>\n","protected":false},"author":3,"featured_media":2667,"comment_status":"closed","ping_status":"open","sticky":false,"template":"","format":"standard","meta":{"footnotes":""},"categories":[28,2],"tags":[119],"class_list":["post-3637","post","type-post","status-publish","format-standard","has-post-thumbnail","hentry","category-cesky-svaz-cyklistiky","category-novinky","tag-csc"],"_links":{"self":[{"href":"https:\/\/www.czechcyclingfederation.com\/en\/wp-json\/wp\/v2\/posts\/3637","targetHints":{"allow":["GET"]}}],"collection":[{"href":"https:\/\/www.czechcyclingfederation.com\/en\/wp-json\/wp\/v2\/posts"}],"about":[{"href":"https:\/\/www.czechcyclingfederation.com\/en\/wp-json\/wp\/v2\/types\/post"}],"author":[{"embeddable":true,"href":"https:\/\/www.czechcyclingfederation.com\/en\/wp-json\/wp\/v2\/users\/3"}],"replies":[{"embeddable":true,"href":"https:\/\/www.czechcyclingfederation.com\/en\/wp-json\/wp\/v2\/comments?post=3637"}],"version-history":[{"count":2,"href":"https:\/\/www.czechcyclingfederation.com\/en\/wp-json\/wp\/v2\/posts\/3637\/revisions"}],"predecessor-version":[{"id":3726,"href":"https:\/\/www.czechcyclingfederation.com\/en\/wp-json\/wp\/v2\/posts\/3637\/revisions\/3726"}],"wp:featuredmedia":[{"embeddable":true,"href":"https:\/\/www.czechcyclingfederation.com\/en\/wp-json\/wp\/v2\/media\/2667"}],"wp:attachment":[{"href":"https:\/\/www.czechcyclingfederation.com\/en\/wp-json\/wp\/v2\/media?parent=3637"}],"wp:term":[{"taxonomy":"category","embeddable":true,"href":"https:\/\/www.czechcyclingfederation.com\/en\/wp-json\/wp\/v2\/categories?post=3637"},{"taxonomy":"post_tag","embeddable":true,"href":"https:\/\/www.czechcyclingfederation.com\/en\/wp-json\/wp\/v2\/tags?post=3637"}],"curies":[{"name":"wp","href":"https:\/\/api.w.org\/{rel}","templated":true}]}}