{"id":3634,"date":"2021-03-02T18:17:10","date_gmt":"2021-03-02T17:17:10","guid":{"rendered":"http:\/\/www.czechcyclingfederation.com\/?p=3634"},"modified":"2021-03-03T09:58:59","modified_gmt":"2021-03-03T08:58:59","slug":"treti-dil-skoda-ecup-2021-zavede-jezdce-na-tourmalet","status":"publish","type":"post","link":"https:\/\/www.czechcyclingfederation.com\/en\/treti-dil-skoda-ecup-2021-zavede-jezdce-na-tourmalet\/","title":{"rendered":"T\u0159et\u00ed d\u00edl \u0160KODA eCUP 2021 zavede jezdce na Tourmalet"},"content":{"rendered":"\n<p>Nejt\u011b\u017e\u0161\u00ed z\u00e1vod seri\u00e1lu virtu\u00e1ln\u00edch cyklistick\u00fdch z\u00e1vod\u016f \u0160KODA eCUP 2021 je tu. Ve \u010dtvrtek 4. b\u0159ezna na jezdce \u010dek\u00e1 t\u0159et\u00ed d\u00edl nazvan\u00fd Tourmalet. \u0160KODA eCUP je ucelen\u00fd seri\u00e1l z\u00e1vod\u016f, kter\u00fd je v historii \u010cesk\u00e9ho svazu cyklistiky prvn\u00edm \u010cesk\u00fdm poh\u00e1rem v e-sportu a kon\u00e1 se na platform\u011b ROUVY. Seri\u00e1l bude zakon\u010den ofici\u00e1ln\u00edm mistrovstv\u00edm \u010cR v e-cyklistice 2021 25. b\u0159ezna.<\/p>\n\n\n\n<p>\u010ctvrte\u010dn\u00ed kl\u00e1n\u00ed je sice dlouh\u00e9 jen 18,08, ale startuj\u00edc\u00ed na trati neodpo\u010dinou ani metr. Od startu a\u017e do c\u00edle se stoup\u00e1. Pr\u016fm\u011brn\u00fd n\u00e1klon je sedm stup\u0148\u016f, nejprud\u0161\u00ed pas\u00e1\u017e m\u00e1 sklon 12 stup\u0148\u016f a celkem startuj\u00edc\u00ed \u010dek\u00e1 p\u0159ev\u00fd\u0161en\u00ed 1335 metr\u016f. Vzhledem k sou\u010dasn\u00e9 situaci s koronavirovou pandemi\u00ed a opat\u0159en\u00edm vl\u00e1dy bude tentokr\u00e1t v pra\u017esk\u00e9m studii jedin\u00fd \u00fa\u010dastn\u00edk, kter\u00fdm bude Nikola Noskov\u00e1 (SD Worx).<\/p>\n\n\n\n<p>P\u0159ihl\u00e1\u0161eni jsou do z\u00e1vodu mu\u017e\u016f oba brat\u0159i Adam a Jakub \u0164oupal\u00edkovi (Elkov Kasper) a z jejich t\u00fdmu zas\u00e1hne do boj\u016f i Mat\u011bj Zah\u00e1lka, v\u0161ichni t\u0159i v \u0160KODA eCUP 2021 za\u017eij\u00ed svoji premi\u00e9ru. Zaj\u00edmavost\u00ed z\u00e1vodu bude jist\u011b i start trojn\u00e1sobn\u00e9ho evropsk\u00e9ho \u0161ampiona z bodova\u010dky a \u00fa\u010dastn\u00edka lo\u0148sk\u00e9ho sv\u011btov\u00e9ho \u0161ampion\u00e1tu v tomto cyklistick\u00e9m odv\u011btv\u00ed, polsk\u00e9ho jezdce ve slu\u017eb\u00e1ch t\u00fdmu TUFO PARDUS Prost\u011bjov, Wojtka Pszczolarsk\u00e9ho. Zat\u00edm nejist\u00fd je start vedouc\u00edho jezdce seri\u00e1lu Daniela Turka (Team Felbermayr &#8211; Simplon Wels), kter\u00fd absolvuje dal\u0161\u00ed ze z\u00e1vod\u016f ve st\u0159edu. P\u0159ihl\u00e1\u0161en\u00fd je, ale zda pojede i na Tourmalet se rozhodne a\u017e na posledn\u00ed chv\u00edli.<\/p>\n\n\n\n<p>Z junior\u016f bude na startu \u0160t\u011bp\u00e1n Teleck\u00fd z Favoritu Brno, ale hlavn\u011b vedouc\u00ed Maty\u00e1\u0161 Vondr\u00e1\u010dek z Rouvy Specialized Cycling Team (105 bod\u016f) a Ren\u00e9 Zoaitter z SportRaces Cycling Teamu (95), kte\u0159\u00ed se poperou o celkov\u00e9 pr\u016fb\u011b\u017en\u00e9 veden\u00ed a o p\u0159\u00edmou nominaci na republikov\u00fd \u0161ampion\u00e1t.<\/p>\n\n\n\n<p>Mezi \u017eenami nebudou chyb\u011bt dv\u011b dosud nejlep\u0161\u00ed Hanka Runtov\u00e1 (SportRaces Cycling Team) i Karla \u0160t\u011bp\u00e1nov\u00e1 (Maloja Pushbikers MTB), kter\u00e9 maj\u00ed na kont\u011b zat\u00edm shodn\u011b jedno prvenstv\u00ed a jedno druh\u00e9 m\u00edsto. Silnou dvojici Jarmila Macha\u010dov\u00e1 a Petra \u0160ev\u010d\u00edkov\u00e1 vys\u00edl\u00e1 do boje Dukla Praha, ale vzhledem k profilu trat\u011b je ale nejv\u011bt\u0161\u00ed favoritkou zcela jist\u011b Noskov\u00e1.<\/p>\n\n\n\n<p>&#8220;Op\u011bt se sch\u00e1z\u00ed velice siln\u00e1 konkurence. Kdo zrovna nez\u00e1vod\u00ed, tak mo\u017enost jet v\u00edt\u00e1. Pro ka\u017ed\u00e9ho startuj\u00edc\u00edho je to dobr\u00e1 imitace z\u00e1vodn\u00edho tempa,&#8221; zd\u016fraz\u0148uje \u010desk\u00fd reprezenta\u010dn\u00ed tren\u00e9r Tom\u00e1\u0161 Kone\u010dn\u00fd.<\/p>\n\n\n\n<p>Start z\u00e1vodu je v 18:00.<\/p>\n\n\n\n<p>Po\u0159ad\u00ed po dvou z\u00e1vodech:<\/p>\n\n\n\n<p>Mu\u017ei:<\/p>\n\n\n\n<p>1. Turek (Team Felbermayr &#8211; Simplon Wels) 60, 2. Otruba&nbsp;&nbsp;&nbsp;&nbsp;&nbsp;&nbsp;&nbsp;&nbsp;&nbsp;&nbsp;&nbsp; 60, 3. Petr Kelemen 51, 4. Neuman 45, 5. Schlegel (v\u0161ichni Elkov Kasper) 45, 6. \u0158eha (TUFO PARDUS Prost\u011bjov) 39.<\/p>\n\n\n\n<p>\u017deny:<\/p>\n\n\n\n<p>1. \u0160t\u011bp\u00e1nov\u00e1 (Maloja Pushbikers MTB) 105, 2. Runtov\u00e1 (SportRaces Cycling Team) 105, 3. Krti\u010dkov\u00e1 (HSK Cycling team) 55.<\/p>\n\n\n\n<p>FOTO Tom\u00e1\u0161 Kone\u010dn\u00fd<\/p>\n","protected":false},"excerpt":{"rendered":"<p>Nejt\u011b\u017e\u0161\u00ed z\u00e1vod seri\u00e1lu virtu\u00e1ln\u00edch cyklistick\u00fdch z\u00e1vod\u016f \u0160KODA eCUP 2021 je tu. Ve \u010dtvrtek 4. b\u0159ezna na jezdce \u010dek\u00e1 t\u0159et\u00ed d\u00edl nazvan\u00fd Tourmalet. \u0160KODA eCUP je ucelen\u00fd seri\u00e1l z\u00e1vod\u016f, kter\u00fd je v historii \u010cesk\u00e9ho svazu cyklistiky prvn\u00edm \u010cesk\u00fdm poh\u00e1rem v e-sportu a kon\u00e1 se na platform\u011b ROUVY. Seri\u00e1l bude zakon\u010den ofici\u00e1ln\u00edm mistrovstv\u00edm \u010cR v e-cyklistice 2021 [&hellip;]<\/p>\n","protected":false},"author":8,"featured_media":3635,"comment_status":"closed","ping_status":"open","sticky":false,"template":"","format":"standard","meta":{"footnotes":""},"categories":[2,65],"tags":[119],"class_list":["post-3634","post","type-post","status-publish","format-standard","has-post-thumbnail","hentry","category-novinky","category-subdisciplina","tag-csc"],"_links":{"self":[{"href":"https:\/\/www.czechcyclingfederation.com\/en\/wp-json\/wp\/v2\/posts\/3634","targetHints":{"allow":["GET"]}}],"collection":[{"href":"https:\/\/www.czechcyclingfederation.com\/en\/wp-json\/wp\/v2\/posts"}],"about":[{"href":"https:\/\/www.czechcyclingfederation.com\/en\/wp-json\/wp\/v2\/types\/post"}],"author":[{"embeddable":true,"href":"https:\/\/www.czechcyclingfederation.com\/en\/wp-json\/wp\/v2\/users\/8"}],"replies":[{"embeddable":true,"href":"https:\/\/www.czechcyclingfederation.com\/en\/wp-json\/wp\/v2\/comments?post=3634"}],"version-history":[{"count":1,"href":"https:\/\/www.czechcyclingfederation.com\/en\/wp-json\/wp\/v2\/posts\/3634\/revisions"}],"predecessor-version":[{"id":3636,"href":"https:\/\/www.czechcyclingfederation.com\/en\/wp-json\/wp\/v2\/posts\/3634\/revisions\/3636"}],"wp:featuredmedia":[{"embeddable":true,"href":"https:\/\/www.czechcyclingfederation.com\/en\/wp-json\/wp\/v2\/media\/3635"}],"wp:attachment":[{"href":"https:\/\/www.czechcyclingfederation.com\/en\/wp-json\/wp\/v2\/media?parent=3634"}],"wp:term":[{"taxonomy":"category","embeddable":true,"href":"https:\/\/www.czechcyclingfederation.com\/en\/wp-json\/wp\/v2\/categories?post=3634"},{"taxonomy":"post_tag","embeddable":true,"href":"https:\/\/www.czechcyclingfederation.com\/en\/wp-json\/wp\/v2\/tags?post=3634"}],"curies":[{"name":"wp","href":"https:\/\/api.w.org\/{rel}","templated":true}]}}