{"id":36253,"date":"2025-06-29T17:41:39","date_gmt":"2025-06-29T15:41:39","guid":{"rendered":"https:\/\/www.czechcyclingfederation.com\/?p=36253"},"modified":"2025-06-29T17:41:42","modified_gmt":"2025-06-29T15:41:42","slug":"mathias-vacek-mistrem-republiky-v-silnicnim-zavode-2","status":"publish","type":"post","link":"https:\/\/www.czechcyclingfederation.com\/en\/mathias-vacek-mistrem-republiky-v-silnicnim-zavode-2\/","title":{"rendered":"Mathias Vacek mistrem republiky v\u00a0silni\u010dn\u00edm z\u00e1vod\u011b"},"content":{"rendered":"\n<p><strong>Mathias Vacek<\/strong> (Lidl-Trek) se stal po druh\u00e9 v&nbsp;kari\u00e9\u0159e cyklistick\u00fdm mistrem republiky v&nbsp;silni\u010dn\u00edm z\u00e1vod\u011b elitn\u00ed kategorie. P\u0159i spole\u010dn\u00e9m \u0161ampion\u00e1tu \u010cR a SR v&nbsp;B\u00e1novc\u00edch nad Bebravou potvrdil roli velk\u00e9ho favorita a po triumfu v&nbsp;\u010dasovce slavil double.<\/p>\n\n\n\n<p>St\u0159\u00edbro v&nbsp;\u010desk\u00e9m \u0161ampion\u00e1tu vybojoval <strong>Maty\u00e1\u0161 Kopeck\u00fd<\/strong> (Novo Nordisk), t\u0159et\u00ed byl obh\u00e1jce titulu <strong>Tom\u00e1\u0161 P\u0159idal<\/strong> (Elkov-Kasper). Slovensk\u00fdm \u0161ampionem se stal <strong>Luk\u00e1\u0161 Kubi\u0161<\/strong> (Unibet), kter\u00fd p\u0159ijel do c\u00edle ve dvojici s&nbsp;Vackem. Na stupn\u011b v\u00edt\u011bz\u016f ho doprovodili dal\u0161\u00ed dva borci, kte\u0159\u00ed p\u016fsob\u00ed v&nbsp;zahrani\u010dn\u00edch t\u00fdmech: st\u0159\u00edbro bral <strong>Martin Svr\u010dek<\/strong> (Soudal-Quick Step), bronz v\u00edt\u011bz \u010dasovky <strong>Matthias Schwarzbacher<\/strong> (development UEA Team Emirates).<\/p>\n\n\n\n<figure class=\"wp-block-image size-large\"><img loading=\"lazy\" decoding=\"async\" width=\"1024\" height=\"683\" src=\"https:\/\/www.czechcyclingfederation.com\/wp-content\/uploads\/2025\/06\/podium-1024x683.jpg\" alt=\"\" class=\"wp-image-36256\" srcset=\"https:\/\/www.czechcyclingfederation.com\/wp-content\/uploads\/2025\/06\/podium-1024x683.jpg 1024w, https:\/\/www.czechcyclingfederation.com\/wp-content\/uploads\/2025\/06\/podium-300x200.jpg 300w, https:\/\/www.czechcyclingfederation.com\/wp-content\/uploads\/2025\/06\/podium-768x512.jpg 768w, https:\/\/www.czechcyclingfederation.com\/wp-content\/uploads\/2025\/06\/podium-1536x1024.jpg 1536w, https:\/\/www.czechcyclingfederation.com\/wp-content\/uploads\/2025\/06\/podium-2048x1366.jpg 2048w, https:\/\/www.czechcyclingfederation.com\/wp-content\/uploads\/2025\/06\/podium-1320x880.jpg 1320w\" sizes=\"auto, (max-width: 1024px) 100vw, 1024px\" \/><\/figure>\n\n\n\n<p><em>\u201eJsem moc r\u00e1d, \u017ee \u010desk\u00fd dres zase uvid\u00edme ve WorldTour na t\u011bch nejv\u011bt\u0161\u00edch sv\u011btov\u00fdch z\u00e1vodech. Budu si ho u\u017e\u00edvat. Nechal jsem na trati spoustu sil, ale st\u00e1lo to za to. V\u011b\u0159\u00edm, \u017ee budu ten dres moci uk\u00e1zat ve velk\u00e9m stylu,\u201c<\/em> \u0159ekl 23let\u00fd Vacek, kter\u00fd sv\u016fj prvn\u00ed dom\u00e1c\u00ed titul vybojoval p\u0159ed dv\u011bma lety.<\/p>\n\n\n\n<p>Pr\u00e1v\u011b Vacek byl od za\u010d\u00e1tku z\u00e1vodu velmi aktivn\u00ed a potvrdil se sc\u00e9n\u00e1\u0159, \u017ee se profesion\u00e1lov\u00e9 ze zahrani\u010d\u00edch t\u00fdm\u016f pokus\u00ed pole roztrhat co nejd\u0159\u00edve, aby eliminovali po\u010detn\u00ed p\u0159evahu nejsiln\u011bj\u0161\u00edch dom\u00e1c\u00edch st\u00e1j\u00ed Elkov-Kasper a ATT Investments. To se poda\u0159ilo, u\u017e v&nbsp;prvn\u00edm okruhu z\u016fstalo na \u010dele jen 20 lid\u00ed.<\/p>\n\n\n\n<p><em>\u201eVid\u011bl jsem, \u017ee tam jsou n\u011bkte\u0159\u00ed na limitu, tak jsem se sna\u017eil v&nbsp;kopc\u00edch jezdit trochu rychleji,\u201c<\/em> l\u00ed\u010dil Vacek. V&nbsp;p\u0159edposledn\u00edm kole po n\u00e1stupu Vacka s&nbsp;Kubi\u0161em z\u016fstalo vp\u0159edu u\u017e jen \u0161est z\u00e1vodn\u00edk\u016f, krom\u011b nich je\u0161t\u011b Kopeck\u00fd, P\u0159idal, Otruba (Caja Rural \u2013 Seguros RGA) a Slov\u00e1k Svr\u010dek (Soudal-Quick Step). Velk\u00e9 zklam\u00e1n\u00ed za\u017eil t\u00fdm ATT Investments, kter\u00fd vp\u0159edu nem\u011bl jedin\u00e9ho z\u00e1stupce.<\/p>\n\n\n\n<figure class=\"wp-block-image size-large\"><img loading=\"lazy\" decoding=\"async\" width=\"1024\" height=\"683\" src=\"https:\/\/www.czechcyclingfederation.com\/wp-content\/uploads\/2025\/06\/vacek-2-1-1024x683.jpg\" alt=\"\" class=\"wp-image-36258\" srcset=\"https:\/\/www.czechcyclingfederation.com\/wp-content\/uploads\/2025\/06\/vacek-2-1-1024x683.jpg 1024w, https:\/\/www.czechcyclingfederation.com\/wp-content\/uploads\/2025\/06\/vacek-2-1-300x200.jpg 300w, https:\/\/www.czechcyclingfederation.com\/wp-content\/uploads\/2025\/06\/vacek-2-1-768x512.jpg 768w, https:\/\/www.czechcyclingfederation.com\/wp-content\/uploads\/2025\/06\/vacek-2-1-1536x1024.jpg 1536w, https:\/\/www.czechcyclingfederation.com\/wp-content\/uploads\/2025\/06\/vacek-2-1-2048x1366.jpg 2048w, https:\/\/www.czechcyclingfederation.com\/wp-content\/uploads\/2025\/06\/vacek-2-1-1320x880.jpg 1320w\" sizes=\"auto, (max-width: 1024px) 100vw, 1024px\" \/><\/figure>\n\n\n\n<p><em>\u201eCht\u011bli jsme ud\u011blat t\u011b\u017ek\u00fd z\u00e1vod, od za\u010d\u00e1tku. Odjeli jsme v&nbsp;prvn\u00edm kole a byli tam v\u0161ichni, kte\u0159\u00ed tam b\u00fdt m\u011bli. Nakonec je vid\u011bt, \u017ee nen\u00ed tak t\u011b\u017ek\u00e9 porazit po\u010detn\u00ed p\u0159evahu. A uk\u00e1zalo se, \u017ee lidi z&nbsp;WorldTour nebo z&nbsp;pro-kontinent\u00e1ln\u00edch t\u00fdm\u016f na tom jsou prost\u011b l\u00edp,\u201c<\/em> p\u0159iznal vicemistr republiky Maty\u00e1\u0161 Kopeck\u00fd.<\/p>\n\n\n\n<p>V&nbsp;z\u00e1v\u011bre\u010dn\u00e9m okruhu op\u011bt za\u00fa\u0159adovali Vacek s&nbsp;Kubi\u0161em, kdy\u017e ve stoup\u00e1n\u00ed na Zlatn\u00edky asi 12 km p\u0159ed c\u00edlem nastoupili a nikdo se jich neudr\u017eel. \u201e<em>V posledn\u00edch dvou kolech jsme s&nbsp;Kubi\u0161em ud\u011blali z\u00e1vod. Nejd\u0159\u00edv jsme to zredukovali na \u0161est, v&nbsp;posledn\u00edm kole jsme odjeli ve dvou,\u201c<\/em> popisoval Vacek. S&nbsp;Kubi\u0161em m\u011bli ka\u017ed\u00fd jist\u00fd titul sv\u00e9 zem\u011b, tak\u017ee c\u00edlem projeli spole\u010dn\u011b.<\/p>\n\n\n\n<figure class=\"wp-block-image size-large\"><img loading=\"lazy\" decoding=\"async\" width=\"1024\" height=\"683\" src=\"https:\/\/www.czechcyclingfederation.com\/wp-content\/uploads\/2025\/06\/vacek-4-1024x683.jpg\" alt=\"\" class=\"wp-image-36260\" srcset=\"https:\/\/www.czechcyclingfederation.com\/wp-content\/uploads\/2025\/06\/vacek-4-1024x683.jpg 1024w, https:\/\/www.czechcyclingfederation.com\/wp-content\/uploads\/2025\/06\/vacek-4-300x200.jpg 300w, https:\/\/www.czechcyclingfederation.com\/wp-content\/uploads\/2025\/06\/vacek-4-768x512.jpg 768w, https:\/\/www.czechcyclingfederation.com\/wp-content\/uploads\/2025\/06\/vacek-4-1536x1024.jpg 1536w, https:\/\/www.czechcyclingfederation.com\/wp-content\/uploads\/2025\/06\/vacek-4-2048x1366.jpg 2048w, https:\/\/www.czechcyclingfederation.com\/wp-content\/uploads\/2025\/06\/vacek-4-1320x880.jpg 1320w\" sizes=\"auto, (max-width: 1024px) 100vw, 1024px\" \/><\/figure>\n\n\n\n<p><em>\u201eByl jsem bl\u00edzko\u2026 Kdyby byl ten kopec o 200 metr\u016f krat\u0161\u00ed, asi jsem se tam udr\u017eel. Ale vyhr\u00e1li ti nejsiln\u011bj\u0161\u00ed. J\u00e1 jel pak ve dvojici s&nbsp;Tom\u00e1\u0161em P\u0159idalem a jsem r\u00e1d, \u017ee jsem vybojoval druh\u00e9 m\u00edsto,\u201c <\/em>p\u0159iznal Kopeck\u00fd.<\/p>\n\n\n\n<p><strong>V\u00fdsledky M\u010cR <\/strong>(196 km)<\/p>\n\n\n\n<p>1. Vacek (Lidl-Trek) 4:15:13, 2. M. Kopeck\u00fd (Novo Nordisk) +53, 3. P\u0159idal (Elkov-Kasper) +56, 4. Otruba (Caja Rural \u2013 Seguros RGA) +1:39, 5. P. Bittner (Picnic PostNL), 6. Boro\u0161 (Elkov-Kasper) oba +1:51.<\/p>\n\n\n\n<p>Foto: Filip Bezd\u011bk<\/p>\n","protected":false},"excerpt":{"rendered":"<p>Mathias Vacek (Lidl-Trek) se stal po druh\u00e9 v&nbsp;kari\u00e9\u0159e cyklistick\u00fdm mistrem republiky v&nbsp;silni\u010dn\u00edm z\u00e1vod\u011b elitn\u00ed kategorie. P\u0159i spole\u010dn\u00e9m \u0161ampion\u00e1tu \u010cR a SR v&nbsp;B\u00e1novc\u00edch nad Bebravou potvrdil roli velk\u00e9ho favorita a po triumfu v&nbsp;\u010dasovce slavil double. St\u0159\u00edbro v&nbsp;\u010desk\u00e9m \u0161ampion\u00e1tu vybojoval Maty\u00e1\u0161 Kopeck\u00fd (Novo Nordisk), t\u0159et\u00ed byl obh\u00e1jce titulu Tom\u00e1\u0161 P\u0159idal (Elkov-Kasper). Slovensk\u00fdm \u0161ampionem se stal Luk\u00e1\u0161 Kubi\u0161 [&hellip;]<\/p>\n","protected":false},"author":15,"featured_media":36254,"comment_status":"closed","ping_status":"open","sticky":false,"template":"","format":"standard","meta":{"footnotes":""},"categories":[2,18,1],"tags":[11],"class_list":["post-36253","post","type-post","status-publish","format-standard","has-post-thumbnail","hentry","category-novinky","category-silnice","category-uncategorized-cs","tag-silnice"],"_links":{"self":[{"href":"https:\/\/www.czechcyclingfederation.com\/en\/wp-json\/wp\/v2\/posts\/36253","targetHints":{"allow":["GET"]}}],"collection":[{"href":"https:\/\/www.czechcyclingfederation.com\/en\/wp-json\/wp\/v2\/posts"}],"about":[{"href":"https:\/\/www.czechcyclingfederation.com\/en\/wp-json\/wp\/v2\/types\/post"}],"author":[{"embeddable":true,"href":"https:\/\/www.czechcyclingfederation.com\/en\/wp-json\/wp\/v2\/users\/15"}],"replies":[{"embeddable":true,"href":"https:\/\/www.czechcyclingfederation.com\/en\/wp-json\/wp\/v2\/comments?post=36253"}],"version-history":[{"count":2,"href":"https:\/\/www.czechcyclingfederation.com\/en\/wp-json\/wp\/v2\/posts\/36253\/revisions"}],"predecessor-version":[{"id":36263,"href":"https:\/\/www.czechcyclingfederation.com\/en\/wp-json\/wp\/v2\/posts\/36253\/revisions\/36263"}],"wp:featuredmedia":[{"embeddable":true,"href":"https:\/\/www.czechcyclingfederation.com\/en\/wp-json\/wp\/v2\/media\/36254"}],"wp:attachment":[{"href":"https:\/\/www.czechcyclingfederation.com\/en\/wp-json\/wp\/v2\/media?parent=36253"}],"wp:term":[{"taxonomy":"category","embeddable":true,"href":"https:\/\/www.czechcyclingfederation.com\/en\/wp-json\/wp\/v2\/categories?post=36253"},{"taxonomy":"post_tag","embeddable":true,"href":"https:\/\/www.czechcyclingfederation.com\/en\/wp-json\/wp\/v2\/tags?post=36253"}],"curies":[{"name":"wp","href":"https:\/\/api.w.org\/{rel}","templated":true}]}}