{"id":36247,"date":"2025-06-29T11:50:47","date_gmt":"2025-06-29T09:50:47","guid":{"rendered":"https:\/\/www.czechcyclingfederation.com\/?p=36247"},"modified":"2025-07-23T10:16:59","modified_gmt":"2025-07-23T08:16:59","slug":"cesti-juniori-opet-na-stupnich-vitezu-ve-svetove-serii","status":"publish","type":"post","link":"https:\/\/www.czechcyclingfederation.com\/en\/cesti-juniori-opet-na-stupnich-vitezu-ve-svetove-serii\/","title":{"rendered":"\u010ce\u0161t\u00ed junio\u0159i op\u011bt na stupn\u00edch v\u00edt\u011bz\u016f ve sv\u011btov\u00e9 s\u00e9rii!"},"content":{"rendered":"\n<p><strong>V Davosu slavila reprezentace st\u0159\u00edbro, bronz i cenn\u00e9 \u010dtvrt\u00e9 m\u00edsto.<\/strong><\/p>\n\n\n\n<p>T\u0159i \u010de\u0161t\u00ed reprezentanti op\u011bt z\u00e1\u0159ili na mezin\u00e1rodn\u00ed sc\u00e9n\u011b! Juniorsk\u00e1 sv\u011btov\u00e1 s\u00e9rie (Junior World Series), nejvy\u0161\u0161\u00ed kategorie z\u00e1vod\u016f horsk\u00fdch kol pro ml\u00e1de\u017e, m\u011bla dal\u0161\u00ed zast\u00e1vku ve \u0161v\u00fdcarsk\u00e9m&nbsp;<strong>Davosu<\/strong>&nbsp;\u2013 a \u010desk\u00fd n\u00e1rodn\u00ed t\u00fdm u toho nemohl chyb\u011bt.<\/p>\n\n\n\n<p>V siln\u00e9 mezin\u00e1rodn\u00ed konkurenci se \u010de\u0161t\u00ed junio\u0159i op\u011bt uk\u00e1zali jako siln\u00ed kandid\u00e1ti na medailov\u00e9 pozice.&nbsp;<strong>B\u00e1ra Bukovsk\u00e1 <\/strong>dojela na skv\u011bl\u00e9m&nbsp;<strong>2. m\u00edst\u011b<\/strong>,&nbsp;<strong>Kry\u0161tof Ba\u017eant<\/strong>&nbsp;si vybojoval&nbsp;<strong>3. m\u00edsto<\/strong>&nbsp;a&nbsp;<strong>Lucie Grohov\u00e1<\/strong>&nbsp;fini\u0161ovala t\u011bsn\u011b pod p\u00f3diem na&nbsp;<strong>4. p\u0159\u00ed\u010dce<\/strong>.<\/p>\n\n\n\n<p>Tato v\u00fdborn\u00e1 um\u00edst\u011bn\u00ed jsou nejen d\u016fle\u017eit\u00fdm ziskem&nbsp;<strong>bod\u016f do \u017eeb\u0159\u00ed\u010dku UCI Mountain Bike<\/strong>, ale z\u00e1rove\u0148 kl\u00ed\u010dovou p\u0159\u00edpravou p\u0159ed bl\u00ed\u017e\u00edc\u00edm se mistrovstv\u00edm Evropy, kter\u00e9 se uskute\u010dn\u00ed v portugalsk\u00e9m&nbsp;<strong>Melgacu<\/strong>.<\/p>\n\n\n\n<p>\u010ce\u0161t\u00ed junio\u0159i tak pokra\u010duj\u00ed v naprosto v\u00fdjime\u010dn\u00e9 sezon\u011b \u2013 ze&nbsp;<strong>\u0161esti start\u016f v z\u00e1vodech Juniorsk\u00e9 sv\u011btov\u00e9 s\u00e9rie<\/strong>&nbsp;si p\u0159ipsali u\u017e&nbsp;<strong>\u0161est p\u00f3diov\u00fdch um\u00edst\u011bn\u00ed<\/strong>, \u010d\u00edm\u017e potvrzuj\u00ed sv\u00e9 m\u00edsto mezi sv\u011btovou \u0161pi\u010dkou.<\/p>\n\n\n\n<p>Foto: Filip Bezd\u011bk<\/p>\n","protected":false},"excerpt":{"rendered":"<p>V Davosu slavila reprezentace st\u0159\u00edbro, bronz i cenn\u00e9 \u010dtvrt\u00e9 m\u00edsto. T\u0159i \u010de\u0161t\u00ed reprezentanti op\u011bt z\u00e1\u0159ili na mezin\u00e1rodn\u00ed sc\u00e9n\u011b! Juniorsk\u00e1 sv\u011btov\u00e1 s\u00e9rie (Junior World Series), nejvy\u0161\u0161\u00ed kategorie z\u00e1vod\u016f horsk\u00fdch kol pro ml\u00e1de\u017e, m\u011bla dal\u0161\u00ed zast\u00e1vku ve \u0161v\u00fdcarsk\u00e9m&nbsp;Davosu&nbsp;\u2013 a \u010desk\u00fd n\u00e1rodn\u00ed t\u00fdm u toho nemohl chyb\u011bt. V siln\u00e9 mezin\u00e1rodn\u00ed konkurenci se \u010de\u0161t\u00ed junio\u0159i op\u011bt uk\u00e1zali jako siln\u00ed [&hellip;]<\/p>\n","protected":false},"author":9,"featured_media":36274,"comment_status":"closed","ping_status":"open","sticky":false,"template":"","format":"standard","meta":{"footnotes":""},"categories":[6,2,103],"tags":[10],"class_list":["post-36247","post","type-post","status-publish","format-standard","has-post-thumbnail","hentry","category-mtb","category-novinky","category-reprezentace","tag-mtb"],"_links":{"self":[{"href":"https:\/\/www.czechcyclingfederation.com\/en\/wp-json\/wp\/v2\/posts\/36247","targetHints":{"allow":["GET"]}}],"collection":[{"href":"https:\/\/www.czechcyclingfederation.com\/en\/wp-json\/wp\/v2\/posts"}],"about":[{"href":"https:\/\/www.czechcyclingfederation.com\/en\/wp-json\/wp\/v2\/types\/post"}],"author":[{"embeddable":true,"href":"https:\/\/www.czechcyclingfederation.com\/en\/wp-json\/wp\/v2\/users\/9"}],"replies":[{"embeddable":true,"href":"https:\/\/www.czechcyclingfederation.com\/en\/wp-json\/wp\/v2\/comments?post=36247"}],"version-history":[{"count":2,"href":"https:\/\/www.czechcyclingfederation.com\/en\/wp-json\/wp\/v2\/posts\/36247\/revisions"}],"predecessor-version":[{"id":36276,"href":"https:\/\/www.czechcyclingfederation.com\/en\/wp-json\/wp\/v2\/posts\/36247\/revisions\/36276"}],"wp:featuredmedia":[{"embeddable":true,"href":"https:\/\/www.czechcyclingfederation.com\/en\/wp-json\/wp\/v2\/media\/36274"}],"wp:attachment":[{"href":"https:\/\/www.czechcyclingfederation.com\/en\/wp-json\/wp\/v2\/media?parent=36247"}],"wp:term":[{"taxonomy":"category","embeddable":true,"href":"https:\/\/www.czechcyclingfederation.com\/en\/wp-json\/wp\/v2\/categories?post=36247"},{"taxonomy":"post_tag","embeddable":true,"href":"https:\/\/www.czechcyclingfederation.com\/en\/wp-json\/wp\/v2\/tags?post=36247"}],"curies":[{"name":"wp","href":"https:\/\/api.w.org\/{rel}","templated":true}]}}