{"id":36162,"date":"2025-06-23T17:31:59","date_gmt":"2025-06-23T15:31:59","guid":{"rendered":"https:\/\/www.czechcyclingfederation.com\/?p=36162"},"modified":"2025-06-23T17:32:01","modified_gmt":"2025-06-23T15:32:01","slug":"czeczinkarova-odchod-z-terenu-na-silnici-do-polskeho-tymu","status":"publish","type":"post","link":"https:\/\/www.czechcyclingfederation.com\/en\/czeczinkarova-odchod-z-terenu-na-silnici-do-polskeho-tymu\/","title":{"rendered":"Czeczinkarov\u00e1: odchod z\u00a0ter\u00e9nu na silnici do polsk\u00e9ho t\u00fdmu"},"content":{"rendered":"\n<p><strong>Jana Czeczinkarov\u00e1 <\/strong>m\u011bn\u00ed discipl\u00ednu. Po dlouh\u00fdch letech, kdy b\u00fdvaly jej\u00ed dom\u00e9nou horsk\u00e1 kola a cyklokros, bude hledat nov\u00e9 v\u00fdzvy na silnici. Stala se \u010dlenkou polsk\u00e9ho t\u00fdmu BH Women Tiger.<\/p>\n\n\n\n<p>Na za\u010d\u00e1tku leto\u0161n\u00ed sezony to vypadalo, \u017ee v\u0161echno z\u016fstane p\u0159i star\u00e9m. Jana se p\u0159idala k t\u00fdmu specializovan\u00e9mu na MTB. Jen\u017ee z\u00e1hy se uk\u00e1zalo, \u017ee z\u00e1zem\u00ed i ambice maj\u00ed sv\u00e9 limity. V tu chv\u00edli p\u0159i\u0161la mo\u017enost spojit se s \u010deskou distribuc\u00ed zna\u010dky BH \u2013 a d\u00edky tomu se objevila \u0161ance, kter\u00e1 zm\u011bnila sm\u011br jej\u00ed sezony. <em>\u201eChytla jsem se p\u0159\u00edle\u017eitosti p\u0159estoupit do silni\u010dn\u00edho t\u00fdmu BH Women Tiger, kde tou dobou sh\u00e1n\u011bli posledn\u00ed z\u00e1vodnici do party.\u201c<\/em><\/p>\n\n\n\n<p>Byl to krok do nezn\u00e1ma. Ale jak sama p\u0159izn\u00e1v\u00e1, byl to krok, kter\u00fd p\u0159i\u0161el v prav\u00fd \u010das. Za sebou m\u011bla dv\u011b t\u011b\u017ek\u00e9 sezony. Zdravotn\u00ed komplikace, kter\u00e9 se objevily rok p\u0159ed olympijskou sezonou. T\u00fdm Berria Factory, kde se j\u00ed za\u010dalo kone\u010dn\u011b da\u0159it, ozn\u00e1mil sv\u016fj konec. A pak p\u0159i\u0161lo dlouh\u00e9 obdob\u00ed hled\u00e1n\u00ed. Bez struktury, bez podpory.<\/p>\n\n\n\n<p><em>\u201eOd t\u00e9 doby jsem nebyla schopn\u00e1 sehnat t\u00fdmov\u00e9 z\u00e1zem\u00ed, kter\u00e9 by mi umo\u017enilo n\u00e1sledovat t\u00fdmov\u00fd z\u00e1vodn\u00ed program a profesn\u011b se rozv\u00edjet. A to byl d\u016fvod, pro\u010d jsem se t\u00e9 p\u0159\u00edle\u017eitosti chytila,\u201c<\/em> \u0159\u00edk\u00e1 s up\u0159\u00edmnost\u00ed.<\/p>\n\n\n\n<figure class=\"wp-block-image size-full is-resized\"><img loading=\"lazy\" decoding=\"async\" width=\"640\" height=\"539\" src=\"http:\/\/www.czechcyclingfederation.com\/wp-content\/uploads\/2025\/06\/czeczi-1.jpg\" alt=\"\" class=\"wp-image-36164\" style=\"width:840px;height:auto\" srcset=\"https:\/\/www.czechcyclingfederation.com\/wp-content\/uploads\/2025\/06\/czeczi-1.jpg 640w, https:\/\/www.czechcyclingfederation.com\/wp-content\/uploads\/2025\/06\/czeczi-1-237x200.jpg 237w\" sizes=\"auto, (max-width: 640px) 100vw, 640px\" \/><\/figure>\n\n\n\n<p>BH Women Tiger ale od za\u010d\u00e1tku nevn\u00edmal Janu jen jako n\u00e1plast nebo rychl\u00e9 \u0159e\u0161en\u00ed. Naopak \u2013 t\u00fdm s n\u00ed po\u010d\u00edt\u00e1 dlouhodob\u011b. <em>\u201eBude to ur\u010dit\u011b cht\u00edt proj\u00edt si ur\u010dit\u00fdm procesem adaptace, zjistit, v \u010dem jsem siln\u00e1 a tro\u0161ku se vyprofilovat. S t\u00edm t\u00fdm po\u010d\u00edt\u00e1 a je p\u0159ipraven m\u011b na t\u00e9to cest\u011b podpo\u0159it a vychovat ze m\u011b dobr\u00e9ho z\u00e1vodn\u00edka.\u201c<\/em><\/p>\n\n\n\n<p>Prvn\u00ed v\u00e1\u017en\u00e1 prov\u011brka p\u0159i\u0161la rychle \u2013 etapov\u00fd z\u00e1vod v Rakousku. Jana netu\u0161ila, co \u010dekat. <em>\u201eByla to \u00fa\u017easn\u00e1 zku\u0161enost a uk\u00e1zalo mi to, \u017ee takov\u00fd typ z\u00e1vod\u011bn\u00ed m\u011b bude ur\u010dit\u011b bavit,\u201c<\/em> popisuje.<\/p>\n\n\n\n<p>Ve druh\u00e9 etap\u011b se probojovala do \u00faniku, a to navzdory technick\u00fdm probl\u00e9m\u016fm. V konkurenci 120 z\u00e1vodnic dojela na 28. m\u00edst\u011b. <em>\u201ePoda\u0159ilo se mi uk\u00e1zat t\u00fdmu, \u017ee jsem siln\u00e1 a dok\u00e1\u017eu pracovat v p\u0159edn\u00edch pozic\u00edch z\u00e1vodn\u00edho pole. A po dlouh\u00e9 dob\u011b jsem si zaz\u00e1vodila s \u010distou hlavou.\u201c<\/em><\/p>\n\n\n\n<p>Jejich spole\u010dn\u00fd pl\u00e1n zahrnuje silni\u010dn\u00ed jednor\u00e1zovky, etapov\u00e9 z\u00e1vody i n\u00e1vrat k cyklokrosu. A i kdy\u017e hlavn\u00ed pozornost m\u00ed\u0159\u00ed aktu\u00e1ln\u011b na silnici, biky z\u016fst\u00e1vaj\u00ed v z\u00e1loze. <em>\u201eUr\u010dit\u011b m\u00e1m v pl\u00e1nu si na n\u011bjak\u00e9 z\u00e1vody s horsk\u00fdm kolem odsko\u010dit,\u201c<\/em> usm\u00edv\u00e1 se.<\/p>\n","protected":false},"excerpt":{"rendered":"<p>Jana Czeczinkarov\u00e1 m\u011bn\u00ed discipl\u00ednu. Po dlouh\u00fdch letech, kdy b\u00fdvaly jej\u00ed dom\u00e9nou horsk\u00e1 kola a cyklokros, bude hledat nov\u00e9 v\u00fdzvy na silnici. Stala se \u010dlenkou polsk\u00e9ho t\u00fdmu BH Women Tiger. Na za\u010d\u00e1tku leto\u0161n\u00ed sezony to vypadalo, \u017ee v\u0161echno z\u016fstane p\u0159i star\u00e9m. Jana se p\u0159idala k t\u00fdmu specializovan\u00e9mu na MTB. Jen\u017ee z\u00e1hy se uk\u00e1zalo, \u017ee z\u00e1zem\u00ed i [&hellip;]<\/p>\n","protected":false},"author":30,"featured_media":36168,"comment_status":"closed","ping_status":"open","sticky":false,"template":"","format":"standard","meta":{"footnotes":""},"categories":[2,18],"tags":[11],"class_list":["post-36162","post","type-post","status-publish","format-standard","has-post-thumbnail","hentry","category-novinky","category-silnice","tag-silnice"],"_links":{"self":[{"href":"https:\/\/www.czechcyclingfederation.com\/en\/wp-json\/wp\/v2\/posts\/36162","targetHints":{"allow":["GET"]}}],"collection":[{"href":"https:\/\/www.czechcyclingfederation.com\/en\/wp-json\/wp\/v2\/posts"}],"about":[{"href":"https:\/\/www.czechcyclingfederation.com\/en\/wp-json\/wp\/v2\/types\/post"}],"author":[{"embeddable":true,"href":"https:\/\/www.czechcyclingfederation.com\/en\/wp-json\/wp\/v2\/users\/30"}],"replies":[{"embeddable":true,"href":"https:\/\/www.czechcyclingfederation.com\/en\/wp-json\/wp\/v2\/comments?post=36162"}],"version-history":[{"count":2,"href":"https:\/\/www.czechcyclingfederation.com\/en\/wp-json\/wp\/v2\/posts\/36162\/revisions"}],"predecessor-version":[{"id":36170,"href":"https:\/\/www.czechcyclingfederation.com\/en\/wp-json\/wp\/v2\/posts\/36162\/revisions\/36170"}],"wp:featuredmedia":[{"embeddable":true,"href":"https:\/\/www.czechcyclingfederation.com\/en\/wp-json\/wp\/v2\/media\/36168"}],"wp:attachment":[{"href":"https:\/\/www.czechcyclingfederation.com\/en\/wp-json\/wp\/v2\/media?parent=36162"}],"wp:term":[{"taxonomy":"category","embeddable":true,"href":"https:\/\/www.czechcyclingfederation.com\/en\/wp-json\/wp\/v2\/categories?post=36162"},{"taxonomy":"post_tag","embeddable":true,"href":"https:\/\/www.czechcyclingfederation.com\/en\/wp-json\/wp\/v2\/tags?post=36162"}],"curies":[{"name":"wp","href":"https:\/\/api.w.org\/{rel}","templated":true}]}}