{"id":36152,"date":"2025-06-23T07:03:55","date_gmt":"2025-06-23T05:03:55","guid":{"rendered":"https:\/\/www.czechcyclingfederation.com\/?p=36152"},"modified":"2025-06-23T12:50:28","modified_gmt":"2025-06-23T10:50:28","slug":"novak-treti-na-giro-next-gen","status":"publish","type":"post","link":"https:\/\/www.czechcyclingfederation.com\/en\/novak-treti-na-giro-next-gen\/","title":{"rendered":"Nov\u00e1k t\u0159et\u00ed na Giro Next Gen!"},"content":{"rendered":"\n<p>Po lo\u0148sk\u00e9m p\u00e1t\u00e9m m\u00edst\u011b si cyklista <strong>Pavel Nov\u00e1k<\/strong> splnil sen a v&nbsp;presti\u017en\u00edm etapov\u00e9m z\u00e1vod\u011b Giro next Gen, co\u017e je Giro d\u00b4Italia nad\u011bj\u00ed, se letos dostal na p\u00f3dium, kdy\u017e obsadil t\u0159et\u00ed p\u0159\u00ed\u010dku.<\/p>\n\n\n\n<p>Po triumfu v&nbsp;sobotn\u00ed kr\u00e1lovsk\u00e9 etap\u011b dok\u00e1zal jezdec italsk\u00e9 st\u00e1je MBH BANK Colpack Ballan Csb skon\u010dit na p\u00f3diu i v&nbsp;z\u00e1v\u011bre\u010dn\u00e9m ned\u011bln\u00edm d\u011bjstv\u00ed v&nbsp;okol\u00ed Pinerola, ale na posun v&nbsp;po\u0159ad\u00ed v\u00fd\u0161 to u\u017e nesta\u010dilo, proto\u017ee jeho nejv\u011bt\u0161\u00ed rivalov\u00e9 neztratili. Ov\u0161em dres l\u00eddra se m\u011bnil, Australan Tuckwell veden\u00ed neudr\u017eel a celkov\u00fdm v\u00edt\u011bzem se stal Slovinec Omrzel z&nbsp;development t\u00fdmu <strong>Bahrain Victorious.<\/strong><\/p>\n\n\n\n<p><em>\u201eBylo \u00fa\u017easn\u00e9 st\u00e1t na stupn\u00edch v\u00edt\u011bz\u016f. Jsou tam obrovsk\u00e9 emoce, v\u017edy\u0165 p\u0159ed mnou se na p\u00f3dium v\u00a0tomto z\u00e1vod\u011b dostal jen jeden jin\u00fd \u010cech. P\u0159edev\u0161\u00edm chci pod\u011bkovat t\u00fdmu, kter\u00fd mi v mnoha p\u0159\u00edle\u017eitostech pomohl: bez nich bych tu nebyl,\u201c<\/em> \u0159ekl Pavel Nov\u00e1k, kter\u00fd si v\u00fdkony na z\u00e1vod\u011b ur\u010dit\u011b \u0159ekl o lukrativn\u011bj\u0161\u00ed anga\u017em\u00e1, proto\u017ee Giro nad\u011bj\u00ed sleduj\u00ed absolutn\u011b v\u0161ichni mana\u017ee\u0159i i \u0161\u00e9fov\u00e9 elitn\u00edch t\u00fdm\u016f.<\/p>\n\n\n\n<p>Dal\u0161\u00edm z\u00e1vodem pro Pavla Nov\u00e1ka bude mistrovstv\u00ed republiky v&nbsp;B\u00e1novc\u00edch nad Bebravou. Pojede \u010dasovku, v&nbsp;sobotu z\u00e1vod kategorie U23 a v&nbsp;ned\u011bli s&nbsp;elitou.<\/p>\n\n\n\n<p>Foto: Giro Next Gen<\/p>\n","protected":false},"excerpt":{"rendered":"<p>Po lo\u0148sk\u00e9m p\u00e1t\u00e9m m\u00edst\u011b si cyklista Pavel Nov\u00e1k splnil sen a v&nbsp;presti\u017en\u00edm etapov\u00e9m z\u00e1vod\u011b Giro next Gen, co\u017e je Giro d\u00b4Italia nad\u011bj\u00ed, se letos dostal na p\u00f3dium, kdy\u017e obsadil t\u0159et\u00ed p\u0159\u00ed\u010dku. Po triumfu v&nbsp;sobotn\u00ed kr\u00e1lovsk\u00e9 etap\u011b dok\u00e1zal jezdec italsk\u00e9 st\u00e1je MBH BANK Colpack Ballan Csb skon\u010dit na p\u00f3diu i v&nbsp;z\u00e1v\u011bre\u010dn\u00e9m ned\u011bln\u00edm d\u011bjstv\u00ed v&nbsp;okol\u00ed Pinerola, ale [&hellip;]<\/p>\n","protected":false},"author":15,"featured_media":36156,"comment_status":"closed","ping_status":"open","sticky":false,"template":"","format":"standard","meta":{"footnotes":""},"categories":[2,18],"tags":[11],"class_list":["post-36152","post","type-post","status-publish","format-standard","has-post-thumbnail","hentry","category-novinky","category-silnice","tag-silnice"],"_links":{"self":[{"href":"https:\/\/www.czechcyclingfederation.com\/en\/wp-json\/wp\/v2\/posts\/36152","targetHints":{"allow":["GET"]}}],"collection":[{"href":"https:\/\/www.czechcyclingfederation.com\/en\/wp-json\/wp\/v2\/posts"}],"about":[{"href":"https:\/\/www.czechcyclingfederation.com\/en\/wp-json\/wp\/v2\/types\/post"}],"author":[{"embeddable":true,"href":"https:\/\/www.czechcyclingfederation.com\/en\/wp-json\/wp\/v2\/users\/15"}],"replies":[{"embeddable":true,"href":"https:\/\/www.czechcyclingfederation.com\/en\/wp-json\/wp\/v2\/comments?post=36152"}],"version-history":[{"count":2,"href":"https:\/\/www.czechcyclingfederation.com\/en\/wp-json\/wp\/v2\/posts\/36152\/revisions"}],"predecessor-version":[{"id":36159,"href":"https:\/\/www.czechcyclingfederation.com\/en\/wp-json\/wp\/v2\/posts\/36152\/revisions\/36159"}],"wp:featuredmedia":[{"embeddable":true,"href":"https:\/\/www.czechcyclingfederation.com\/en\/wp-json\/wp\/v2\/media\/36156"}],"wp:attachment":[{"href":"https:\/\/www.czechcyclingfederation.com\/en\/wp-json\/wp\/v2\/media?parent=36152"}],"wp:term":[{"taxonomy":"category","embeddable":true,"href":"https:\/\/www.czechcyclingfederation.com\/en\/wp-json\/wp\/v2\/categories?post=36152"},{"taxonomy":"post_tag","embeddable":true,"href":"https:\/\/www.czechcyclingfederation.com\/en\/wp-json\/wp\/v2\/tags?post=36152"}],"curies":[{"name":"wp","href":"https:\/\/api.w.org\/{rel}","templated":true}]}}