{"id":36141,"date":"2025-06-22T19:51:37","date_gmt":"2025-06-22T17:51:37","guid":{"rendered":"https:\/\/www.czechcyclingfederation.com\/?p=36141"},"modified":"2025-06-23T06:37:53","modified_gmt":"2025-06-23T04:37:53","slug":"cink-15-v-dalsim-dile-svetoveho-poharu-ve-val-di-sole","status":"publish","type":"post","link":"https:\/\/www.czechcyclingfederation.com\/en\/cink-15-v-dalsim-dile-svetoveho-poharu-ve-val-di-sole\/","title":{"rendered":"Cink 15. v dal\u0161\u00edm d\u00edle Sv\u011btov\u00e9ho poh\u00e1ru ve Val di Sole"},"content":{"rendered":"\n<p><strong>Italsk\u00e9 st\u0159edisko Val di Sole hostilo p\u00e1t\u00fd podnik leto\u0161n\u00edho Sv\u011btov\u00e9ho poh\u00e1ru horsk\u00fdch kol, kter\u00fd tradi\u010dn\u011b p\u0159il\u00e1kal sv\u011btovou elitu v\u010detn\u011b \u010desk\u00fdch reprezentant\u016f. Na technicky n\u00e1ro\u010dn\u00e9 a fyzicky n\u00e1ro\u010dn\u00e9 trati byly k vid\u011bn\u00ed dramatick\u00e9 souboje.<\/strong><\/p>\n\n\n\n<p>V kategorii <strong>\u017een do 23 let<\/strong> se z v\u00edt\u011bzstv\u00ed radovala dom\u00e1c\u00ed z\u00e1vodnice Valentina Corvi. \u010ceskou stopu zde nejv\u00fdrazn\u011bji zanechala <strong>Eli\u0161ka Han\u00e1kov\u00e1<\/strong>, kter\u00e1 si dojela pro 25. m\u00edsto. Mezi <strong>mu\u017ei do 23 let<\/strong> zv\u00edt\u011bzil Rens Teunissen van Manen z Nizozemska. Z \u010desk\u00fdch jezdc\u016f si nejl\u00e9pe vedl <strong>Ond\u0159ej Novotn\u00fd<\/strong>, kter\u00fd dojel na 47. m\u00edst\u011b.<\/p>\n\n\n\n<figure class=\"wp-block-image size-large\"><img loading=\"lazy\" decoding=\"async\" width=\"1024\" height=\"683\" src=\"https:\/\/www.czechcyclingfederation.com\/wp-content\/uploads\/2025\/06\/repre-biky-1024x683.jpg\" alt=\"\" class=\"wp-image-36149\" srcset=\"https:\/\/www.czechcyclingfederation.com\/wp-content\/uploads\/2025\/06\/repre-biky-1024x683.jpg 1024w, https:\/\/www.czechcyclingfederation.com\/wp-content\/uploads\/2025\/06\/repre-biky-300x200.jpg 300w, https:\/\/www.czechcyclingfederation.com\/wp-content\/uploads\/2025\/06\/repre-biky-768x512.jpg 768w, https:\/\/www.czechcyclingfederation.com\/wp-content\/uploads\/2025\/06\/repre-biky-1536x1024.jpg 1536w, https:\/\/www.czechcyclingfederation.com\/wp-content\/uploads\/2025\/06\/repre-biky-2048x1365.jpg 2048w, https:\/\/www.czechcyclingfederation.com\/wp-content\/uploads\/2025\/06\/repre-biky-1320x880.jpg 1320w\" sizes=\"auto, (max-width: 1024px) 100vw, 1024px\" \/><\/figure>\n\n\n\n<p>V hlavn\u00ed mu\u017esk\u00e9 kategorii <strong>Elite<\/strong> p\u0159edvedl skv\u011blou formu chilsk\u00fd z\u00e1vodn\u00edk Martin Vidaurre Kossmann. Z \u010desk\u00fdch jezdc\u016f si nejl\u00e9pe vedl <strong>Ond\u0159ej Cink<\/strong>, kter\u00fd obsadil velmi solidn\u00ed 15. m\u00edsto a znovu potvrdil sv\u00e9 m\u00edsto mezi sv\u011btovou \u0161pi\u010dkou. Jan S\u00e1ska dokon\u010dil z\u00e1vod na 56. p\u0159\u00ed\u010dce.<\/p>\n\n\n\n<p>Tak\u00e9 z\u00e1vod <strong>\u017een Elite<\/strong> nab\u00eddl nap\u00ednav\u00e9 momenty. V\u00edt\u011bzstv\u00ed si p\u0159ipsala Puck Pieterse z Nizozemska. Z \u010desk\u00fdch z\u00e1vodnic do c\u00edle dojela <strong>Ad\u00e9la Holubov\u00e1<\/strong>, kter\u00e1 se se silnou konkurenc\u00ed poprala state\u010dn\u011b a z\u00e1vod dokon\u010dila na 43. pozici.<\/p>\n\n\n\n<figure class=\"wp-block-image size-large\"><img loading=\"lazy\" decoding=\"async\" width=\"1024\" height=\"683\" src=\"https:\/\/www.czechcyclingfederation.com\/wp-content\/uploads\/2025\/06\/zatloukal-1024x683.jpg\" alt=\"\" class=\"wp-image-36146\" srcset=\"https:\/\/www.czechcyclingfederation.com\/wp-content\/uploads\/2025\/06\/zatloukal-1024x683.jpg 1024w, https:\/\/www.czechcyclingfederation.com\/wp-content\/uploads\/2025\/06\/zatloukal-300x200.jpg 300w, https:\/\/www.czechcyclingfederation.com\/wp-content\/uploads\/2025\/06\/zatloukal-768x512.jpg 768w, https:\/\/www.czechcyclingfederation.com\/wp-content\/uploads\/2025\/06\/zatloukal-1536x1024.jpg 1536w, https:\/\/www.czechcyclingfederation.com\/wp-content\/uploads\/2025\/06\/zatloukal-2048x1366.jpg 2048w, https:\/\/www.czechcyclingfederation.com\/wp-content\/uploads\/2025\/06\/zatloukal-1320x880.jpg 1320w\" sizes=\"auto, (max-width: 1024px) 100vw, 1024px\" \/><\/figure>\n\n\n\n<p><em>\u201eDnes to pro n\u00e1s nebyl p\u0159\u00edli\u0161 vyda\u0159en\u00fd z\u00e1vod \u2013 \u0161patn\u011b jsme odstartovali t\u00e9m\u011b\u0159 ve v\u0161ech kategori\u00edch a n\u00e1sledn\u00e9 st\u00edhac\u00ed j\u00edzdy sta\u010dily jen na sp\u00ed\u0161e pr\u016fm\u011brn\u00e1 um\u00edst\u011bn\u00ed. Nicm\u00e9n\u011b 15. p\u0159\u00ed\u010dka Ond\u0159eje je velmi dobr\u00e1 a sv\u011bd\u010d\u00ed o form\u011b, kterou Ond\u0159ej aktu\u00e1ln\u011b m\u00e1. Starosti n\u00e1m d\u011bl\u00e1 Honza Zatloukal, kter\u00fd je po nep\u0159\u00edjemn\u00e9m p\u00e1du v nemocnici v p\u00e9\u010di l\u00e9ka\u0159\u016f,\u201c<\/em> okomentoval vystoupen\u00ed \u010desk\u00fdch reprezentant\u016f Viktor Zapletal.&nbsp;<\/p>\n\n\n\n<p><strong>V\u00fdsledky:<\/strong><\/p>\n\n\n\n<p>\u017deny U23:&nbsp;<\/p>\n\n\n\n<p>1. Valentina Corvi (It., Canyon Cllctv) 1:05:59, 2. Fiona Schiebler (\u0160v\u00fdc., Biketeam Solothurn) +0:30, 3. Sara Cortinovis (It., Ghost Factory) +0:52,\u2026 <strong>25. Eli\u0161ka Han\u00e1kov\u00e1 (Han\u00e1k Sisters) +6:58, 39. Simona Sp\u011b\u0161n\u00e1 (Massi) +9:57, 48. Kate\u0159ina Beyerov\u00e1 (Rouvy) -1 kolo.<\/strong><\/p>\n\n\n\n<p>Mu\u017ei U23:<\/p>\n\n\n\n<p>1. Rens Teunissen van Manen (Niz., KMC Ridley) 1:18:53, 2. Finn Treudler (\u0160v\u00fdc., Cube Factory) +0:34, 3. Benjamin Kr\u00fcger (N\u011bm.) +0:51,\u2026 <strong>47. Ond\u0159ej Novotn\u00fd +7:29, 60. Patrik \u010cern\u00fd (Express CZ BMD Team Kol\u00edn) -1 kolo.&nbsp;<\/strong><\/p>\n\n\n\n<p>Mu\u017ei Elite:&nbsp;<\/p>\n\n\n\n<p>1. Martin Vidaurre Kossmann (CHI, Specialized Factory) 1:27:42, 2. Mathis Azzaro (Fr., Origine Racing) +0:23, 3. Fabio P\u00fcntener (\u0160v\u00fdc.) +0:39,\u2026 <strong>15. Ond\u0159ej Cink (Cube Factory) +2:05, 56. Jan S\u00e1ska (Subterra Santa Cruz) +8:40.<\/strong><\/p>\n\n\n\n<p>\u017deny Elite:<\/p>\n\n\n\n<p>1. Puck Pieterse (Niz., Fenix Deceuninck) 1:29:08, 2. Samara Maxwell (NZL, Decathlon Ford) +0:26, 3. Laura Stigger (Rak., Specialized Factory) +0:44,\u2026 <strong>43. Ad\u00e9la Holubov\u00e1 (Rouvy) -2 kola.<\/strong><\/p>\n\n\n\n<p>Foto: Michal \u010cerven\u00fd<\/p>\n","protected":false},"excerpt":{"rendered":"<p>Italsk\u00e9 st\u0159edisko Val di Sole hostilo p\u00e1t\u00fd podnik leto\u0161n\u00edho Sv\u011btov\u00e9ho poh\u00e1ru horsk\u00fdch kol, kter\u00fd tradi\u010dn\u011b p\u0159il\u00e1kal sv\u011btovou elitu v\u010detn\u011b \u010desk\u00fdch reprezentant\u016f. Na technicky n\u00e1ro\u010dn\u00e9 a fyzicky n\u00e1ro\u010dn\u00e9 trati byly k vid\u011bn\u00ed dramatick\u00e9 souboje. V kategorii \u017een do 23 let se z v\u00edt\u011bzstv\u00ed radovala dom\u00e1c\u00ed z\u00e1vodnice Valentina Corvi. \u010ceskou stopu zde nejv\u00fdrazn\u011bji zanechala Eli\u0161ka Han\u00e1kov\u00e1, kter\u00e1 [&hellip;]<\/p>\n","protected":false},"author":9,"featured_media":36143,"comment_status":"closed","ping_status":"open","sticky":false,"template":"","format":"standard","meta":{"footnotes":""},"categories":[6,2],"tags":[10],"class_list":["post-36141","post","type-post","status-publish","format-standard","has-post-thumbnail","hentry","category-mtb","category-novinky","tag-mtb"],"_links":{"self":[{"href":"https:\/\/www.czechcyclingfederation.com\/en\/wp-json\/wp\/v2\/posts\/36141","targetHints":{"allow":["GET"]}}],"collection":[{"href":"https:\/\/www.czechcyclingfederation.com\/en\/wp-json\/wp\/v2\/posts"}],"about":[{"href":"https:\/\/www.czechcyclingfederation.com\/en\/wp-json\/wp\/v2\/types\/post"}],"author":[{"embeddable":true,"href":"https:\/\/www.czechcyclingfederation.com\/en\/wp-json\/wp\/v2\/users\/9"}],"replies":[{"embeddable":true,"href":"https:\/\/www.czechcyclingfederation.com\/en\/wp-json\/wp\/v2\/comments?post=36141"}],"version-history":[{"count":3,"href":"https:\/\/www.czechcyclingfederation.com\/en\/wp-json\/wp\/v2\/posts\/36141\/revisions"}],"predecessor-version":[{"id":36151,"href":"https:\/\/www.czechcyclingfederation.com\/en\/wp-json\/wp\/v2\/posts\/36141\/revisions\/36151"}],"wp:featuredmedia":[{"embeddable":true,"href":"https:\/\/www.czechcyclingfederation.com\/en\/wp-json\/wp\/v2\/media\/36143"}],"wp:attachment":[{"href":"https:\/\/www.czechcyclingfederation.com\/en\/wp-json\/wp\/v2\/media?parent=36141"}],"wp:term":[{"taxonomy":"category","embeddable":true,"href":"https:\/\/www.czechcyclingfederation.com\/en\/wp-json\/wp\/v2\/categories?post=36141"},{"taxonomy":"post_tag","embeddable":true,"href":"https:\/\/www.czechcyclingfederation.com\/en\/wp-json\/wp\/v2\/tags?post=36141"}],"curies":[{"name":"wp","href":"https:\/\/api.w.org\/{rel}","templated":true}]}}