{"id":36126,"date":"2025-06-24T07:04:19","date_gmt":"2025-06-24T05:04:19","guid":{"rendered":"https:\/\/www.czechcyclingfederation.com\/?p=36126"},"modified":"2025-06-24T12:25:23","modified_gmt":"2025-06-24T10:25:23","slug":"startuji-boje-o-silnicni-tituly-v-akci-bude-rada-hvezd-vcetne-vacka-a-bittnera","status":"publish","type":"post","link":"https:\/\/www.czechcyclingfederation.com\/en\/startuji-boje-o-silnicni-tituly-v-akci-bude-rada-hvezd-vcetne-vacka-a-bittnera\/","title":{"rendered":"Startuj\u00ed boje o tituly. V\u00a0akci bude \u0159ada hv\u011bzd v\u010detn\u011b Vacka a Bittnera"},"content":{"rendered":"\n<p>Plej\u00e1da \u010desk\u00fdch a slovensk\u00fdch cyklistick\u00fdch hv\u011bzd se v&nbsp;tomto t\u00fddnu p\u0159edstav\u00ed v&nbsp;B\u00e1novc\u00edch nad Bebravou, kde se od \u010dtvrtka do ned\u011ble bude bojovat p\u0159i spole\u010dn\u00e9m \u0161ampion\u00e1tu o mistrovsk\u00e9 tituly na silnici obou zem\u00ed. Ve \u010dtvrtek jsou na programu \u010dasovky, o v\u00edkendu silni\u010dn\u00ed z\u00e1vody.<\/p>\n\n\n\n<p>Fanou\u0161ci si ur\u010dit\u011b p\u0159ijdou na sv\u00e9, proto\u017ee \u00fa\u010dast krom\u011b dom\u00e1c\u00ed \u0161pi\u010dky potvrdila i \u0159ada hv\u011bzd z&nbsp;elitn\u00edch t\u00fdm\u016f WorldTour v\u010detn\u011b <strong>Mathiase Vacka<\/strong> (Lidl-Trek), <strong>Pavla Bittnera<\/strong> (Team Picnic PostNL) nebo <strong>Julie Kopeck\u00fd<\/strong> (Team SD Worx \u2013 Protime).<\/p>\n\n\n\n<figure class=\"wp-block-image size-large\"><img loading=\"lazy\" decoding=\"async\" width=\"1024\" height=\"682\" src=\"https:\/\/www.czechcyclingfederation.com\/wp-content\/uploads\/2025\/06\/vacek-casovka-1024x682.jpg\" alt=\"\" class=\"wp-image-36129\" srcset=\"https:\/\/www.czechcyclingfederation.com\/wp-content\/uploads\/2025\/06\/vacek-casovka-1024x682.jpg 1024w, https:\/\/www.czechcyclingfederation.com\/wp-content\/uploads\/2025\/06\/vacek-casovka-300x200.jpg 300w, https:\/\/www.czechcyclingfederation.com\/wp-content\/uploads\/2025\/06\/vacek-casovka-768x511.jpg 768w, https:\/\/www.czechcyclingfederation.com\/wp-content\/uploads\/2025\/06\/vacek-casovka-1536x1022.jpg 1536w, https:\/\/www.czechcyclingfederation.com\/wp-content\/uploads\/2025\/06\/vacek-casovka-2048x1363.jpg 2048w, https:\/\/www.czechcyclingfederation.com\/wp-content\/uploads\/2025\/06\/vacek-casovka-1320x879.jpg 1320w\" sizes=\"auto, (max-width: 1024px) 100vw, 1024px\" \/><\/figure>\n\n\n\n<p>\u0160ampion\u00e1t za\u010dne ve \u010dtvrtek \u010dasovkami v\u0161ech kategori\u00ed, start i c\u00edl je ve vesnici Horn\u00e9 Na\u0161tice. Tituly mezi elitou obhajuj\u00ed Vacek a Kopeck\u00fd. <em>\u201eMathias je i letos jednozna\u010dn\u00fd favorit na zlato z \u010dasovky. Chyst\u00e1 se na to, po\u010d\u00edt\u00e1 s&nbsp;ob\u011bma z\u00e1vody. Na medaili ur\u010dit\u011b m\u00e1 i Kuba Otruba, d\u00e1l je to dost otev\u0159en\u00e9,\u201c<\/em> \u0159ekl mana\u017eer \u010desk\u00e9 reprezentace <strong>Petr Kaltofen<\/strong>.<\/p>\n\n\n\n<p><em>\u201eMezi \u017eenami je velkou favoritkou Jul\u010da Kopeck\u00fd. Chyb\u011bt bude Nikola Noskov\u00e1, kter\u00e1 utrp\u011bla ot\u0159es mozku, a po zran\u011bn\u00ed je\u0161t\u011b nen\u00ed stoprocentn\u011b p\u0159ipravena,\u201c<\/em> prozradil Kaltofen.<\/p>\n\n\n\n<p>V&nbsp;sobotu a v&nbsp;ned\u011bli se uskute\u010dn\u00ed silni\u010dn\u00ed z\u00e1vody. V&nbsp;sobotu budou o tituly bojovat juniorsk\u00e9 kategorie, mu\u017ei U23 a \u017eeny, v&nbsp;ned\u011bli pak pojede sv\u016fj z\u00e1vod mu\u017esk\u00e1 elita na okruz\u00edch kolem B\u00e1novc\u016f nad Bebravou.<\/p>\n\n\n\n<figure class=\"wp-block-image size-large\"><img loading=\"lazy\" decoding=\"async\" width=\"1024\" height=\"683\" src=\"https:\/\/www.czechcyclingfederation.com\/wp-content\/uploads\/2025\/06\/MCR-sil-Jevicko-2024-zeny-juniorky_14-1024x683.jpg\" alt=\"\" class=\"wp-image-36131\" srcset=\"https:\/\/www.czechcyclingfederation.com\/wp-content\/uploads\/2025\/06\/MCR-sil-Jevicko-2024-zeny-juniorky_14-1024x683.jpg 1024w, https:\/\/www.czechcyclingfederation.com\/wp-content\/uploads\/2025\/06\/MCR-sil-Jevicko-2024-zeny-juniorky_14-300x200.jpg 300w, https:\/\/www.czechcyclingfederation.com\/wp-content\/uploads\/2025\/06\/MCR-sil-Jevicko-2024-zeny-juniorky_14-768x512.jpg 768w, https:\/\/www.czechcyclingfederation.com\/wp-content\/uploads\/2025\/06\/MCR-sil-Jevicko-2024-zeny-juniorky_14-1536x1024.jpg 1536w, https:\/\/www.czechcyclingfederation.com\/wp-content\/uploads\/2025\/06\/MCR-sil-Jevicko-2024-zeny-juniorky_14-1320x880.jpg 1320w, https:\/\/www.czechcyclingfederation.com\/wp-content\/uploads\/2025\/06\/MCR-sil-Jevicko-2024-zeny-juniorky_14.jpg 1600w\" sizes=\"auto, (max-width: 1024px) 100vw, 1024px\" \/><\/figure>\n\n\n\n<p>\u00da\u0159aduj\u00edc\u00edm \u0161ampiony jsou v&nbsp;elitn\u00edch kategori\u00edch&nbsp;<strong>Tom\u00e1\u0161 P\u0159idal <\/strong>z t\u00fdmu Elkov-Kasper a <strong>Barbora N\u011bmcov\u00e1<\/strong> (Dukla Praha).<\/p>\n\n\n\n<p><em>\u201eJeden okruh je dlouh\u00fd 28 km a p\u0159ev\u00fd\u0161en\u00ed je 382 metr\u016f. Start i c\u00edl je v B\u00e1novciach nad Bebravou na Tren\u010dianskej ceste. Pro fanou\u0161ky jsme p\u0159ipravili dv\u011b fanz\u00f3ny, kde se budou moci setkat s legendami slovensk\u00e9 a \u010desk\u00e9 cyklistiky a v ned\u011bli na n\u011b \u010dek\u00e1 i reklamn\u00ed karavana,\u201c<\/em> uvedla Janka Buchelov\u00e1, hlavn\u00ed organiz\u00e1torka z\u00e1vodu.\u00a0<\/p>\n\n\n\n<p>Tra\u0165 je profilem sp\u00ed\u0161 klasik\u00e1\u0159sk\u00e1, m\u00edrn\u011b zvln\u011bn\u00e1. <em>\u201eNen\u00ed to p\u0159\u00edli\u0161 t\u011b\u017ek\u00e9, tak\u017ee okruh m\u016f\u017ee nahr\u00e1vat taktice,\u201c<\/em> m\u00edn\u00ed Kaltofen, kter\u00fd je z\u00e1rove\u0148 sportovn\u00edm \u0159editelem st\u00e1je Elkov-Kasper. Jejich tradi\u010dn\u00edm dom\u00e1c\u00edm rivalem je pak t\u00fdm ATT Investments. Pr\u00e1v\u011b tyto dv\u011b formace budou m\u00edt v&nbsp;z\u00e1vod\u011b po\u010detn\u00ed p\u0159evahu.<\/p>\n\n\n\n<p><em>\u201eAle mysl\u00edm, \u017ee kluci, co p\u016fsob\u00ed venku, se pou\u010d\u00ed z&nbsp;lo\u0148ska a budou to cht\u00edt ud\u011blat t\u011b\u017ek\u00e9,\u201c<\/em> odhaduje Kaltofen.<\/p>\n\n\n\n<figure class=\"wp-block-image size-large\"><img loading=\"lazy\" decoding=\"async\" width=\"1024\" height=\"682\" src=\"https:\/\/www.czechcyclingfederation.com\/wp-content\/uploads\/2025\/06\/pridal-1-1024x682.jpg\" alt=\"\" class=\"wp-image-36133\" srcset=\"https:\/\/www.czechcyclingfederation.com\/wp-content\/uploads\/2025\/06\/pridal-1-1024x682.jpg 1024w, https:\/\/www.czechcyclingfederation.com\/wp-content\/uploads\/2025\/06\/pridal-1-300x200.jpg 300w, https:\/\/www.czechcyclingfederation.com\/wp-content\/uploads\/2025\/06\/pridal-1-768x511.jpg 768w, https:\/\/www.czechcyclingfederation.com\/wp-content\/uploads\/2025\/06\/pridal-1-1536x1022.jpg 1536w, https:\/\/www.czechcyclingfederation.com\/wp-content\/uploads\/2025\/06\/pridal-1-2048x1363.jpg 2048w, https:\/\/www.czechcyclingfederation.com\/wp-content\/uploads\/2025\/06\/pridal-1-1320x879.jpg 1320w\" sizes=\"auto, (max-width: 1024px) 100vw, 1024px\" \/><\/figure>\n\n\n\n<p>C\u00edlem jeho t\u00fdmu je p\u0159esto pokus o obhajobu titulu. <em>\u201eNebude to v\u016fbec snadn\u00e9, ale chceme se o to porvat. Letos m\u00e1me hodn\u011b mlad\u00fd t\u00fdm, hned osm na\u0161ich kluk\u016f mus\u00ed jet v&nbsp;sobotu podle pravidel z\u00e1vod kategorie U23, aby pak mohli startovat i v&nbsp;ned\u011bli,\u201c <\/em>prozradil mana\u017eer Elkovu a \u010desk\u00e9 reprezentace.<\/p>\n\n\n\n<p>Kde hledat nejv\u011bt\u0161\u00ed favority z&nbsp;\u0159ad profesion\u00e1l\u016f p\u016fsob\u00edc\u00edch v&nbsp;zahrani\u010dn\u00edch t\u00fdmech? <em>\u201eUr\u010dit\u011b Vacek s&nbsp;Bittnerem, Otruba, brat\u0159\u00ed Kope\u010dt\u00ed. Kdyby p\u0159ijela n\u011bjak\u00e1 skupina z&nbsp;\u00faniku, tak Maty\u00e1\u0161 Kopeck\u00fd je do z\u00e1v\u011bru hodn\u011b rychl\u00fd,\u201c<\/em> \u0159ekl na adresu favorit\u016f Kaltofen.<\/p>\n\n\n\n<p class=\"has-medium-font-size\"><strong>Program mistrovstv\u00ed republiky<\/strong><\/p>\n\n\n\n<p><strong>\u010ctvrtek 26. 6., \u010dasovky \u2013 od 9.00:<\/strong>&nbsp; juniorky (15,8 km), junio\u0159i, \u017eeny (ob\u011b kategorie 22 km), <strong>od 15.30: <\/strong>mu\u017ei U23 a mu\u017ei elite (36 km).<\/p>\n\n\n\n<p><strong>Silni\u010dn\u00ed z\u00e1vody s&nbsp;hromadn\u00fdm startem \u2013 sobota 28. 6, 9.15: <\/strong>mu\u017ei U23 (140 km), <strong>9.20: <\/strong>junio\u0159i (119 km), <strong>15.30: <\/strong>juniorky a \u017eeny (99 km). <strong>Ned\u011ble 27. 6., 11.20: <\/strong>mu\u017ei elite (196 km).<\/p>\n\n\n\n<p>Foto: Milo\u0161 Lubas a Jan Brychta<\/p>\n","protected":false},"excerpt":{"rendered":"<p>Plej\u00e1da \u010desk\u00fdch a slovensk\u00fdch cyklistick\u00fdch hv\u011bzd se v&nbsp;tomto t\u00fddnu p\u0159edstav\u00ed v&nbsp;B\u00e1novc\u00edch nad Bebravou, kde se od \u010dtvrtka do ned\u011ble bude bojovat p\u0159i spole\u010dn\u00e9m \u0161ampion\u00e1tu o mistrovsk\u00e9 tituly na silnici obou zem\u00ed. Ve \u010dtvrtek jsou na programu \u010dasovky, o v\u00edkendu silni\u010dn\u00ed z\u00e1vody. Fanou\u0161ci si ur\u010dit\u011b p\u0159ijdou na sv\u00e9, proto\u017ee \u00fa\u010dast krom\u011b dom\u00e1c\u00ed \u0161pi\u010dky potvrdila i \u0159ada [&hellip;]<\/p>\n","protected":false},"author":15,"featured_media":36172,"comment_status":"closed","ping_status":"open","sticky":false,"template":"","format":"standard","meta":{"footnotes":""},"categories":[2,18,1],"tags":[11],"class_list":["post-36126","post","type-post","status-publish","format-standard","has-post-thumbnail","hentry","category-novinky","category-silnice","category-uncategorized-cs","tag-silnice"],"_links":{"self":[{"href":"https:\/\/www.czechcyclingfederation.com\/en\/wp-json\/wp\/v2\/posts\/36126","targetHints":{"allow":["GET"]}}],"collection":[{"href":"https:\/\/www.czechcyclingfederation.com\/en\/wp-json\/wp\/v2\/posts"}],"about":[{"href":"https:\/\/www.czechcyclingfederation.com\/en\/wp-json\/wp\/v2\/types\/post"}],"author":[{"embeddable":true,"href":"https:\/\/www.czechcyclingfederation.com\/en\/wp-json\/wp\/v2\/users\/15"}],"replies":[{"embeddable":true,"href":"https:\/\/www.czechcyclingfederation.com\/en\/wp-json\/wp\/v2\/comments?post=36126"}],"version-history":[{"count":6,"href":"https:\/\/www.czechcyclingfederation.com\/en\/wp-json\/wp\/v2\/posts\/36126\/revisions"}],"predecessor-version":[{"id":36184,"href":"https:\/\/www.czechcyclingfederation.com\/en\/wp-json\/wp\/v2\/posts\/36126\/revisions\/36184"}],"wp:featuredmedia":[{"embeddable":true,"href":"https:\/\/www.czechcyclingfederation.com\/en\/wp-json\/wp\/v2\/media\/36172"}],"wp:attachment":[{"href":"https:\/\/www.czechcyclingfederation.com\/en\/wp-json\/wp\/v2\/media?parent=36126"}],"wp:term":[{"taxonomy":"category","embeddable":true,"href":"https:\/\/www.czechcyclingfederation.com\/en\/wp-json\/wp\/v2\/categories?post=36126"},{"taxonomy":"post_tag","embeddable":true,"href":"https:\/\/www.czechcyclingfederation.com\/en\/wp-json\/wp\/v2\/tags?post=36126"}],"curies":[{"name":"wp","href":"https:\/\/api.w.org\/{rel}","templated":true}]}}