{"id":36117,"date":"2025-06-22T10:15:00","date_gmt":"2025-06-22T08:15:00","guid":{"rendered":"https:\/\/www.czechcyclingfederation.com\/?p=36117"},"modified":"2025-06-22T10:15:04","modified_gmt":"2025-06-22T08:15:04","slug":"pavel-novak-vyhral-kralovskou-etapu-giro-next-gen","status":"publish","type":"post","link":"https:\/\/www.czechcyclingfederation.com\/en\/pavel-novak-vyhral-kralovskou-etapu-giro-next-gen\/","title":{"rendered":"Pavel Nov\u00e1k vyhr\u00e1l kr\u00e1lovskou etapu Giro Next Gen!"},"content":{"rendered":"\n<p>Skv\u011bl\u00fd v\u00fdsledek si p\u0159ipsal do sv\u00e9 sb\u00edrky dosavadn\u00edch \u00fasp\u011bch\u016f dvacetilet\u00fd \u010desk\u00fd reprezentant <strong>Pavel Nov\u00e1k<\/strong>. Jezdec italsk\u00e9 st\u00e1je MBH BANK Colpack Ballan Csb ovl\u00e1dl kr\u00e1lovskou etapu z\u00e1vodu Giro next Gen, co\u017e je Giro d\u00b4Italia nad\u011bj\u00ed.<\/p>\n\n\n\n<figure class=\"wp-block-image size-large\"><img loading=\"lazy\" decoding=\"async\" width=\"1024\" height=\"683\" src=\"https:\/\/www.czechcyclingfederation.com\/wp-content\/uploads\/2025\/06\/novak-3-1024x683.jpg\" alt=\"\" class=\"wp-image-36123\" srcset=\"https:\/\/www.czechcyclingfederation.com\/wp-content\/uploads\/2025\/06\/novak-3-1024x683.jpg 1024w, https:\/\/www.czechcyclingfederation.com\/wp-content\/uploads\/2025\/06\/novak-3-300x200.jpg 300w, https:\/\/www.czechcyclingfederation.com\/wp-content\/uploads\/2025\/06\/novak-3-768x512.jpg 768w, https:\/\/www.czechcyclingfederation.com\/wp-content\/uploads\/2025\/06\/novak-3-1536x1024.jpg 1536w, https:\/\/www.czechcyclingfederation.com\/wp-content\/uploads\/2025\/06\/novak-3-2048x1365.jpg 2048w, https:\/\/www.czechcyclingfederation.com\/wp-content\/uploads\/2025\/06\/novak-3-1320x880.jpg 1320w\" sizes=\"auto, (max-width: 1024px) 100vw, 1024px\" \/><\/figure>\n\n\n\n<p>Etapa kon\u010dila na vrcholu Prato Nevo v&nbsp;nadmo\u0159sk\u00e9 v\u00fd\u0161ce 1&nbsp;476 metr\u016f. Do c\u00edle v&nbsp;tomto ly\u017ea\u0159sk\u00e9m st\u0159edisku museli cyklist\u00e9 zdolat t\u011b\u017ek\u00e9 jeden\u00e1ctikilometrov\u00e9 stoup\u00e1n\u00ed. Dvacetilet\u00fd \u010desk\u00fd cyklista p\u0159ijel do c\u00edle s\u00e1m s&nbsp;n\u00e1skokem 1:24 min. na druh\u00e9ho Nora Nordhagena, kter\u00fd je \u010dlenem elitn\u00ed formace WorldTour Visma Lease a Bike.<\/p>\n\n\n\n<p>Nov\u00e1k skon\u010dil vloni na Giro Next Gen celkov\u011b p\u00e1t\u00fd a letos vyhl\u00e1sil \u00fatok na p\u00f3dium. Po sobotn\u00ed etap\u011b se posunul na pr\u016fb\u011b\u017enou t\u0159et\u00ed p\u0159\u00ed\u010dku. P\u0159ed z\u00e1v\u011bre\u010dn\u00fdm d\u011bjstv\u00edm ztr\u00e1c\u00ed na vedouc\u00edho Australana Tuckwella 27 sekund, na druh\u00e9ho Slovince Omrzela 16 sekund.<\/p>\n\n\n\n<figure class=\"wp-block-image size-large\"><img loading=\"lazy\" decoding=\"async\" width=\"1024\" height=\"683\" src=\"https:\/\/www.czechcyclingfederation.com\/wp-content\/uploads\/2025\/06\/novak-2-1024x683.jpg\" alt=\"\" class=\"wp-image-36120\" srcset=\"https:\/\/www.czechcyclingfederation.com\/wp-content\/uploads\/2025\/06\/novak-2-1024x683.jpg 1024w, https:\/\/www.czechcyclingfederation.com\/wp-content\/uploads\/2025\/06\/novak-2-300x200.jpg 300w, https:\/\/www.czechcyclingfederation.com\/wp-content\/uploads\/2025\/06\/novak-2-768x512.jpg 768w, https:\/\/www.czechcyclingfederation.com\/wp-content\/uploads\/2025\/06\/novak-2-1536x1025.jpg 1536w, https:\/\/www.czechcyclingfederation.com\/wp-content\/uploads\/2025\/06\/novak-2-1320x880.jpg 1320w, https:\/\/www.czechcyclingfederation.com\/wp-content\/uploads\/2025\/06\/novak-2.jpg 2048w\" sizes=\"auto, (max-width: 1024px) 100vw, 1024px\" \/><\/figure>\n\n\n\n<p><em>\u201eMo\u017en\u00e1 to byl nejlep\u0161\u00ed den moj\u00ed kari\u00e9ry. Na 75. kilometru jsem rozjel akci: dojel jsem \u00fanik a m\u011bli jsme n\u00e1skok, kter\u00fd u\u017e zezadu ne\u0161lo zlikvidovat. Na \u010dele jsme nakonec z\u016fstali jen ve dvou. V\u00a0kopc\u00edch jsem se c\u00edtil hodn\u011b siln\u00fd a pak jsem za\u00fato\u010dil. Musel jsem b\u00fdt v\u00a0t\u00e9 etap\u011b aktivn\u00ed, pr\u016fb\u011b\u017en\u00e9 jeden\u00e1ct\u00e9 m\u00edsto v\u00a0celkov\u00e9m po\u0159ad\u00ed mi nevyhovovalo. Te\u010f je to podstatn\u011b lep\u0161\u00ed. Uvid\u00edme, co p\u0159inese posledn\u00ed den,\u201c<\/em> \u0159ekl Pavel Nov\u00e1k.<\/p>\n\n\n\n<p><em>\u201eV\u011bd\u011bli jsme, \u017ee Pavel je ve skv\u011bl\u00e9 form\u011b a p\u0159edvedl neuv\u011b\u0159iteln\u00fd v\u00fdkon. Je to jezdec, kter\u00e9mu velmi v\u011b\u0159\u00edme a kter\u00fd se postupn\u011b vyv\u00edj\u00ed,\u201c<\/em> doplnil \u0161\u00e9f t\u00fdmu Antonio Bevilacqua. Pro italskou st\u00e1j \u0161lo o 10. v\u00edt\u011bzstv\u00ed v\u00a0sezon\u011b, Nov\u00e1k slavil letos poprv\u00e9. Na konci dubna m\u011bl bl\u00edzko k\u00a0prvenstv\u00ed na \u0160koda Cupu v\u00a0Kr\u00e1sn\u00e9 L\u00edp\u011b, ale nakonec ho udolal ve spurtu Jakub \u0164oupal\u00edk.<\/p>\n\n\n\n<p>Foto: Giro Next Gen a Filip Bezd\u011bk<\/p>\n","protected":false},"excerpt":{"rendered":"<p>Skv\u011bl\u00fd v\u00fdsledek si p\u0159ipsal do sv\u00e9 sb\u00edrky dosavadn\u00edch \u00fasp\u011bch\u016f dvacetilet\u00fd \u010desk\u00fd reprezentant Pavel Nov\u00e1k. Jezdec italsk\u00e9 st\u00e1je MBH BANK Colpack Ballan Csb ovl\u00e1dl kr\u00e1lovskou etapu z\u00e1vodu Giro next Gen, co\u017e je Giro d\u00b4Italia nad\u011bj\u00ed. Etapa kon\u010dila na vrcholu Prato Nevo v&nbsp;nadmo\u0159sk\u00e9 v\u00fd\u0161ce 1&nbsp;476 metr\u016f. Do c\u00edle v&nbsp;tomto ly\u017ea\u0159sk\u00e9m st\u0159edisku museli cyklist\u00e9 zdolat t\u011b\u017ek\u00e9 jeden\u00e1ctikilometrov\u00e9 stoup\u00e1n\u00ed. [&hellip;]<\/p>\n","protected":false},"author":15,"featured_media":36118,"comment_status":"closed","ping_status":"open","sticky":false,"template":"","format":"standard","meta":{"footnotes":""},"categories":[2,18],"tags":[11],"class_list":["post-36117","post","type-post","status-publish","format-standard","has-post-thumbnail","hentry","category-novinky","category-silnice","tag-silnice"],"_links":{"self":[{"href":"https:\/\/www.czechcyclingfederation.com\/en\/wp-json\/wp\/v2\/posts\/36117","targetHints":{"allow":["GET"]}}],"collection":[{"href":"https:\/\/www.czechcyclingfederation.com\/en\/wp-json\/wp\/v2\/posts"}],"about":[{"href":"https:\/\/www.czechcyclingfederation.com\/en\/wp-json\/wp\/v2\/types\/post"}],"author":[{"embeddable":true,"href":"https:\/\/www.czechcyclingfederation.com\/en\/wp-json\/wp\/v2\/users\/15"}],"replies":[{"embeddable":true,"href":"https:\/\/www.czechcyclingfederation.com\/en\/wp-json\/wp\/v2\/comments?post=36117"}],"version-history":[{"count":2,"href":"https:\/\/www.czechcyclingfederation.com\/en\/wp-json\/wp\/v2\/posts\/36117\/revisions"}],"predecessor-version":[{"id":36125,"href":"https:\/\/www.czechcyclingfederation.com\/en\/wp-json\/wp\/v2\/posts\/36117\/revisions\/36125"}],"wp:featuredmedia":[{"embeddable":true,"href":"https:\/\/www.czechcyclingfederation.com\/en\/wp-json\/wp\/v2\/media\/36118"}],"wp:attachment":[{"href":"https:\/\/www.czechcyclingfederation.com\/en\/wp-json\/wp\/v2\/media?parent=36117"}],"wp:term":[{"taxonomy":"category","embeddable":true,"href":"https:\/\/www.czechcyclingfederation.com\/en\/wp-json\/wp\/v2\/categories?post=36117"},{"taxonomy":"post_tag","embeddable":true,"href":"https:\/\/www.czechcyclingfederation.com\/en\/wp-json\/wp\/v2\/tags?post=36117"}],"curies":[{"name":"wp","href":"https:\/\/api.w.org\/{rel}","templated":true}]}}