{"id":361,"date":"2020-04-28T03:25:26","date_gmt":"2020-04-28T01:25:26","guid":{"rendered":"http:\/\/www.czechcyclingfederation.com\/?p=361"},"modified":"2020-07-16T13:41:33","modified_gmt":"2020-07-16T11:41:33","slug":"sp-v-novem-meste-v-kvetnu-nebude","status":"publish","type":"post","link":"https:\/\/www.czechcyclingfederation.com\/en\/sp-v-novem-meste-v-kvetnu-nebude\/","title":{"rendered":"SP v Nov\u00e9m M\u011bst\u011b v kv\u011btnu nebude"},"content":{"rendered":"\n<p>Vzhledem k sou\u010dasn\u00e9 epidemii spojen\u00e9 s nov\u00fdm koronavirem rozhodla Mezin\u00e1rodn\u00ed cyklistick\u00e1 unie (UCI), \u017ee \u010dtvrt\u00e9 kolo Sv\u011btov\u00e9ho poh\u00e1ru v horsk\u00fdch kolech Mercedes-Benz UCI 2020, kter\u00e9 se m\u011blo uskute\u010dnit v Nov\u00e9m M\u011bst\u011b na Morav\u011b ve dnech 22. a\u017e 24. kv\u011btna se v pl\u00e1novan\u00e9m term\u00ednu nepojede. P\u00e1t\u00e1 zast\u00e1vka SP ve Fort William, napl\u00e1novan\u00e1 na 6. a 7. \u010dervna, byla zru\u0161ena na \u017e\u00e1dost po\u0159adatel\u016f.<\/p>\n\n\n\n<p>S ohledem na sou\u010dasnou situaci UCI pln\u011b podporuje skute\u010dnost, \u017ee pr\u016fb\u011bh ud\u00e1lost\u00ed by potenci\u00e1ln\u011b p\u0159edstavoval zdravotn\u00ed riziko pro jezdce, pro v\u0161echny \u00fa\u010dastn\u00edky akce a pro fanou\u0161ky a mohl by p\u0159isp\u011bt k roz\u0161\u00ed\u0159en\u00ed Covid-19.<\/p>\n\n\n\n<p>Nov\u00e9 datum z\u00e1vod\u016f v Nov\u00e9m M\u011bst\u011b na Morav\u011b ozn\u00e1m\u00ed UCI po konzultaci s organiza\u010dn\u00edm v\u00fdborem jak to bude mo\u017en\u00e9.<\/p>\n","protected":false},"excerpt":{"rendered":"<p>Vzhledem k sou\u010dasn\u00e9 epidemii spojen\u00e9 s nov\u00fdm koronavirem rozhodla Mezin\u00e1rodn\u00ed cyklistick\u00e1 unie (UCI), \u017ee \u010dtvrt\u00e9 kolo Sv\u011btov\u00e9ho poh\u00e1ru v horsk\u00fdch kolech Mercedes-Benz UCI 2020, kter\u00e9 se m\u011blo uskute\u010dnit v Nov\u00e9m M\u011bst\u011b na Morav\u011b ve dnech 22. a\u017e 24. kv\u011btna se v pl\u00e1novan\u00e9m term\u00ednu nepojede. P\u00e1t\u00e1 zast\u00e1vka SP ve Fort William, napl\u00e1novan\u00e1 na 6. a 7. [&hellip;]<\/p>\n","protected":false},"author":1,"featured_media":81,"comment_status":"closed","ping_status":"open","sticky":false,"template":"","format":"standard","meta":{"footnotes":""},"categories":[2],"tags":[56],"class_list":["post-361","post","type-post","status-publish","format-standard","has-post-thumbnail","hentry","category-novinky","tag-uci"],"_links":{"self":[{"href":"https:\/\/www.czechcyclingfederation.com\/en\/wp-json\/wp\/v2\/posts\/361","targetHints":{"allow":["GET"]}}],"collection":[{"href":"https:\/\/www.czechcyclingfederation.com\/en\/wp-json\/wp\/v2\/posts"}],"about":[{"href":"https:\/\/www.czechcyclingfederation.com\/en\/wp-json\/wp\/v2\/types\/post"}],"author":[{"embeddable":true,"href":"https:\/\/www.czechcyclingfederation.com\/en\/wp-json\/wp\/v2\/users\/1"}],"replies":[{"embeddable":true,"href":"https:\/\/www.czechcyclingfederation.com\/en\/wp-json\/wp\/v2\/comments?post=361"}],"version-history":[{"count":1,"href":"https:\/\/www.czechcyclingfederation.com\/en\/wp-json\/wp\/v2\/posts\/361\/revisions"}],"predecessor-version":[{"id":362,"href":"https:\/\/www.czechcyclingfederation.com\/en\/wp-json\/wp\/v2\/posts\/361\/revisions\/362"}],"wp:featuredmedia":[{"embeddable":true,"href":"https:\/\/www.czechcyclingfederation.com\/en\/wp-json\/wp\/v2\/media\/81"}],"wp:attachment":[{"href":"https:\/\/www.czechcyclingfederation.com\/en\/wp-json\/wp\/v2\/media?parent=361"}],"wp:term":[{"taxonomy":"category","embeddable":true,"href":"https:\/\/www.czechcyclingfederation.com\/en\/wp-json\/wp\/v2\/categories?post=361"},{"taxonomy":"post_tag","embeddable":true,"href":"https:\/\/www.czechcyclingfederation.com\/en\/wp-json\/wp\/v2\/tags?post=361"}],"curies":[{"name":"wp","href":"https:\/\/api.w.org\/{rel}","templated":true}]}}