{"id":36095,"date":"2025-06-18T07:43:12","date_gmt":"2025-06-18T05:43:12","guid":{"rendered":"https:\/\/www.czechcyclingfederation.com\/?p=36095"},"modified":"2025-06-18T07:43:14","modified_gmt":"2025-06-18T05:43:14","slug":"juniori-chteji-na-nations-cupu-v-nemecku-bojovat-o-podium","status":"publish","type":"post","link":"https:\/\/www.czechcyclingfederation.com\/en\/juniori-chteji-na-nations-cupu-v-nemecku-bojovat-o-podium\/","title":{"rendered":"Junio\u0159i cht\u011bj\u00ed na Nation\u00b4s Cupu v\u00a0N\u011bmecku bojovat o p\u00f3dium"},"content":{"rendered":"\n<p>\u010cesk\u00e1 juniorsk\u00e1 reprezentace v&nbsp;silni\u010dn\u00ed cyklistice startuje od \u010dtvrtka do ned\u011ble na dal\u0161\u00edm z\u00e1vod\u011b nejvy\u0161\u0161\u00ed kategorie Nation\u00b4s Cupu, kter\u00fdm je LVM Saarland Trofeo v&nbsp;N\u011bmecku. V&nbsp;akci se p\u0159edstav\u00ed \u0161estice <strong>Mat\u011bj Pit\u00e1k, David Icha, \u0160imon Mat\u011bjek, Adam Frajbi\u0161, Ji\u0159\u00ed Rejzek, Daniel Kub\u011bna.<\/strong><\/p>\n\n\n\n<p><em>\u201eJe to z\u00e1vod, kter\u00fd v\u011bt\u0161inou rozhoduje \u010dasovka. Profily etap jsou sp\u00ed\u0161 takov\u00e9 klasik\u00e1\u0159sk\u00e9, n\u011bkde se d\u00e1 \u010dekat i spurt. Ot\u00e1zkou je, jak velk\u00e1 skupina to bude, m\u016f\u017ee slavit \u00fasp\u011bch \u00fanik nebo to p\u0159ij\u00ed\u017ed\u011bt po men\u0161\u00edch skupink\u00e1ch,\u201c<\/em> odhaduje mana\u017eer juniorsk\u00e9 reprezentace <strong>Ji\u0159\u00ed Petru\u0161.<\/strong><\/p>\n\n\n\n<figure class=\"wp-block-image size-large\"><img loading=\"lazy\" decoding=\"async\" width=\"1024\" height=\"683\" src=\"https:\/\/www.czechcyclingfederation.com\/wp-content\/uploads\/2025\/06\/petrus-jiri-1024x683.jpg\" alt=\"\" class=\"wp-image-36096\" srcset=\"https:\/\/www.czechcyclingfederation.com\/wp-content\/uploads\/2025\/06\/petrus-jiri-1024x683.jpg 1024w, https:\/\/www.czechcyclingfederation.com\/wp-content\/uploads\/2025\/06\/petrus-jiri-300x200.jpg 300w, https:\/\/www.czechcyclingfederation.com\/wp-content\/uploads\/2025\/06\/petrus-jiri-768x512.jpg 768w, https:\/\/www.czechcyclingfederation.com\/wp-content\/uploads\/2025\/06\/petrus-jiri-1536x1024.jpg 1536w, https:\/\/www.czechcyclingfederation.com\/wp-content\/uploads\/2025\/06\/petrus-jiri-2048x1365.jpg 2048w, https:\/\/www.czechcyclingfederation.com\/wp-content\/uploads\/2025\/06\/petrus-jiri-1320x880.jpg 1320w\" sizes=\"auto, (max-width: 1024px) 100vw, 1024px\" \/><\/figure>\n\n\n\n<p>Na z\u00e1vodn\u00edky \u010dekaj\u00ed \u010dty\u0159i etapy, z&nbsp;toho ta sobotn\u00ed bude m\u00edt hned dv\u011b \u010d\u00e1sti \u2013 dopoledne je \u010dasovka na 12,4 km, odpoledne pak je\u0161t\u011b etapa. <em>\u201e\u010casovka by m\u011bla sed\u011bt hlavn\u011b Kub\u011bnovi, kter\u00fd je i velmi dobr\u00fd sprinter. Budeme se sna\u017eit ho tam v&nbsp;z\u00e1v\u011brech dostat na co nejlep\u0161\u00ed pozici. Ale z&nbsp;men\u0161\u00ed skupinky um\u00ed zasprintovat i Mat\u011bj Pit\u00e1k a jsou tam i dal\u0161\u00ed zku\u0161en\u00ed kluci. V\u017edycky bude z\u00e1le\u017eet na v\u00fdvoji,\u201c<\/em> \u0159\u00edk\u00e1 Petru\u0161.<\/p>\n\n\n\n<p>V\u011b\u0159\u00ed, \u017ee se junio\u0159i kone\u010dn\u011b prosad\u00ed i na p\u00f3dium, v&nbsp;minul\u00fdch z\u00e1vodech jim k&nbsp;tomu poka\u017ed\u00e9 chyb\u011bl kousek. <em>\u201eMysl\u00edm si, \u017ee je jen ot\u00e1zkou \u010dasu, kdy to tam padne. T\u00fdm je vyrovnan\u00fd, chceme z\u00e1vodit aktivn\u011b a pokusit se o nejlep\u0161\u00ed v\u00fdsledek v&nbsp;etap\u00e1ch i celkov\u00e9m po\u0159ad\u00ed,\u201c<\/em> dod\u00e1v\u00e1 mana\u017eer k&nbsp;ambic\u00edm.<\/p>\n\n\n\n<p>Foto: Filip Bezd\u011bk<\/p>\n","protected":false},"excerpt":{"rendered":"<p>\u010cesk\u00e1 juniorsk\u00e1 reprezentace v&nbsp;silni\u010dn\u00ed cyklistice startuje od \u010dtvrtka do ned\u011ble na dal\u0161\u00edm z\u00e1vod\u011b nejvy\u0161\u0161\u00ed kategorie Nation\u00b4s Cupu, kter\u00fdm je LVM Saarland Trofeo v&nbsp;N\u011bmecku. V&nbsp;akci se p\u0159edstav\u00ed \u0161estice Mat\u011bj Pit\u00e1k, David Icha, \u0160imon Mat\u011bjek, Adam Frajbi\u0161, Ji\u0159\u00ed Rejzek, Daniel Kub\u011bna. \u201eJe to z\u00e1vod, kter\u00fd v\u011bt\u0161inou rozhoduje \u010dasovka. Profily etap jsou sp\u00ed\u0161 takov\u00e9 klasik\u00e1\u0159sk\u00e9, n\u011bkde se d\u00e1 [&hellip;]<\/p>\n","protected":false},"author":15,"featured_media":35761,"comment_status":"closed","ping_status":"open","sticky":false,"template":"","format":"standard","meta":{"footnotes":""},"categories":[2,18],"tags":[11],"class_list":["post-36095","post","type-post","status-publish","format-standard","has-post-thumbnail","hentry","category-novinky","category-silnice","tag-silnice"],"_links":{"self":[{"href":"https:\/\/www.czechcyclingfederation.com\/en\/wp-json\/wp\/v2\/posts\/36095","targetHints":{"allow":["GET"]}}],"collection":[{"href":"https:\/\/www.czechcyclingfederation.com\/en\/wp-json\/wp\/v2\/posts"}],"about":[{"href":"https:\/\/www.czechcyclingfederation.com\/en\/wp-json\/wp\/v2\/types\/post"}],"author":[{"embeddable":true,"href":"https:\/\/www.czechcyclingfederation.com\/en\/wp-json\/wp\/v2\/users\/15"}],"replies":[{"embeddable":true,"href":"https:\/\/www.czechcyclingfederation.com\/en\/wp-json\/wp\/v2\/comments?post=36095"}],"version-history":[{"count":1,"href":"https:\/\/www.czechcyclingfederation.com\/en\/wp-json\/wp\/v2\/posts\/36095\/revisions"}],"predecessor-version":[{"id":36098,"href":"https:\/\/www.czechcyclingfederation.com\/en\/wp-json\/wp\/v2\/posts\/36095\/revisions\/36098"}],"wp:featuredmedia":[{"embeddable":true,"href":"https:\/\/www.czechcyclingfederation.com\/en\/wp-json\/wp\/v2\/media\/35761"}],"wp:attachment":[{"href":"https:\/\/www.czechcyclingfederation.com\/en\/wp-json\/wp\/v2\/media?parent=36095"}],"wp:term":[{"taxonomy":"category","embeddable":true,"href":"https:\/\/www.czechcyclingfederation.com\/en\/wp-json\/wp\/v2\/categories?post=36095"},{"taxonomy":"post_tag","embeddable":true,"href":"https:\/\/www.czechcyclingfederation.com\/en\/wp-json\/wp\/v2\/tags?post=36095"}],"curies":[{"name":"wp","href":"https:\/\/api.w.org\/{rel}","templated":true}]}}