{"id":36070,"date":"2025-06-15T07:23:19","date_gmt":"2025-06-15T05:23:19","guid":{"rendered":"https:\/\/www.czechcyclingfederation.com\/?p=36070"},"modified":"2025-06-15T07:25:04","modified_gmt":"2025-06-15T05:25:04","slug":"kvasnickova-vitezkou-casovky-na-mnd-cupu","status":"publish","type":"post","link":"https:\/\/www.czechcyclingfederation.com\/en\/kvasnickova-vitezkou-casovky-na-mnd-cupu\/","title":{"rendered":"Kvasni\u010dkov\u00e1 nejlep\u0161\u00ed v \u010dasovce na MND Cupu v Mlad\u00e9 Boleslavi"},"content":{"rendered":"\n<p><strong>Eli\u0161ka Kvasni\u010dkov\u00e1<\/strong> z&nbsp;VIF Cycling Teamu ovl\u00e1dla v&nbsp;Mlad\u00e9 Boleslavi \u010dasovku \u017eensk\u00e9 elitn\u00ed kategorie, kter\u00e1 se jela jako p\u00e1t\u00fd z\u00e1vod MND Cupu \u2013 \u010cesk\u00e9ho poh\u00e1ru ml\u00e1de\u017ee a \u017een v&nbsp;silni\u010dn\u00ed cyklistice.<\/p>\n\n\n\n<p>Na dvacetikilometrov\u00e9 trati porazila o 17 vte\u0159in <strong>Barboru N\u011bmcovou<\/strong> z&nbsp;Dukly Praha, t\u0159et\u00ed byla <strong>Denisa Sl\u00e1mov\u00e1<\/strong> (Cyklotrenink). <em>\u201eVzhledem k&nbsp;tomu vedru to byla hodn\u011b t\u011b\u017ek\u00e1 \u010dasovka. Na trati jsem nechala v\u0161e a jsem r\u00e1da, \u017ee to vy\u0161lo na v\u00edt\u011bzstv\u00ed. Letos u\u017e jsem jednu \u010dasovku jela a potvrdila jsem si, \u017ee forma stoup\u00e1,\u201c <\/em>prozradila Kvasni\u010dkov\u00e1.<\/p>\n\n\n\n<p>Z\u00e1vod byl pro mnoh\u00e9 gener\u00e1lkou na mistrovskou \u010dasovku, kter\u00e1 se pojede za necel\u00e9 dva t\u00fddny na Slovensku. <em>\u201eTo je te\u010f m\u016fj nejbli\u017e\u0161\u00ed c\u00edl. Cht\u011bla bych tam zabojovat o titul,\u201c<\/em> \u0159ekla Kvasni\u010dkov\u00e1.<\/p>\n\n\n\n<p class=\"has-medium-font-size\"><strong>Za\u0148ka prvn\u00ed mezi juniory<\/strong><\/p>\n\n\n\n<p>V&nbsp;nabit\u00e9 kategorii junior\u016f slavil v&nbsp;Boleslavi prvenstv\u00ed <strong>Jakub Za\u0148ka<\/strong> z&nbsp;Dukly Praha. Za n\u00edm se v&nbsp;po\u0159ad\u00ed se\u0159adili hned t\u0159i jezdci t\u00fdmu Roman Kreuziger Cycling Academy: Kub\u011bna, Rejzek a Patras.<\/p>\n\n\n\n<figure class=\"wp-block-image size-large\"><img loading=\"lazy\" decoding=\"async\" width=\"898\" height=\"1024\" src=\"https:\/\/www.czechcyclingfederation.com\/wp-content\/uploads\/2025\/06\/juniori-898x1024.jpeg\" alt=\"\" class=\"wp-image-36074\" srcset=\"https:\/\/www.czechcyclingfederation.com\/wp-content\/uploads\/2025\/06\/juniori-898x1024.jpeg 898w, https:\/\/www.czechcyclingfederation.com\/wp-content\/uploads\/2025\/06\/juniori-175x200.jpeg 175w, https:\/\/www.czechcyclingfederation.com\/wp-content\/uploads\/2025\/06\/juniori-768x875.jpeg 768w, https:\/\/www.czechcyclingfederation.com\/wp-content\/uploads\/2025\/06\/juniori.jpeg 965w\" sizes=\"auto, (max-width: 898px) 100vw, 898px\" \/><\/figure>\n\n\n\n<p><em>\u201eJsem moc spokojen\u00fd, je to moje prvn\u00ed leto\u0161n\u00ed v\u00edt\u011bzstv\u00ed. Jelo se mi dob\u0159e, i kdy\u017e jsem to ze za\u010d\u00e1tku mo\u017en\u00e1 trochu v\u00edc nap\u00e1lil. Ke konci u\u017e mi doch\u00e1zely s\u00edly, ale sta\u010dilo to. M\u00e1m velkou radost,\u201c<\/em> uvedl v\u00edt\u011bz \u010dasovky Jakub Za\u0148ka.<\/p>\n\n\n\n<p class=\"has-medium-font-size\"><strong>P\u0159ehled v\u00fdsledk\u016f<\/strong><\/p>\n\n\n\n<p><strong>\u017deny <\/strong>(20 km): 1. Kvasni\u010dkov\u00e1 (VIF Cycling Team) 27:32, 2. N\u011bmcov\u00e1 (Dukla Praha) +17, 3. Sl\u00e1mov\u00e1 (Cyklotrenink) +28. <strong>MND Cup po 5 z\u00e1vodech: <\/strong>1. Slan\u00edkov\u00e1 (Dukla Praha) 254, 2. Kvasni\u010dkov\u00e1 238, 3. Panu\u0161ov\u00e1 (Brilon Racing Team MB) 225.<\/p>\n\n\n\n<p><strong>Junio\u0159i <\/strong>(20 km): 1. Za\u0148ka (Dukla Praha) 24:47, 2. Kub\u011bna + 5, 3. Rejzek +13, 4. Patras (v\u0161. Roman Kreuziger Cycling Academy) +23, 5. Mat\u011bjek (Dukla Praha) +27. <strong>MND Cup: <\/strong>1. Pit\u00e1k (Mapei Merida Ka\u0148kovsk\u00fd) 367, 2. Mat\u011bjek 299, 3. Stibl\u00edk (Roman Kreuziger Cycling Academy) 294.<\/p>\n\n\n\n<p><strong>Juniorky <\/strong>(10 km): 1. Andack\u00e1 (SR) 13:48, 2. A. Han\u00e1kov\u00e1 (Hanak Sisters Cycling Academy) +1, 3. \u0160picarov\u00e1 (VIF Cycling Team) +6. <strong>MND Cup: <\/strong>1. Drhov\u00e1 (Brilon Racing Team MB) 361, 2. Kysilkov\u00e1 (BB Com) 336, 3. A. Han\u00e1kov\u00e1 315.<\/p>\n\n\n\n<p><strong>Kadeti <\/strong>(10 km): 1. A. Kment 12:35, 2. \u0160. Kment (oba Brilon Racing Team MB) +10, 3. Jirou\u0161ek (Prodoli) +14. <strong>MND Cup: <\/strong>1. Be\u010dv\u00e1\u0159 (Bike puzzle team) 392.<\/p>\n\n\n\n<p><strong>Kadetky <\/strong>(10 km): 1. S\u00edtkov\u00e1 (ACK Star\u00e1 Ves nad Ond\u0159ejnic\u00ed) 15:00, 2. Rumanov\u00e1 (ACS Development) +21, 3. Rothbauerov\u00e1 (Lyko Klub Prachatice) +25. <strong>MND Cup: <\/strong>1. Rothbauerov\u00e1 365.<\/p>\n\n\n\n<p><strong>Star\u0161\u00ed \u017e\u00e1ci <\/strong>(10 km): 1. Jindr\u00e1k (Mapei Merida Ka\u0148kovsk\u00fd) 13:54. <strong>Star\u0161\u00ed \u017e\u00e1kyn\u011b <\/strong>(10 km): 1. Burs\u00edkov\u00e1 (Expres CZ-BMD Team Kol\u00edn) 14:58. <strong>Mlad\u0161\u00ed \u017e\u00e1ci <\/strong>(10 km): 1. Smr\u010dka (Cycling Academy T\u00e1bor) 15:46. <strong>Mlad\u0161\u00ed \u017e\u00e1kyn\u011b <\/strong>(10 km): 1. H\u00e1jkov\u00e1 (Favorit Brno) 16:30.<\/p>\n\n\n\n<p>Foto: Tom\u00e1\u0161 Je\u017eek<\/p>\n","protected":false},"excerpt":{"rendered":"<p>Eli\u0161ka Kvasni\u010dkov\u00e1 z&nbsp;VIF Cycling Teamu ovl\u00e1dla v&nbsp;Mlad\u00e9 Boleslavi \u010dasovku \u017eensk\u00e9 elitn\u00ed kategorie, kter\u00e1 se jela jako p\u00e1t\u00fd z\u00e1vod MND Cupu \u2013 \u010cesk\u00e9ho poh\u00e1ru ml\u00e1de\u017ee a \u017een v&nbsp;silni\u010dn\u00ed cyklistice. Na dvacetikilometrov\u00e9 trati porazila o 17 vte\u0159in Barboru N\u011bmcovou z&nbsp;Dukly Praha, t\u0159et\u00ed byla Denisa Sl\u00e1mov\u00e1 (Cyklotrenink). \u201eVzhledem k&nbsp;tomu vedru to byla hodn\u011b t\u011b\u017ek\u00e1 \u010dasovka. Na trati jsem [&hellip;]<\/p>\n","protected":false},"author":15,"featured_media":36072,"comment_status":"closed","ping_status":"open","sticky":false,"template":"","format":"standard","meta":{"footnotes":""},"categories":[2,18],"tags":[11],"class_list":["post-36070","post","type-post","status-publish","format-standard","has-post-thumbnail","hentry","category-novinky","category-silnice","tag-silnice"],"_links":{"self":[{"href":"https:\/\/www.czechcyclingfederation.com\/en\/wp-json\/wp\/v2\/posts\/36070","targetHints":{"allow":["GET"]}}],"collection":[{"href":"https:\/\/www.czechcyclingfederation.com\/en\/wp-json\/wp\/v2\/posts"}],"about":[{"href":"https:\/\/www.czechcyclingfederation.com\/en\/wp-json\/wp\/v2\/types\/post"}],"author":[{"embeddable":true,"href":"https:\/\/www.czechcyclingfederation.com\/en\/wp-json\/wp\/v2\/users\/15"}],"replies":[{"embeddable":true,"href":"https:\/\/www.czechcyclingfederation.com\/en\/wp-json\/wp\/v2\/comments?post=36070"}],"version-history":[{"count":3,"href":"https:\/\/www.czechcyclingfederation.com\/en\/wp-json\/wp\/v2\/posts\/36070\/revisions"}],"predecessor-version":[{"id":36077,"href":"https:\/\/www.czechcyclingfederation.com\/en\/wp-json\/wp\/v2\/posts\/36070\/revisions\/36077"}],"wp:featuredmedia":[{"embeddable":true,"href":"https:\/\/www.czechcyclingfederation.com\/en\/wp-json\/wp\/v2\/media\/36072"}],"wp:attachment":[{"href":"https:\/\/www.czechcyclingfederation.com\/en\/wp-json\/wp\/v2\/media?parent=36070"}],"wp:term":[{"taxonomy":"category","embeddable":true,"href":"https:\/\/www.czechcyclingfederation.com\/en\/wp-json\/wp\/v2\/categories?post=36070"},{"taxonomy":"post_tag","embeddable":true,"href":"https:\/\/www.czechcyclingfederation.com\/en\/wp-json\/wp\/v2\/tags?post=36070"}],"curies":[{"name":"wp","href":"https:\/\/api.w.org\/{rel}","templated":true}]}}