{"id":36023,"date":"2025-06-11T09:55:59","date_gmt":"2025-06-11T07:55:59","guid":{"rendered":"https:\/\/www.czechcyclingfederation.com\/?p=36023"},"modified":"2025-06-11T09:56:02","modified_gmt":"2025-06-11T07:56:02","slug":"mcr-v-krasojizde-zaku-jednotlivcu-a-dvojic","status":"publish","type":"post","link":"https:\/\/www.czechcyclingfederation.com\/en\/mcr-v-krasojizde-zaku-jednotlivcu-a-dvojic\/","title":{"rendered":"M\u010cR v\u00a0krasoj\u00edzd\u011b \u017e\u00e1k\u016f jednotlivc\u016f a dvojic"},"content":{"rendered":"\n<p>Dne 7.6.2025 uspo\u0159\u00e1dal Favorit Brno Mistrovstv\u00ed \u010cesk\u00e9 republiky v&nbsp;krasoj\u00edzd\u011b \u017e\u00e1k\u016f jednotlivc\u016f a dvojic. Po\u0159adatel se z\u00e1vod\u016f zhostil v\u00fdborn\u011b, v\u0161ichni startuj\u00edc\u00ed obdr\u017eeli \u00fa\u010dastnick\u00e9 medaile, drobn\u00e9 upom\u00ednkov\u00e9 p\u0159edm\u011bty a na stupn\u00edch v\u00edt\u011bz\u016f poh\u00e1ry.<\/p>\n\n\n\n<p>V\u011bt\u0161ina krasojezdc\u016f p\u0159edvedla sv\u00e9 nov\u00e9 osobn\u00ed rekordy, p\u0159i z\u00e1vodech bylo minimum p\u00e1d\u016f a bylo se st\u00e1le na co d\u00edvat.<\/p>\n\n\n\n<figure class=\"wp-block-image size-large\"><img loading=\"lazy\" decoding=\"async\" width=\"768\" height=\"1024\" src=\"https:\/\/www.czechcyclingfederation.com\/wp-content\/uploads\/2025\/06\/e2b7afaa-23d9-4952-8558-77e42f2fc00b-768x1024.jpeg\" alt=\"\" class=\"wp-image-36026\" srcset=\"https:\/\/www.czechcyclingfederation.com\/wp-content\/uploads\/2025\/06\/e2b7afaa-23d9-4952-8558-77e42f2fc00b-768x1024.jpeg 768w, https:\/\/www.czechcyclingfederation.com\/wp-content\/uploads\/2025\/06\/e2b7afaa-23d9-4952-8558-77e42f2fc00b-150x200.jpeg 150w, https:\/\/www.czechcyclingfederation.com\/wp-content\/uploads\/2025\/06\/e2b7afaa-23d9-4952-8558-77e42f2fc00b-1152x1536.jpeg 1152w, https:\/\/www.czechcyclingfederation.com\/wp-content\/uploads\/2025\/06\/e2b7afaa-23d9-4952-8558-77e42f2fc00b.jpeg 1200w\" sizes=\"auto, (max-width: 768px) 100vw, 768px\" \/><\/figure>\n\n\n\n<p>V\u00fdsledky MR \u017e\u00e1k\u016f : \u017e\u00e1kyn\u011b : 1\/ \u010cani Alena Pet\u0159vald 79,81, 2\/ Rozehnalov\u00e1 Eli\u0161ka Pet\u0159vald 71,55, 3\/ \u0160\u00e1chov\u00e1 Tereza Pankr\u00e1c 65,20.<\/p>\n\n\n\n<p>\u017d\u00e1ci : 1\/ Vejchoda Tobi\u00e1\u0161 Favorit Brno 73,59, 2\/ Vit\u00e1sek Jan Sokol Horn\u00ed Her\u0161pice 54,77, 3\/ N\u011bmec Anton\u00edn Pankr\u00e1c 46,61.<\/p>\n\n\n\n<p>\u017d\u00e1kyn\u011b dvojice : 1\/&nbsp;&nbsp;Pavli\u0148\u00e1kov\u00e1 Nela + Rozehnalov\u00e1 Eli\u0161ka Pet\u0159vald 39,52, 2\/ sestry Voln\u00e9 \u0158e\u010dkovice 37,27, 3\/ N\u00e1vojov\u00e1 Eli\u0161ka + Fuksov\u00e1 Nat\u00e1lie Zl\u00edn \u2013 Pr\u0161tn\u00e9 26,23.<\/p>\n\n\n\n<p>\u017d\u00e1ci dvojice offen : 1\/ sourozenci Vejchodovi Favorit Brno 40,88, 2\/ Vit\u00e1sek Jan + Glajc Martin Sokol Horn\u00ed Her\u0161pice 25,70.<\/p>\n","protected":false},"excerpt":{"rendered":"<p>Dne 7.6.2025 uspo\u0159\u00e1dal Favorit Brno Mistrovstv\u00ed \u010cesk\u00e9 republiky v&nbsp;krasoj\u00edzd\u011b \u017e\u00e1k\u016f jednotlivc\u016f a dvojic. Po\u0159adatel se z\u00e1vod\u016f zhostil v\u00fdborn\u011b, v\u0161ichni startuj\u00edc\u00ed obdr\u017eeli \u00fa\u010dastnick\u00e9 medaile, drobn\u00e9 upom\u00ednkov\u00e9 p\u0159edm\u011bty a na stupn\u00edch v\u00edt\u011bz\u016f poh\u00e1ry. V\u011bt\u0161ina krasojezdc\u016f p\u0159edvedla sv\u00e9 nov\u00e9 osobn\u00ed rekordy, p\u0159i z\u00e1vodech bylo minimum p\u00e1d\u016f a bylo se st\u00e1le na co d\u00edvat. V\u00fdsledky MR \u017e\u00e1k\u016f : \u017e\u00e1kyn\u011b [&hellip;]<\/p>\n","protected":false},"author":30,"featured_media":36024,"comment_status":"closed","ping_status":"open","sticky":false,"template":"","format":"standard","meta":{"footnotes":""},"categories":[2,60],"tags":[61],"class_list":["post-36023","post","type-post","status-publish","format-standard","has-post-thumbnail","hentry","category-novinky","category-salovka","tag-salovka"],"_links":{"self":[{"href":"https:\/\/www.czechcyclingfederation.com\/en\/wp-json\/wp\/v2\/posts\/36023","targetHints":{"allow":["GET"]}}],"collection":[{"href":"https:\/\/www.czechcyclingfederation.com\/en\/wp-json\/wp\/v2\/posts"}],"about":[{"href":"https:\/\/www.czechcyclingfederation.com\/en\/wp-json\/wp\/v2\/types\/post"}],"author":[{"embeddable":true,"href":"https:\/\/www.czechcyclingfederation.com\/en\/wp-json\/wp\/v2\/users\/30"}],"replies":[{"embeddable":true,"href":"https:\/\/www.czechcyclingfederation.com\/en\/wp-json\/wp\/v2\/comments?post=36023"}],"version-history":[{"count":1,"href":"https:\/\/www.czechcyclingfederation.com\/en\/wp-json\/wp\/v2\/posts\/36023\/revisions"}],"predecessor-version":[{"id":36028,"href":"https:\/\/www.czechcyclingfederation.com\/en\/wp-json\/wp\/v2\/posts\/36023\/revisions\/36028"}],"wp:featuredmedia":[{"embeddable":true,"href":"https:\/\/www.czechcyclingfederation.com\/en\/wp-json\/wp\/v2\/media\/36024"}],"wp:attachment":[{"href":"https:\/\/www.czechcyclingfederation.com\/en\/wp-json\/wp\/v2\/media?parent=36023"}],"wp:term":[{"taxonomy":"category","embeddable":true,"href":"https:\/\/www.czechcyclingfederation.com\/en\/wp-json\/wp\/v2\/categories?post=36023"},{"taxonomy":"post_tag","embeddable":true,"href":"https:\/\/www.czechcyclingfederation.com\/en\/wp-json\/wp\/v2\/tags?post=36023"}],"curies":[{"name":"wp","href":"https:\/\/api.w.org\/{rel}","templated":true}]}}