{"id":36005,"date":"2025-06-10T06:40:15","date_gmt":"2025-06-10T04:40:15","guid":{"rendered":"https:\/\/www.czechcyclingfederation.com\/?p=36005"},"modified":"2025-06-10T06:40:17","modified_gmt":"2025-06-10T04:40:17","slug":"ondrej-cink-necekal-jsem-ze-by-vitezstvi-jeste-mohlo-prijit","status":"publish","type":"post","link":"https:\/\/www.czechcyclingfederation.com\/en\/ondrej-cink-necekal-jsem-ze-by-vitezstvi-jeste-mohlo-prijit\/","title":{"rendered":"Ond\u0159ej Cink: Ne\u010dekal jsem, \u017ee by v\u00edt\u011bzstv\u00ed je\u0161t\u011b mohlo p\u0159ij\u00edt"},"content":{"rendered":"\n<p>M\u00edsto bujar\u00fdch oslav senza\u010dn\u00edho v\u00edt\u011bzstv\u00ed v&nbsp;z\u00e1vod\u011b Sv\u011btov\u00e9ho poh\u00e1ru v&nbsp;cross country v&nbsp;Leogangu si dal <strong>Ond\u0159ej Cink<\/strong> s&nbsp;t\u00fdmem jen pozdn\u00ed ve\u010de\u0159i, v&nbsp;jeden\u00e1ct sedl do auta a vydal se s\u00e1m dom\u016f. Cestou zp\u011bt si mohl v&nbsp;hlav\u011b donekone\u010dna p\u0159ehr\u00e1vat, co se mu vlastn\u011b poda\u0159ilo.<\/p>\n\n\n\n<p><strong>Vyhr\u00e1t poprv\u00e9 v&nbsp;kari\u00e9\u0159e z\u00e1vod Sv\u011btov\u00e9ho poh\u00e1ru ve 34 letech, to je celkem unik\u00e1t. P\u0159ekvapilo v\u00e1s to?<\/strong><\/p>\n\n\n\n<p>Hodn\u011b. V\u016fbec jsem ne\u010dekal, \u017ee by n\u011bco takov\u00e9ho je\u0161t\u011b mohlo p\u0159ij\u00edt, i kdy\u017e jsem si to moc p\u0159\u00e1l. Ale \u010dlov\u011bk je trochu realista. V\u00edm, \u017ee konkurence je rok od roku siln\u011bj\u0161\u00ed a vyhr\u00e1t v&nbsp;kombinaci s&nbsp;vy\u0161\u0161\u00edm v\u011bkem je daleko t\u011b\u017e\u0161\u00ed.<\/p>\n\n\n\n<p><strong>Spousta lid\u00ed si asi \u0159\u00edk\u00e1, kde se to ve v\u00e1s vzalo\u2026<\/strong><\/p>\n\n\n\n<p>V\u010detn\u011b m\u011b <em>(\u00fasm\u011bv)<\/em>. Rozhodn\u011b jsem se nec\u00edtil tak, \u017ee bych m\u011bl \u017eivotn\u00ed formu. P\u00e1te\u010dn\u00ed short track m\u011b docela popravil, moc mi nesedl. V&nbsp;noci na sobotu jsem \u0161patn\u011b spal. Nohy byly unaven\u00e9, tak jsem si na trati projel jen dv\u011b kola a sp\u00ed\u0161 jsem odpo\u010d\u00edval. V&nbsp;ned\u011bli od r\u00e1na pr\u0161elo, start byl ve t\u0159i a \u010dlov\u011bk by nejrad\u0161i z\u016fstal v&nbsp;posteli\u2026 Nec\u00edtil jsem se ve sv\u00e9 k\u016f\u017ei, ale p\u0159i z\u00e1vod\u011b to bylo super.<\/p>\n\n\n\n<figure class=\"wp-block-image size-large\"><img loading=\"lazy\" decoding=\"async\" width=\"1024\" height=\"683\" src=\"https:\/\/www.czechcyclingfederation.com\/wp-content\/uploads\/2025\/06\/leogang-3-1024x683.jpg\" alt=\"\" class=\"wp-image-36008\" srcset=\"https:\/\/www.czechcyclingfederation.com\/wp-content\/uploads\/2025\/06\/leogang-3-1024x683.jpg 1024w, https:\/\/www.czechcyclingfederation.com\/wp-content\/uploads\/2025\/06\/leogang-3-300x200.jpg 300w, https:\/\/www.czechcyclingfederation.com\/wp-content\/uploads\/2025\/06\/leogang-3-768x512.jpg 768w, https:\/\/www.czechcyclingfederation.com\/wp-content\/uploads\/2025\/06\/leogang-3-1536x1025.jpg 1536w, https:\/\/www.czechcyclingfederation.com\/wp-content\/uploads\/2025\/06\/leogang-3-1320x880.jpg 1320w, https:\/\/www.czechcyclingfederation.com\/wp-content\/uploads\/2025\/06\/leogang-3.jpg 2048w\" sizes=\"auto, (max-width: 1024px) 100vw, 1024px\" \/><\/figure>\n\n\n\n<p><strong>P\u0159itom takov\u00e9 podm\u00ednky moc v&nbsp;l\u00e1sce nem\u00e1te.<\/strong><\/p>\n\n\n\n<p>Ur\u010dit\u011b ne, i kdy\u017e jednou u\u017e jsem na bahn\u011b taky dok\u00e1zal dojet druh\u00fd. Nem\u00e1m r\u00e1d ty uklouzan\u00e9 sjezdy, dost se v&nbsp;nich tr\u00e1p\u00edm. Ale v&nbsp;ned\u011bli jsem v\u0161echno ust\u00e1l. V\u011bd\u011bl jsem, \u017ee tam mus\u00edm b\u00fdt od za\u010d\u00e1tku co nejv\u00edc vp\u0159edu. Hlavn\u011b kv\u016fli tomu technick\u00e9mu sjezdu, kde se daly jet dv\u011b lajny. J\u00e1 si vybral tu m\u00e9n\u011b riskantn\u00ed. Ve sjezdu nepat\u0159\u00edm mezi nejlep\u0161\u00ed techniky a kdybych si vybral druhou stopu, mohl p\u0159ij\u00edt p\u00e1d. V\u011b\u0159il jsem si na ty v\u00fdjezdy. Ve sjezdech se nedalo moc z\u00edskat, jen ztratit.<\/p>\n\n\n\n<p><strong>V&nbsp;z\u00e1vod\u011b v\u00e1m skv\u011ble vy\u0161el start.<\/strong><\/p>\n\n\n\n<p>Byla to alfa a omega \u00fasp\u011bchu. Otev\u0159ela se mi tam super stopa a najednou jsem byl sedm\u00fd, pak \u010dtvrt\u00fd\u2026<\/p>\n\n\n\n<p><strong>A brzy jste se na \u010dele osamostatnil se \u0160v\u00fdcarem Fl\u00fcckigerem.<\/strong><\/p>\n\n\n\n<p>Hned mi blesklo hlavou, \u017ee je to zase on\u2026 Svedl jsem s&nbsp;n\u00edm spoustu souboj\u016f a v\u017edycky jsem prohr\u00e1l. Pot\u0159eboval jsem to ust\u00e1t v&nbsp;hlav\u011b. \u0158\u00edkal jsem si, \u017ee te\u010f u\u017e to mus\u00edm d\u00e1t.<\/p>\n\n\n\n<figure class=\"wp-block-image size-large\"><img loading=\"lazy\" decoding=\"async\" width=\"1024\" height=\"683\" src=\"https:\/\/www.czechcyclingfederation.com\/wp-content\/uploads\/2025\/06\/leogang-1-1024x683.jpg\" alt=\"\" class=\"wp-image-36010\" srcset=\"https:\/\/www.czechcyclingfederation.com\/wp-content\/uploads\/2025\/06\/leogang-1-1024x683.jpg 1024w, https:\/\/www.czechcyclingfederation.com\/wp-content\/uploads\/2025\/06\/leogang-1-300x200.jpg 300w, https:\/\/www.czechcyclingfederation.com\/wp-content\/uploads\/2025\/06\/leogang-1-768x512.jpg 768w, https:\/\/www.czechcyclingfederation.com\/wp-content\/uploads\/2025\/06\/leogang-1-1536x1025.jpg 1536w, https:\/\/www.czechcyclingfederation.com\/wp-content\/uploads\/2025\/06\/leogang-1-1320x880.jpg 1320w, https:\/\/www.czechcyclingfederation.com\/wp-content\/uploads\/2025\/06\/leogang-1.jpg 2048w\" sizes=\"auto, (max-width: 1024px) 100vw, 1024px\" \/><\/figure>\n\n\n\n<p><strong>Nakonec to vy\u0161lo a osamostatnil jste se na \u010dele.<\/strong><\/p>\n\n\n\n<p>M\u011bl jsem pak kolem 20 vte\u0159in k&nbsp;dobru, ale kdy\u017e v\u00e1m sekne v&nbsp;tom dlouh\u00e9m kopci, d\u00e1 se takov\u00fd n\u00e1skok rychle ztratit. Sna\u017eil jsem se soust\u0159edit jen na sv\u016fj v\u00fdkon, ale ve v\u00edt\u011bzstv\u00ed jsem za\u010dal v\u011b\u0159it a\u017e kdy\u017e jsem jel posledn\u00ed sjezd p\u0159ed c\u00edlem. Jel jsem ho u\u017e v\u00edc na jistotu. V\u011bd\u011bl jsem, \u017ee i kdybych ud\u011blal men\u0161\u00ed chybi\u010dku, bude to v&nbsp;pohod\u011b.<\/p>\n\n\n\n<p><strong>Bezprost\u0159edn\u011b po z\u00e1vod\u011b byla spousta emoc\u00ed. Kdy v\u00e1m naplno do\u0161lo, co jste dok\u00e1zal?<\/strong><\/p>\n\n\n\n<p>Mn\u011b to mo\u017en\u00e1 je\u0161t\u011b po\u0159\u00e1dn\u011b nedo\u0161lo ani te\u010f\u2026 Dostal jsem spoustu gratulac\u00ed, telefon mi m\u00e1lem vybouchl. Za\u017e\u00edval jsem kr\u00e1sn\u00e9 pocity. Dok\u00e1zal jsem n\u011bco, co jsem si celou kari\u00e9ru p\u0159\u00e1l. Cht\u011bl jsem bu\u010f vyhr\u00e1t mistrovstv\u00ed sv\u011bta v&nbsp;elit\u011b nebo z\u00e1vod sv\u011b\u0165\u00e1ku. Tvrd\u011b jsem na to d\u0159el a vy\u0161lo to. A\u017e budu kon\u010dit kari\u00e9ru, budu m\u00edt daleko lep\u0161\u00ed pocity.<\/p>\n\n\n\n<figure class=\"wp-block-image size-large\"><img loading=\"lazy\" decoding=\"async\" width=\"1024\" height=\"683\" src=\"https:\/\/www.czechcyclingfederation.com\/wp-content\/uploads\/2025\/06\/leogang-4-1024x683.jpg\" alt=\"\" class=\"wp-image-36012\" srcset=\"https:\/\/www.czechcyclingfederation.com\/wp-content\/uploads\/2025\/06\/leogang-4-1024x683.jpg 1024w, https:\/\/www.czechcyclingfederation.com\/wp-content\/uploads\/2025\/06\/leogang-4-300x200.jpg 300w, https:\/\/www.czechcyclingfederation.com\/wp-content\/uploads\/2025\/06\/leogang-4-768x512.jpg 768w, https:\/\/www.czechcyclingfederation.com\/wp-content\/uploads\/2025\/06\/leogang-4-1536x1025.jpg 1536w, https:\/\/www.czechcyclingfederation.com\/wp-content\/uploads\/2025\/06\/leogang-4-1320x880.jpg 1320w, https:\/\/www.czechcyclingfederation.com\/wp-content\/uploads\/2025\/06\/leogang-4.jpg 2048w\" sizes=\"auto, (max-width: 1024px) 100vw, 1024px\" \/><\/figure>\n\n\n\n<p><strong>To ale te\u010f po v\u00edt\u011bzstv\u00ed ur\u010dit\u011b ne\u0159e\u0161\u00edte\u2026<\/strong><\/p>\n\n\n\n<p>Jasn\u011b, dod\u00e1 mi to motivaci. V\u00edm, \u017ee to je\u0161t\u011b jde a m\u016f\u017eu pat\u0159it mezi ty nejlep\u0161\u00ed. Ale vyhr\u00e1t je dnes daleko t\u011b\u017e\u0161\u00ed. Nen\u00ed to jak d\u0159\u00edv, kdy sv\u011b\u0165\u00e1ky vyhr\u00e1vali prakticky jen Kulhav\u00fd, Schurter nebo Absalon. Dneska na prvenstv\u00ed m\u016f\u017ee myslet 15 lid\u00ed. Je to i o tom, jak komu sedne dan\u00e1 tra\u0165, jsou hodn\u011b odli\u0161n\u00e9.<\/p>\n\n\n\n<p><strong>Jak to vlastn\u011b m\u00e1te se smlouvou?<\/strong><\/p>\n\n\n\n<p>S&nbsp;Cube Factory Racing m\u00e1m podeps\u00e1no jen na leto\u0161n\u00ed rok. V\u00edt\u011bzstv\u00ed mi v&nbsp;tomhle sm\u011bru ur\u010dit\u011b dod\u00e1 klid a uvid\u00edme, co se vyvrb\u00ed. Bude se to ur\u010dit\u011b \u0159e\u0161it v&nbsp;pr\u016fb\u011bhu sezony. Mus\u00edm se poradit s&nbsp;Frantou Rabon\u011bm, kter\u00fd mi d\u011bl\u00e1 mana\u017eera.<\/p>\n\n\n\n<figure class=\"wp-block-image size-large\"><img loading=\"lazy\" decoding=\"async\" width=\"1024\" height=\"683\" src=\"https:\/\/www.czechcyclingfederation.com\/wp-content\/uploads\/2025\/06\/leogang-2-1024x683.jpg\" alt=\"\" class=\"wp-image-36014\" srcset=\"https:\/\/www.czechcyclingfederation.com\/wp-content\/uploads\/2025\/06\/leogang-2-1024x683.jpg 1024w, https:\/\/www.czechcyclingfederation.com\/wp-content\/uploads\/2025\/06\/leogang-2-300x200.jpg 300w, https:\/\/www.czechcyclingfederation.com\/wp-content\/uploads\/2025\/06\/leogang-2-768x512.jpg 768w, https:\/\/www.czechcyclingfederation.com\/wp-content\/uploads\/2025\/06\/leogang-2-1536x1025.jpg 1536w, https:\/\/www.czechcyclingfederation.com\/wp-content\/uploads\/2025\/06\/leogang-2-1320x880.jpg 1320w, https:\/\/www.czechcyclingfederation.com\/wp-content\/uploads\/2025\/06\/leogang-2.jpg 2048w\" sizes=\"auto, (max-width: 1024px) 100vw, 1024px\" \/><\/figure>\n\n\n\n<p><strong>P\u0159ehodnot\u00edte po va\u0161em v\u00edt\u011bzstv\u00ed v&nbsp;Leogangu pl\u00e1ny na zbytek sezony? Budete m\u00edt vy\u0161\u0161\u00ed c\u00edle?<\/strong><\/p>\n\n\n\n<p>Ur\u010dit\u011b stoj\u00edm d\u00e1l nohama pevn\u011b na zemi, V\u00edme, \u017ee Leogang je moje srdcovka a uvid\u00edme, co bude d\u00e1l. M\u00e1m tam i dal\u0161\u00ed obl\u00edben\u00e9 trat\u011b jako Les Gets, Andorra nebo Lake Placid. S&nbsp;formou, jakou jsem m\u011bl v&nbsp;ned\u011bli, se tam d\u00e1 zajet slu\u0161n\u00fd v\u00fdsledek. Letos bych nav\u00edc r\u00e1d zkusil i mistrovstv\u00ed sv\u011bta v&nbsp;maratonu. Je to ve \u0160v\u00fdcarsku, hodn\u011b t\u011b\u017ek\u00e1 tra\u0165, p\u0159ev\u00fd\u0161en\u00ed 5000 metr\u016f, 125 kilometr\u016f. Jsou tam dlouh\u00e9 kopce, m\u011bly by mi sed\u011bt. A hned t\u00fdden na to je mistrovstv\u00ed sv\u011bta v&nbsp;cross country. V\u011b\u0159\u00edm, \u017ee to zvl\u00e1dnu. I kdy\u017e to bude n\u00e1lo\u017e.<\/p>\n\n\n\n<p><strong>A co va\u0161e dlouhodob\u00e9 pl\u00e1ny? Jak daleko se d\u00edv\u00e1te?<\/strong><\/p>\n\n\n\n<p>Chci jezdit, dokud to p\u016fjde, na tom se nic nem\u011bn\u00ed. Uvid\u00edme sezonu od sezony. Velk\u00fdm snem je p\u00e1t\u00e1 olympi\u00e1da, ta m\u011b hodn\u011b l\u00e1k\u00e1. To je takov\u00e1 posledn\u00ed meta.<\/p>\n\n\n\n<figure class=\"wp-block-image size-large\"><img loading=\"lazy\" decoding=\"async\" width=\"1024\" height=\"683\" src=\"https:\/\/www.czechcyclingfederation.com\/wp-content\/uploads\/2025\/06\/leogang-7-1024x683.jpg\" alt=\"\" class=\"wp-image-36016\" srcset=\"https:\/\/www.czechcyclingfederation.com\/wp-content\/uploads\/2025\/06\/leogang-7-1024x683.jpg 1024w, https:\/\/www.czechcyclingfederation.com\/wp-content\/uploads\/2025\/06\/leogang-7-300x200.jpg 300w, https:\/\/www.czechcyclingfederation.com\/wp-content\/uploads\/2025\/06\/leogang-7-768x512.jpg 768w, https:\/\/www.czechcyclingfederation.com\/wp-content\/uploads\/2025\/06\/leogang-7-1320x880.jpg 1320w, https:\/\/www.czechcyclingfederation.com\/wp-content\/uploads\/2025\/06\/leogang-7.jpg 1365w\" sizes=\"auto, (max-width: 1024px) 100vw, 1024px\" \/><\/figure>\n\n\n\n<p><strong>Nemrz\u00ed v\u00e1s, \u017ee z&nbsp;\u010desk\u00e9ho pohledu je za v\u00e1mi dost velk\u00e1 v\u00fdkonnostn\u00ed propast? Zat\u00edm to moc nevypad\u00e1 na n\u011bjak\u00e9ho n\u00e1stupce, kter\u00fd by byl schopen bojovat o \u010deln\u00ed p\u0159\u00ed\u010dky.<\/strong><\/p>\n\n\n\n<p>Samoz\u0159ejm\u011b m\u011b to mrz\u00ed, proto\u017ee v\u011b\u010dn\u011b jezdit nebudu. Po\u0159\u00e1d v\u011b\u0159\u00edm, \u017ee se to je\u0161t\u011b zm\u011bn\u00ed a n\u011bkdo vylet\u00ed. Kdy\u017e jsem j\u00e1 p\u0159i\u0161el do t\u0159iadvac\u00edtky, byl jsem schopen Jardovi Kulhav\u00e9mu \u0161lapat na paty a n\u011bkdy ho i por\u00e1\u017eet. To tady zat\u00edm chyb\u00ed.<\/p>\n\n\n\n<p>Foto: UCI Mountain Bike, Facebook Ond\u0159eje Cinka<\/p>\n","protected":false},"excerpt":{"rendered":"<p>M\u00edsto bujar\u00fdch oslav senza\u010dn\u00edho v\u00edt\u011bzstv\u00ed v&nbsp;z\u00e1vod\u011b Sv\u011btov\u00e9ho poh\u00e1ru v&nbsp;cross country v&nbsp;Leogangu si dal Ond\u0159ej Cink s&nbsp;t\u00fdmem jen pozdn\u00ed ve\u010de\u0159i, v&nbsp;jeden\u00e1ct sedl do auta a vydal se s\u00e1m dom\u016f. Cestou zp\u011bt si mohl v&nbsp;hlav\u011b donekone\u010dna p\u0159ehr\u00e1vat, co se mu vlastn\u011b poda\u0159ilo. Vyhr\u00e1t poprv\u00e9 v&nbsp;kari\u00e9\u0159e z\u00e1vod Sv\u011btov\u00e9ho poh\u00e1ru ve 34 letech, to je celkem unik\u00e1t. P\u0159ekvapilo v\u00e1s [&hellip;]<\/p>\n","protected":false},"author":15,"featured_media":36006,"comment_status":"closed","ping_status":"open","sticky":false,"template":"","format":"standard","meta":{"footnotes":""},"categories":[6,2],"tags":[10],"class_list":["post-36005","post","type-post","status-publish","format-standard","has-post-thumbnail","hentry","category-mtb","category-novinky","tag-mtb"],"_links":{"self":[{"href":"https:\/\/www.czechcyclingfederation.com\/en\/wp-json\/wp\/v2\/posts\/36005","targetHints":{"allow":["GET"]}}],"collection":[{"href":"https:\/\/www.czechcyclingfederation.com\/en\/wp-json\/wp\/v2\/posts"}],"about":[{"href":"https:\/\/www.czechcyclingfederation.com\/en\/wp-json\/wp\/v2\/types\/post"}],"author":[{"embeddable":true,"href":"https:\/\/www.czechcyclingfederation.com\/en\/wp-json\/wp\/v2\/users\/15"}],"replies":[{"embeddable":true,"href":"https:\/\/www.czechcyclingfederation.com\/en\/wp-json\/wp\/v2\/comments?post=36005"}],"version-history":[{"count":2,"href":"https:\/\/www.czechcyclingfederation.com\/en\/wp-json\/wp\/v2\/posts\/36005\/revisions"}],"predecessor-version":[{"id":36019,"href":"https:\/\/www.czechcyclingfederation.com\/en\/wp-json\/wp\/v2\/posts\/36005\/revisions\/36019"}],"wp:featuredmedia":[{"embeddable":true,"href":"https:\/\/www.czechcyclingfederation.com\/en\/wp-json\/wp\/v2\/media\/36006"}],"wp:attachment":[{"href":"https:\/\/www.czechcyclingfederation.com\/en\/wp-json\/wp\/v2\/media?parent=36005"}],"wp:term":[{"taxonomy":"category","embeddable":true,"href":"https:\/\/www.czechcyclingfederation.com\/en\/wp-json\/wp\/v2\/categories?post=36005"},{"taxonomy":"post_tag","embeddable":true,"href":"https:\/\/www.czechcyclingfederation.com\/en\/wp-json\/wp\/v2\/tags?post=36005"}],"curies":[{"name":"wp","href":"https:\/\/api.w.org\/{rel}","templated":true}]}}