{"id":35997,"date":"2025-06-09T12:30:00","date_gmt":"2025-06-09T10:30:00","guid":{"rendered":"https:\/\/www.czechcyclingfederation.com\/?p=35997"},"modified":"2025-06-09T08:34:40","modified_gmt":"2025-06-09T06:34:40","slug":"kdo-bude-kralem-luzickych-hor-26-malevil-cup-jiz-tento-tyden","status":"publish","type":"post","link":"https:\/\/www.czechcyclingfederation.com\/en\/kdo-bude-kralem-luzickych-hor-26-malevil-cup-jiz-tento-tyden\/","title":{"rendered":"KDO BUDE KR\u00c1LEM LU\u017dICK\u00ddCH HOR? 26. MALEVIL CUP JI\u017d TENTO T\u00ddDEN"},"content":{"rendered":"\n<p>N\u011bkolik stovek bikerek a biker\u016f z 9 zem\u00ed&nbsp;bude st\u00e1t na startu 26. ro\u010dn\u00edku Malevil Cupu.&nbsp;&nbsp;Ten se letos pojede u\u017e v sobotu 14. \u010dervna. A i letos je zapsan\u00fd v&nbsp;kalend\u00e1\u0159i UCI.<\/p>\n\n\n\n<p>Malevil Cup je jedn\u00edm z&nbsp;nejpresti\u017en\u011bj\u0161\u00edch MTB maraton\u016f v&nbsp;\u010cesku, kter\u00fd by si nem\u011bl nechat uj\u00edt \u017e\u00e1dn\u00fd bajker. V uplynul\u00fdch letech ji\u017e dvakr\u00e1t&nbsp;hostil evropsk\u00fd i \u010desk\u00fd \u0161ampion\u00e1t.<\/p>\n\n\n\n<p>Z\u00e1vod l\u00e1k\u00e1 nejlep\u0161\u00ed maratonce i amat\u00e9ry v\u0161ech \u00farovn\u00ed. Mo\u017enost porovnat vlastn\u00ed s\u00edly&nbsp;<br>a zku\u0161enosti s&nbsp;konkurenc\u00ed sk\u00fdt\u00e1 nejednu osobn\u00ed v\u00fdzvu. Malebn\u00e1 krajina i n\u00e1ro\u010dnost trati nab\u00edz\u00ed pro z\u00e1vodn\u00edka velkou \u0161k\u00e1lu emoc\u00ed, kde si vybere to sv\u00e9 opravdu ka\u017ed\u00fd fanou\u0161ek MTB.<\/p>\n\n\n\n<p>Malevilsk\u00e9 trasy nab\u00edz\u00ed to nejlep\u0161\u00ed z Lu\u017eick\u00fdch a \u017ditavsk\u00fdch hor. Na v\u00fdb\u011br z\u00e1vodn\u00edci maj\u00ed ze \u010dty\u0159 tradi\u010dn\u00edch tras. M\u016f\u017eete si vybrat z&nbsp;kr\u00e1lovsk\u00e9 trasy 100 km, kter\u00e1 prov\u011b\u0159\u00ed nejzku\u0161en\u011bj\u0161\u00ed. Ze st\u0159edn\u00ed 70 km, kde v\u00e1s nemine v\u00fdjezd na Hvozd. D\u00e1le 50 km pro ty, kte\u0159\u00ed si netroufaj\u00ed absolvovat stoup\u00e1n\u00ed na nejvy\u0161\u0161\u00ed bod tras, ale p\u0159esto se cht\u011bj\u00ed vy\u0159\u00e1dit&nbsp;<br>na mnoha jin\u00fdch zaj\u00edmav\u00fdch pr\u016fjezdech. A jako nejkrat\u0161\u00ed, pohodov\u00e1 30 km trasa.&nbsp;<\/p>\n\n\n\n<figure class=\"wp-block-image size-large\"><img loading=\"lazy\" decoding=\"async\" width=\"1024\" height=\"683\" src=\"https:\/\/www.czechcyclingfederation.com\/wp-content\/uploads\/2025\/06\/MC-20-FOTO-MILOS-LUBAS-1024x683.jpg\" alt=\"\" class=\"wp-image-36000\" srcset=\"https:\/\/www.czechcyclingfederation.com\/wp-content\/uploads\/2025\/06\/MC-20-FOTO-MILOS-LUBAS-1024x683.jpg 1024w, https:\/\/www.czechcyclingfederation.com\/wp-content\/uploads\/2025\/06\/MC-20-FOTO-MILOS-LUBAS-300x200.jpg 300w, https:\/\/www.czechcyclingfederation.com\/wp-content\/uploads\/2025\/06\/MC-20-FOTO-MILOS-LUBAS-768x512.jpg 768w, https:\/\/www.czechcyclingfederation.com\/wp-content\/uploads\/2025\/06\/MC-20-FOTO-MILOS-LUBAS-1536x1024.jpg 1536w, https:\/\/www.czechcyclingfederation.com\/wp-content\/uploads\/2025\/06\/MC-20-FOTO-MILOS-LUBAS-1320x880.jpg 1320w, https:\/\/www.czechcyclingfederation.com\/wp-content\/uploads\/2025\/06\/MC-20-FOTO-MILOS-LUBAS.jpg 1600w\" sizes=\"auto, (max-width: 1024px) 100vw, 1024px\" \/><\/figure>\n\n\n\n<p>Malevil Cup tradi\u010dn\u011b startuje na n\u00e1m\u011bst\u00ed v&nbsp;Jablonn\u00e9m v&nbsp;Podje\u0161t\u011bd\u00ed. Prvn\u00ed atraktivn\u00ed pas\u00e1\u017e p\u0159ich\u00e1z\u00ed v&nbsp;\u00favodn\u00edch kilometrech pr\u016fjezdem \u010ceskou br\u00e1nou a p\u0159\u00edrodn\u00edm singletrailem do Hr\u00e1dku nad Nisou. Skvost trati p\u0159ijde na \u0159adu po p\u0159ejezdu st\u00e1tn\u00ed hranice do n\u011bmeck\u00e9 \u010d\u00e1sti. Zde na z\u00e1vodn\u00edky \u010dek\u00e1 tradi\u010dn\u00ed pr\u016fjezd l\u00e1ze\u0148sk\u00fdm m\u011bstem Oybin a v\u00fdzva v&nbsp;podob\u011b zdol\u00e1n\u00ed nejt\u011b\u017e\u0161\u00edho stoup\u00e1n\u00ed na trase na vrchol Hvozd. Pr\u00e1v\u011b zde se \u010dasto z\u00e1vod rozhoduje. N\u00e1ro\u010dn\u00e1 je i pas\u00e1\u017e kolem dominantn\u00edho vrcholu Lu\u017e.<\/p>\n\n\n\n<p>Na kr\u00e1lovsk\u00e9 trase dlouh\u00e9 100 km s p\u0159ev\u00fd\u0161en\u00edm 2300 m se o\u010dek\u00e1v\u00e1 nap\u00ednav\u00fd souboj mezi n\u011bkolika hlavn\u00edmi favority. Mezi nimi se bude cht\u00edt prosadit p\u0159edev\u0161\u00edm duo t\u00fdmu Superior, Filip Adel, v\u00edt\u011bz z let 2015 a 2020, a Vojt\u011bch Neradil. Na startu v Jablonn\u00e9m nebude chyb\u011bt ani sou\u010dasn\u00fd maratonsk\u00fd \u0161ampion Polska, Pawel Bernas (Mazowsze Serce Polski). Podle posledn\u00edch informac\u00ed by svou premi\u00e9ru na Malevilu m\u011bl za\u017e\u00edt Martin Frey (GER, Singer KTM Racing), kter\u00fd se tak m\u016f\u017ee \u0159adit za jednoho z hlavn\u00edch favorit\u016f. Favoritkou \u017eensk\u00e9ho pole je aktu\u00e1ln\u00ed maratonsk\u00e1 mistryn\u011b Milena Kala\u0161ov\u00e1 (K3 PERFORMANCE).<\/p>\n\n\n\n<p><strong>Aktu\u00e1ln\u00ed informace<\/strong><\/p>\n\n\n\n<p>\u201ePrvn\u00ed zm\u011bnou je&nbsp;n\u00e1vrat na p\u0159\u00edrodn\u00ed trail a pr\u016fjezd&nbsp;skrz \u010ceskou br\u00e1nou. Zde prob\u011bhla t\u011b\u017eba k\u016frovcov\u00e9ho d\u0159eva, kter\u00e9 hrozilo p\u00e1dem. D\u00edky tomu \u00fadol\u00ed uk\u00e1zalo ikonick\u00e9 skaln\u00ed v\u011b\u017ee. Druh\u00e1 zm\u011bna trasy plat\u00ed u\u017e jen pro dv\u011b del\u0161\u00ed trasy, tedy pro 70 a 100 km trasu.&nbsp;<br>Po p\u0159ejezdu hranice do n\u011bmeck\u00e9 \u010d\u00e1sti. Trasa op\u011bt povede pod\u00e9l silnice na \u017ditavu pod z\u0159\u00edceninou hradu Karlsfried, tak jak to bylo v minul\u00fdch letech. Posledn\u00ed aktu\u00e1ln\u00ed zm\u011bnou je vynech\u00e1n\u00ed Pra\u017esk\u00e9 cesty na 100 km trase. V&nbsp;t\u00e9to lokalit\u011b prob\u011bhla t\u011b\u017eba d\u0159eva a cesta se ji\u017e nestihne do z\u00e1vodu upravit\u201c, dod\u00e1v\u00e1 \u0161\u00e9f po\u0159adatelsk\u00e9ho t\u00fdmu Radek Patr\u00e1k.<\/p>\n\n\n\n<p>Jednotliv\u00e9 mapy tras si m\u016f\u017eete prohl\u00e9dnout&nbsp;<a href=\"https:\/\/malevilcup.cz\/index.php\/malevil-cup\/informace\/mapy-a-profily\">ZDE<\/a>.<\/p>\n\n\n\n<figure class=\"wp-block-image size-large\"><img loading=\"lazy\" decoding=\"async\" width=\"1024\" height=\"681\" src=\"https:\/\/www.czechcyclingfederation.com\/wp-content\/uploads\/2025\/06\/MC-6-FOTO-ANNA-SIMA-KOPKOVA-1024x681.jpg\" alt=\"\" class=\"wp-image-36002\" srcset=\"https:\/\/www.czechcyclingfederation.com\/wp-content\/uploads\/2025\/06\/MC-6-FOTO-ANNA-SIMA-KOPKOVA-1024x681.jpg 1024w, https:\/\/www.czechcyclingfederation.com\/wp-content\/uploads\/2025\/06\/MC-6-FOTO-ANNA-SIMA-KOPKOVA-300x200.jpg 300w, https:\/\/www.czechcyclingfederation.com\/wp-content\/uploads\/2025\/06\/MC-6-FOTO-ANNA-SIMA-KOPKOVA-768x511.jpg 768w, https:\/\/www.czechcyclingfederation.com\/wp-content\/uploads\/2025\/06\/MC-6-FOTO-ANNA-SIMA-KOPKOVA-1536x1022.jpg 1536w, https:\/\/www.czechcyclingfederation.com\/wp-content\/uploads\/2025\/06\/MC-6-FOTO-ANNA-SIMA-KOPKOVA-1320x878.jpg 1320w, https:\/\/www.czechcyclingfederation.com\/wp-content\/uploads\/2025\/06\/MC-6-FOTO-ANNA-SIMA-KOPKOVA.jpg 1920w\" sizes=\"auto, (max-width: 1024px) 100vw, 1024px\" \/><\/figure>\n\n\n\n<p>Pozor pro v\u0161echny, kte\u0159\u00ed odkl\u00e1daj\u00ed registraci na posledn\u00ed chv\u00edli. Pokud se zaregistrujete mezi 9. &#8211; 12. 6. nebo na m\u00edst\u011b, ob\u010derstven\u00ed v c\u00edli (j\u00eddlo) ji\u017e nebude zahrnuto ve startovn\u00e9m. Pokud si tedy chcete zajistit ob\u010derstven\u00ed v&nbsp;c\u00edli, registrujte se a uhra\u010fte startovn\u00e9 nejpozd\u011bji tak, aby bylo p\u0159ips\u00e1no do 8. 6. 2025.&nbsp;Registrace do z\u00e1vodu najdete na&nbsp;<a href=\"http:\/\/www.malevilcup.cz\/\" target=\"_blank\" rel=\"noreferrer noopener\">www.malevilcup.cz<\/a><\/p>\n\n\n\n<p><strong>Novinky 26. ro\u010dn\u00edku Malevil Cupu<\/strong><\/p>\n\n\n\n<p>Rok 2025 p\u0159in\u00e1\u0161\u00ed novou kategorii, a to dvojice \u017eeny na 50 km trase. Je to ide\u00e1ln\u00ed p\u0159\u00edle\u017eitost pro v\u0161echny bikerky, kter\u00e9 cht\u011bj\u00ed za\u017e\u00edt z\u00e1vodn\u00ed atmosf\u00e9ru ve dvojici.<br>Loni se novinka gravel kategorie osv\u011bd\u010dila, tak\u017ee i letos si mohou na Malevil Cupu zaz\u00e1vodit vyznava\u010di \u0161t\u011brkolet\u016f a to na trase 50 km.<\/p>\n\n\n\n<p><br>Po\u0159adatel\u00e9 z&nbsp;Jablonn\u00e9ho se dr\u017e\u00ed hesla, \u017ee Malevil je pro v\u0161echny. Proto&nbsp;<br>je i letos sou\u010d\u00e1st\u00ed sobotn\u00ed Cykloj\u00edzda jako rodinn\u00fd v\u00fdlet po okol\u00ed Jablonn\u00e9ho&nbsp;<br>s c\u00edlem v&nbsp;resortu Malevil. Cel\u00fd program uzav\u0159e tradi\u010dn\u00ed bike party.<\/p>\n\n\n\n<p><strong>Malevilsk\u00e9 jistoty<\/strong><\/p>\n\n\n\n<p>Technick\u00e9 zabezpe\u010den\u00ed a slu\u017eby pro z\u00e1vodn\u00edky jsou na Malevilu ve vysok\u00e9m standardu. Profesion\u00e1ln\u00ed technick\u00e1 pomoc od mechanik\u016f Authoru bude na n\u011bkolika ob\u010derstvova\u010dk\u00e1ch maratonu.&nbsp;<\/p>\n\n\n\n<p>Bezpe\u010dnost je tak\u00e9 prioritou, proto je po trase na celkem 22 z\u00e1chran\u00e1\u0159\u016f z&nbsp;\u0159ad IZS, Horsk\u00e9 slu\u017eby Jizersk\u00e9 hory, Sask\u00e9 horsk\u00e9 slu\u017eby a N\u011bmeck\u00e9ho \u010derven\u00e9ho k\u0159\u00ed\u017ee.<\/p>\n\n\n\n<p>Ve startovn\u00edm bal\u00ed\u010dku najdete voln\u00e9 vstupenky na hrad Oybin, na vyhl\u00eddkovou v\u011b\u017e v&nbsp;Jablonn\u00e9m a do katakomb v&nbsp;bazilice sv. Vav\u0159ince a sv. Zdislavy, kter\u00e9 stoj\u00ed&nbsp;<br>za to vyu\u017e\u00edt.&nbsp;D\u00e1le pak vosk na \u0159et\u011bz Squirt, \u010di energetick\u00e9 dopl\u0148ky Enervit.<\/p>\n\n\n\n<p>Slosov\u00e1n\u00ed o ceny je na Malevilu samostatn\u00e1 kapitola. Nab\u00edz\u00ed se tak mo\u017enost vyhr\u00e1t jednu z&nbsp;hlavn\u00edch cen gravel AUTHOR Ronin, profesion\u00e1ln\u00ed mont\u00e1\u017en\u00ed stojan Park Tool, wapku Nilfisk a dal\u0161\u00ed atraktivn\u00ed ceny.<\/p>\n\n\n\n<p><strong>Rady a tipy!<\/strong><\/p>\n\n\n\n<p>Po\u0159adatel\u00e9 vyz\u00fdvaj\u00ed, aby si v\u0161ichni \u00fa\u010dastn\u00edci d\u00e1vali velk\u00fd pozor na sv\u00e1 kola&nbsp;<br>i osobn\u00ed v\u011bci. Ka\u017edoro\u010dn\u011b podobn\u00e9 akce l\u00e1kaj\u00ed zlod\u011bje. Policie \u010cR p\u0159isl\u00edbila jako ka\u017ed\u00fd rok svou sou\u010dinnost, p\u0159esto vyu\u017eijte mo\u017enosti st\u0159e\u017een\u00e9ho depa.&nbsp;<\/p>\n\n\n\n<p>V\u00edce informac\u00ed k&nbsp;Malevil Cupu najdete na&nbsp;<a href=\"http:\/\/www.malevilcup.cz\/\" target=\"_blank\" rel=\"noreferrer noopener\">www.malevilcup.cz<\/a><\/p>\n","protected":false},"excerpt":{"rendered":"<p>N\u011bkolik stovek bikerek a biker\u016f z 9 zem\u00ed&nbsp;bude st\u00e1t na startu 26. ro\u010dn\u00edku Malevil Cupu.&nbsp;&nbsp;Ten se letos pojede u\u017e v sobotu 14. \u010dervna. A i letos je zapsan\u00fd v&nbsp;kalend\u00e1\u0159i UCI. Malevil Cup je jedn\u00edm z&nbsp;nejpresti\u017en\u011bj\u0161\u00edch MTB maraton\u016f v&nbsp;\u010cesku, kter\u00fd by si nem\u011bl nechat uj\u00edt \u017e\u00e1dn\u00fd bajker. V uplynul\u00fdch letech ji\u017e dvakr\u00e1t&nbsp;hostil evropsk\u00fd i \u010desk\u00fd \u0161ampion\u00e1t. [&hellip;]<\/p>\n","protected":false},"author":30,"featured_media":35998,"comment_status":"closed","ping_status":"open","sticky":false,"template":"","format":"standard","meta":{"footnotes":""},"categories":[6,2],"tags":[10],"class_list":["post-35997","post","type-post","status-publish","format-standard","has-post-thumbnail","hentry","category-mtb","category-novinky","tag-mtb"],"_links":{"self":[{"href":"https:\/\/www.czechcyclingfederation.com\/en\/wp-json\/wp\/v2\/posts\/35997","targetHints":{"allow":["GET"]}}],"collection":[{"href":"https:\/\/www.czechcyclingfederation.com\/en\/wp-json\/wp\/v2\/posts"}],"about":[{"href":"https:\/\/www.czechcyclingfederation.com\/en\/wp-json\/wp\/v2\/types\/post"}],"author":[{"embeddable":true,"href":"https:\/\/www.czechcyclingfederation.com\/en\/wp-json\/wp\/v2\/users\/30"}],"replies":[{"embeddable":true,"href":"https:\/\/www.czechcyclingfederation.com\/en\/wp-json\/wp\/v2\/comments?post=35997"}],"version-history":[{"count":1,"href":"https:\/\/www.czechcyclingfederation.com\/en\/wp-json\/wp\/v2\/posts\/35997\/revisions"}],"predecessor-version":[{"id":36004,"href":"https:\/\/www.czechcyclingfederation.com\/en\/wp-json\/wp\/v2\/posts\/35997\/revisions\/36004"}],"wp:featuredmedia":[{"embeddable":true,"href":"https:\/\/www.czechcyclingfederation.com\/en\/wp-json\/wp\/v2\/media\/35998"}],"wp:attachment":[{"href":"https:\/\/www.czechcyclingfederation.com\/en\/wp-json\/wp\/v2\/media?parent=35997"}],"wp:term":[{"taxonomy":"category","embeddable":true,"href":"https:\/\/www.czechcyclingfederation.com\/en\/wp-json\/wp\/v2\/categories?post=35997"},{"taxonomy":"post_tag","embeddable":true,"href":"https:\/\/www.czechcyclingfederation.com\/en\/wp-json\/wp\/v2\/tags?post=35997"}],"curies":[{"name":"wp","href":"https:\/\/api.w.org\/{rel}","templated":true}]}}