{"id":35981,"date":"2025-06-08T21:32:44","date_gmt":"2025-06-08T19:32:44","guid":{"rendered":"https:\/\/www.czechcyclingfederation.com\/?p=35981"},"modified":"2025-06-08T21:32:47","modified_gmt":"2025-06-08T19:32:47","slug":"slamova-vitezkou-mnd-cupu-v-belci-juniorum-vladla-dukla","status":"publish","type":"post","link":"https:\/\/www.czechcyclingfederation.com\/en\/slamova-vitezkou-mnd-cupu-v-belci-juniorum-vladla-dukla\/","title":{"rendered":"Sl\u00e1mov\u00e1 v\u00edt\u011bzkou MND Cupu v\u00a0B\u011bl\u010di, junior\u016fm vl\u00e1dla Dukla"},"content":{"rendered":"\n<p><strong>Denisa Sl\u00e1mov\u00e1<\/strong> vyhr\u00e1la \u010dtvrt\u00fd z\u00e1vod \u010cesk\u00e9ho poh\u00e1ru v&nbsp;silni\u010dn\u00ed cyklistice ml\u00e1de\u017ee a \u017een MND Cupu, kter\u00fd se jel v&nbsp;B\u011bl\u010di. Kategorii junior\u016f ovl\u00e1dli z\u00e1vodn\u00edci Dukly Praha, kte\u0159\u00ed brali prvn\u00ed a t\u0159et\u00ed m\u00edsto.<\/p>\n\n\n\n<p>Sl\u00e1mov\u00e1, kter\u00e1 je \u010dlenkou irsk\u00e9 st\u00e1je Torelli, prom\u011bnila sv\u016fj prvn\u00ed poh\u00e1rov\u00fd start v&nbsp;leto\u0161n\u00edm roce ve v\u00edt\u011bzstv\u00ed, zbytek pelotonu porazila rozd\u00edlem t\u0159\u00eddy.<\/p>\n\n\n\n<p><em>\u201eV\u00fdkonnostn\u011b to bylo dobr\u00e9, jsem spokojen\u00e1. Letos to pro m\u011b byl jeden z&nbsp;prvn\u00edch z\u00e1vod\u016f, moc jsem toho neodjela. M\u011bla jsem po Covidu dost velk\u00e9 zdravotn\u00ed probl\u00e9my a nemohla jsem moc tr\u00e9novat, tak jsem r\u00e1da,\u201c<\/em> uvedla Sl\u00e1mov\u00e1.<\/p>\n\n\n\n<p>\u201eZkou\u0161ela jsem to n\u011bkolikr\u00e1t roztrhat, ale holky m\u011b ve sjezdu v\u017edycky sjely. Poda\u0159ilo se mi odjet a\u017e v&nbsp;posledn\u00edm kole, kdy jsem se po kopci odpoutala a jela sama do c\u00edle,\u201c popisovala z\u00e1vod.<\/p>\n\n\n\n<p>Ob\u010dasn\u00fd d\u00e9\u0161\u0165 v\u00edt\u011bzce dost vadil. \u201eKolo na mokru tak dob\u0159e neovl\u00e1d\u00e1m, proto\u017ee nejezd\u00edm a\u017e tak dlouho. Na\u0161t\u011bst\u00ed tra\u0165 v&nbsp;pr\u016fb\u011bhu z\u00e1vodu uschla a u\u017e jsem se c\u00edtila l\u00e9pe,\u201c \u0159ekla mistryn\u011b republiky v&nbsp;\u010dasovce z&nbsp;roku 2022, kter\u00e1 i letos na dom\u00e1c\u00edm \u0161ampion\u00e1tu zam\u011b\u0159\u00ed sv\u00e9 \u00fasil\u00ed na \u010dasovku. \u201eBudu r\u00e1da za jakoukoliv medaili,\u201c prozradila.<\/p>\n\n\n\n<figure class=\"wp-block-image size-large\"><img loading=\"lazy\" decoding=\"async\" width=\"1024\" height=\"684\" src=\"https:\/\/www.czechcyclingfederation.com\/wp-content\/uploads\/2025\/06\/juniori-bedna-1024x684.jpeg\" alt=\"\" class=\"wp-image-35984\" srcset=\"https:\/\/www.czechcyclingfederation.com\/wp-content\/uploads\/2025\/06\/juniori-bedna-1024x684.jpeg 1024w, https:\/\/www.czechcyclingfederation.com\/wp-content\/uploads\/2025\/06\/juniori-bedna-300x200.jpeg 300w, https:\/\/www.czechcyclingfederation.com\/wp-content\/uploads\/2025\/06\/juniori-bedna-768x513.jpeg 768w, https:\/\/www.czechcyclingfederation.com\/wp-content\/uploads\/2025\/06\/juniori-bedna-1536x1027.jpeg 1536w, https:\/\/www.czechcyclingfederation.com\/wp-content\/uploads\/2025\/06\/juniori-bedna-1320x882.jpeg 1320w, https:\/\/www.czechcyclingfederation.com\/wp-content\/uploads\/2025\/06\/juniori-bedna.jpeg 1616w\" sizes=\"auto, (max-width: 1024px) 100vw, 1024px\" \/><\/figure>\n\n\n\n<p>Kategorii junior\u016f ovl\u00e1dli jezdci Dukly Praha. Zv\u00edt\u011bzil <strong>\u0160imon Mat\u011bjek<\/strong> a jeho st\u00e1jov\u00fd kolega <strong>Franti\u0161ek Herman<\/strong> skon\u010dil t\u0159et\u00ed. Mezi n\u011b se dok\u00e1zal vkl\u00ednit <strong>Ji\u0159\u00ed Rejzek<\/strong> (Roman Kreuziger Cycling Academy).<\/p>\n\n\n\n<p><em>\u201eVe t\u0159et\u00edm kole n\u00e1s odjelo osm, pak se skupina zten\u010dila na p\u011bt lid\u00ed a v&nbsp;posledn\u00edm okruhu jsme odjeli ve t\u0159ech. Byli jsme tam z&nbsp;t\u00fdmu ve dvou a cht\u011bli jsme po\u010detn\u00ed p\u0159evahu z\u00faro\u010dit. Jsem r\u00e1d, \u017ee se to povedlo. Tra\u0165 mi vyhovovala, z&nbsp;v\u00edt\u011bzstv\u00ed m\u00e1m velkou radost,\u201c<\/em> p\u0159iznal \u0160imon Mat\u011bjek.<\/p>\n\n\n\n<p class=\"has-medium-font-size\"><strong>P\u0159ehled v\u00fdsledk\u016f<\/strong><\/p>\n\n\n\n<p><strong>\u017deny <\/strong>(73,6 km): 1. Sl\u00e1mov\u00e1 (Cyklotr\u00e9nink) 2:06:46, 2. Drbohlavov\u00e1 (Lawi Junior Team) +2:47, 3. Dubcov\u00e1 (VIF Cycling Team) +5:32. <strong>MND Cup pr\u016fb\u011b\u017en\u011b: <\/strong>1. Dubcov\u00e1 260.<\/p>\n\n\n\n<p><strong>Junio\u0159i <\/strong>(92 km): 1. Mat\u011bjek (Dukla Praha) 2:14:58, 2. Rejzek (Roman Kreuziger Cycling Academy) stejn\u00fd \u010das, 3. Herman (Dukla Praha) +3, 4. Dvo\u0159\u00e1k (Roman Kreuziger Cycling Academy), 5. Svoboda (Brilon Racing Team MB) oba +11. <strong>MND Cup: <\/strong>1. Pit\u00e1k (Mapei Merida Ka\u0148kovsk\u00fd) 367.<\/p>\n\n\n\n<p><strong>Juniorky <\/strong>(73,6 km): 1. Hezinov\u00e1 (Watersley R&amp;D Cycling Team) 2:07:58, 2. Drhov\u00e1 (Brilon Racing Team MB), 3. Kysilkov\u00e1 (BB com) ob\u011b stejn\u00fd \u010das. <strong>MND Cup: <\/strong>1. Drhov\u00e1 306.<\/p>\n\n\n\n<p><strong>Kadeti <\/strong>(73,6 km): 1. Rybansk\u00fd (SR) 1:54:45, 2. Kala\u0161 (Stadion Louny), 3. Z\u00e1chensk\u00fd (SR) oba stejn\u00fd \u010das. <strong>MND Cup:<\/strong> 1. Kala\u0161 353. <strong>Kadetky <\/strong>(55,2 km): 1. E. Galovi\u010dov\u00e1 1:25:15, 2. A. Galovi\u010dov\u00e1 (ob\u011b SR) +4:34, 3. Rothbauerov\u00e1 (Lyko klub Prachatice) +8:47. <strong>MND Cup: <\/strong>1. Rothbauerov\u00e1 305.<\/p>\n\n\n\n<p><strong>Star\u0161\u00ed \u017e\u00e1ci <\/strong>(55,2 km): 1. Jindr\u00e1k (Mapei Merida Ka\u0148kovsk\u00fd) 1:32:19. <strong>Star\u0161\u00ed \u017e\u00e1kyn\u011b <\/strong>(18,4 km): 1. Burs\u00edkov\u00e1 (Expres CZ-BMD Team Kol\u00edn) 32:01. <strong>Mlad\u0161\u00ed \u017e\u00e1ci <\/strong>(18,4 km): 1. Galovi\u010d (SR) 31:57. <strong>Mlad\u0161\u00ed \u017e\u00e1kyn\u011b <\/strong>(18,4 km):1. K\u0159iv\u00e1nkov\u00e1 (\u010cEZ Cykloteam T\u00e1bor) 35:12.<\/p>\n\n\n\n<p>Foto: Tom\u00e1\u0161 Je\u017eek<\/p>\n","protected":false},"excerpt":{"rendered":"<p>Denisa Sl\u00e1mov\u00e1 vyhr\u00e1la \u010dtvrt\u00fd z\u00e1vod \u010cesk\u00e9ho poh\u00e1ru v&nbsp;silni\u010dn\u00ed cyklistice ml\u00e1de\u017ee a \u017een MND Cupu, kter\u00fd se jel v&nbsp;B\u011bl\u010di. Kategorii junior\u016f ovl\u00e1dli z\u00e1vodn\u00edci Dukly Praha, kte\u0159\u00ed brali prvn\u00ed a t\u0159et\u00ed m\u00edsto. Sl\u00e1mov\u00e1, kter\u00e1 je \u010dlenkou irsk\u00e9 st\u00e1je Torelli, prom\u011bnila sv\u016fj prvn\u00ed poh\u00e1rov\u00fd start v&nbsp;leto\u0161n\u00edm roce ve v\u00edt\u011bzstv\u00ed, zbytek pelotonu porazila rozd\u00edlem t\u0159\u00eddy. \u201eV\u00fdkonnostn\u011b to bylo dobr\u00e9, [&hellip;]<\/p>\n","protected":false},"author":15,"featured_media":35982,"comment_status":"closed","ping_status":"open","sticky":false,"template":"","format":"standard","meta":{"footnotes":""},"categories":[2,18],"tags":[11],"class_list":["post-35981","post","type-post","status-publish","format-standard","has-post-thumbnail","hentry","category-novinky","category-silnice","tag-silnice"],"_links":{"self":[{"href":"https:\/\/www.czechcyclingfederation.com\/en\/wp-json\/wp\/v2\/posts\/35981","targetHints":{"allow":["GET"]}}],"collection":[{"href":"https:\/\/www.czechcyclingfederation.com\/en\/wp-json\/wp\/v2\/posts"}],"about":[{"href":"https:\/\/www.czechcyclingfederation.com\/en\/wp-json\/wp\/v2\/types\/post"}],"author":[{"embeddable":true,"href":"https:\/\/www.czechcyclingfederation.com\/en\/wp-json\/wp\/v2\/users\/15"}],"replies":[{"embeddable":true,"href":"https:\/\/www.czechcyclingfederation.com\/en\/wp-json\/wp\/v2\/comments?post=35981"}],"version-history":[{"count":1,"href":"https:\/\/www.czechcyclingfederation.com\/en\/wp-json\/wp\/v2\/posts\/35981\/revisions"}],"predecessor-version":[{"id":35986,"href":"https:\/\/www.czechcyclingfederation.com\/en\/wp-json\/wp\/v2\/posts\/35981\/revisions\/35986"}],"wp:featuredmedia":[{"embeddable":true,"href":"https:\/\/www.czechcyclingfederation.com\/en\/wp-json\/wp\/v2\/media\/35982"}],"wp:attachment":[{"href":"https:\/\/www.czechcyclingfederation.com\/en\/wp-json\/wp\/v2\/media?parent=35981"}],"wp:term":[{"taxonomy":"category","embeddable":true,"href":"https:\/\/www.czechcyclingfederation.com\/en\/wp-json\/wp\/v2\/categories?post=35981"},{"taxonomy":"post_tag","embeddable":true,"href":"https:\/\/www.czechcyclingfederation.com\/en\/wp-json\/wp\/v2\/tags?post=35981"}],"curies":[{"name":"wp","href":"https:\/\/api.w.org\/{rel}","templated":true}]}}